{"id":1068,"date":"2024-01-31T14:43:59","date_gmt":"2024-01-31T13:43:59","guid":{"rendered":"http:\/\/5.45.101.177\/haut-allier\/usagers-transportse\/index.php\/2024\/01\/31\/cper-volet-mobilites-en-auvergne1068\/"},"modified":"2024-01-31T14:43:59","modified_gmt":"2024-01-31T13:43:59","slug":"cper-volet-mobilites-en-auvergne1068","status":"publish","type":"post","link":"https:\/\/usagers-transports.haut-allier.eu\/index.php\/2024\/01\/31\/cper-volet-mobilites-en-auvergne1068\/","title":{"rendered":"CPER volet mobilit\u00e9s en Auvergne Rh\u00f4ne Alpes : un accord R\u00e9gion \/ Etat trouv\u00e9"},"content":{"rendered":"<p>Le Collectif des 18 organisations d&rsquo;usagers d&rsquo;Aura se r\u00e9jouit qu&rsquo;un accord ait \u00e9t\u00e9 enfin trouv\u00e9 entre la R\u00e9gion Auvergne Rh\u00f4ne Alpes et l&rsquo;Etat, d&rsquo;une part sur le financement du Lyon &#8211; Turin et surtout sur le Contrat de Plan Etat R\u00e9gion qui nous int\u00e9resse plus. Nos collectifs et associations se permettent de penser qu&rsquo;elles n&rsquo;y sont pas totalement \u00e9trang\u00e8res avec la pression qui a \u00e9t\u00e9 mise.<\/p>\n<p>Selon Laurent Wauquiez \u00ab\u00a0L&rsquo;\u00c9tat augmente ses investissements sur les mobilit\u00e9s notamment sur les petites lignes ferroviaires, avec 50 millions d&rsquo;euros en plus, sur les voies vertes 30 millions et sur l&rsquo;entretien des ouvrages d&rsquo;art, 25 millions\u00a0\u00bb. Selon Christophe B\u00e9chu, ministre de la transition \u00e9cologique, \u00ab\u00a0L&rsquo;\u00c9tat et la R\u00e9gion augmentent leurs engagements respectifs de plus de 70 millions d&rsquo;euros suppl\u00e9mentaires\u00a0\u00bb dans le contrat de plan pour les porter \u00e0 690 millions chacun. L&rsquo;accord concerne aussi \u00e0 plus court terme la modernisation de la ligne Paris-Clermont, selon la m\u00eame source.<\/p>\n<p>Il y a donc un progr\u00e8s significatif mais il reste \u00e0 savoir le d\u00e9tail, comment va \u00eatre ventil\u00e9 ce budget, quelle part r\u00e9elle pour le ferroviaire du quotidien. Et puis quid des 30M d&rsquo;euros pour les voies vertes ? M\u00e9fiance.<\/p>\n<p>C&rsquo;est la presse lyonnaise qui nous l&rsquo;a appris, \u00e0 bien lire entre les lignes :<\/p>\n<p>&#8211; BFM TV Lyon : <a href=\"https:\/\/www.bfmtv.com\/lyon\/lyon-turin-le-dossier-de-financement-pour-les-etudes-du-trace-francais-est-boucle_AD-202401290918.html\"><em>LYON-TURIN: LE DOSSIER DE FINANCEMENT POUR LES \u00c9TUDES DU TRAC\u00c9 FRAN\u00c7AIS EST BOUCL\u00c9<\/em><\/a><\/p>\n<p>&#8211; Lyon Mag : <a href=\"https:\/\/www.lyonmag.com\/article\/134326\/lyon-turin-la-france-boucle-son-tour-de-table-in-extremis-pour-obtenir-la-subvention-de-l-union-europeenne\"><em>Lyon-Turin &#8211; la France boucle son tour de table in extremis pour obtenir la subvention de l&rsquo;Union europ\u00e9enne<\/em><\/a><\/p>\n<p>&#8211; Le Progr\u00e8s : <a href=\"https:\/\/www.leprogres.fr\/environnement\/2024\/01\/31\/lyon-turin-l-echec-n-etait-pas-une-option-pour-christophe-bechu#Echobox=1706687672-1\"><em>Lyon-Turin &#8211; \u00abL\u2019\u00e9chec n\u2019\u00e9tait pas une option\u00bb pour Christophe B\u00e9chu<\/em><\/a><\/p>\n<p><em>Notre rencontre avec Madame la Pr\u00e9f\u00e8te de R\u00e9gion<\/em><br \/>\n<img loading=\"lazy\" decoding=\"async\" class=\" aligncenter size-full wp-image-4898\" src=\"http:\/\/5.45.101.177\/haut-allier\/usagers-transportse\/wp-content\/uploads\/2024\/01\/img_20240103_173204-1500.jpg\" alt=\"img_20240103_173204-1500.jpg\" align=\"center\" width=\"1500\" height=\"1125\" srcset=\"https:\/\/usagers-transports.haut-allier.eu\/wp-content\/uploads\/2024\/01\/img_20240103_173204-1500.jpg 1500w, https:\/\/usagers-transports.haut-allier.eu\/wp-content\/uploads\/2024\/01\/img_20240103_173204-1500-300x225.jpg 300w, https:\/\/usagers-transports.haut-allier.eu\/wp-content\/uploads\/2024\/01\/img_20240103_173204-1500-1024x768.jpg 1024w, https:\/\/usagers-transports.haut-allier.eu\/wp-content\/uploads\/2024\/01\/img_20240103_173204-1500-768x576.jpg 768w\" sizes=\"auto, (max-width: 1500px) 100vw, 1500px\" \/><\/p>\n<p><em>Notre rencontre avec le Vice-Pr\u00e9sident charg\u00e9 des transports \u00e0 la r\u00e9gion Auvergne Rh\u00f4ne Alpes<\/em><br \/>\n<img loading=\"lazy\" decoding=\"async\" class=\" aligncenter size-full wp-image-4899\" src=\"http:\/\/5.45.101.177\/haut-allier\/usagers-transportse\/wp-content\/uploads\/2024\/01\/2000r-img_20230918_152125-2.jpg\" alt=\"2000r-img_20230918_152125-2.jpg\" align=\"center\" width=\"2500\" height=\"1504\" srcset=\"https:\/\/usagers-transports.haut-allier.eu\/wp-content\/uploads\/2024\/01\/2000r-img_20230918_152125-2.jpg 2500w, https:\/\/usagers-transports.haut-allier.eu\/wp-content\/uploads\/2024\/01\/2000r-img_20230918_152125-2-300x180.jpg 300w, https:\/\/usagers-transports.haut-allier.eu\/wp-content\/uploads\/2024\/01\/2000r-img_20230918_152125-2-1024x616.jpg 1024w, https:\/\/usagers-transports.haut-allier.eu\/wp-content\/uploads\/2024\/01\/2000r-img_20230918_152125-2-768x462.jpg 768w, https:\/\/usagers-transports.haut-allier.eu\/wp-content\/uploads\/2024\/01\/2000r-img_20230918_152125-2-1536x924.jpg 1536w, https:\/\/usagers-transports.haut-allier.eu\/wp-content\/uploads\/2024\/01\/2000r-img_20230918_152125-2-2048x1232.jpg 2048w\" sizes=\"auto, (max-width: 2500px) 100vw, 2500px\" \/><\/p>\n","protected":false},"excerpt":{"rendered":"<p>Le Collectif des 18 organisations d&rsquo;usagers d&rsquo;Aura se r\u00e9jouit qu&rsquo;un accord ait \u00e9t\u00e9 enfin trouv\u00e9 entre la R\u00e9gion<\/p>\n","protected":false},"author":1,"featured_media":4897,"comment_status":"closed","ping_status":"open","sticky":false,"template":"","format":"standard","meta":{"footnotes":""},"categories":[8],"tags":[],"class_list":["post-1068","post","type-post","status-publish","format-standard","has-post-thumbnail","hentry","category-communiques"],"_links":{"self":[{"href":"https:\/\/usagers-transports.haut-allier.eu\/index.php\/wp-json\/wp\/v2\/posts\/1068","targetHints":{"allow":["GET"]}}],"collection":[{"href":"https:\/\/usagers-transports.haut-allier.eu\/index.php\/wp-json\/wp\/v2\/posts"}],"about":[{"href":"https:\/\/usagers-transports.haut-allier.eu\/index.php\/wp-json\/wp\/v2\/types\/post"}],"author":[{"embeddable":true,"href":"https:\/\/usagers-transports.haut-allier.eu\/index.php\/wp-json\/wp\/v2\/users\/1"}],"replies":[{"embeddable":true,"href":"https:\/\/usagers-transports.haut-allier.eu\/index.php\/wp-json\/wp\/v2\/comments?post=1068"}],"version-history":[{"count":0,"href":"https:\/\/usagers-transports.haut-allier.eu\/index.php\/wp-json\/wp\/v2\/posts\/1068\/revisions"}],"wp:featuredmedia":[{"embeddable":true,"href":"https:\/\/usagers-transports.haut-allier.eu\/index.php\/wp-json\/wp\/v2\/media\/4897"}],"wp:attachment":[{"href":"https:\/\/usagers-transports.haut-allier.eu\/index.php\/wp-json\/wp\/v2\/media?parent=1068"}],"wp:term":[{"taxonomy":"category","embeddable":true,"href":"https:\/\/usagers-transports.haut-allier.eu\/index.php\/wp-json\/wp\/v2\/categories?post=1068"},{"taxonomy":"post_tag","embeddable":true,"href":"https:\/\/usagers-transports.haut-allier.eu\/index.php\/wp-json\/wp\/v2\/tags?post=1068"}],"curies":[{"name":"wp","href":"https:\/\/api.w.org\/{rel}","templated":true}]}}