{"id":1069,"date":"2024-01-31T15:25:27","date_gmt":"2024-01-31T14:25:27","guid":{"rendered":"http:\/\/5.45.101.177\/haut-allier\/usagers-transportse\/index.php\/2024\/01\/31\/forfait-transports-publics-a-491069\/"},"modified":"2024-01-31T15:25:27","modified_gmt":"2024-01-31T14:25:27","slug":"forfait-transports-publics-a-491069","status":"publish","type":"post","link":"https:\/\/usagers-transports.haut-allier.eu\/index.php\/2024\/01\/31\/forfait-transports-publics-a-491069\/","title":{"rendered":"Forfait transports publics \u00e0 49 euros : l&rsquo;Allemagne le maintient en 2024"},"content":{"rendered":"<p>Cela fera donc pr\u00e8s de deux ans, en mai 2023, que ce forfait \u00e0 bas prix existe chez nos voisins. Prolong\u00e9, il aura certainement un beau succ\u00e8s au vu de l&rsquo;engouement des allemands l&rsquo;an dernier. Rappelons que ce titre de transport, qui permet de voyager de mani\u00e8re illimit\u00e9e dans tous les transports publics locaux et r\u00e9gionaux, a \u00e9t\u00e9 salu\u00e9 par les autorit\u00e9s comme la \u00ab\u00a0plus grande r\u00e9forme des transports publics de l&rsquo;histoire de l&rsquo;Allemagne\u00a0\u00bb.<\/p>\n<p>Pendant ce temps pas de nouvelles du n\u00f4tre, de forfait \u00ab\u00a0aux alentours de 49 euros\u00a0\u00bb, promis \u00e0 grand renfort d&rsquo;annonces par l&rsquo;ancien ministre des transports Cl\u00e9ment Beaune pour 2024.<\/p>\n<p>Vous nous direz qu&rsquo;il n&rsquo;y a plus personne pour le d\u00e9fendre ou le mettre en place, mais c&rsquo;est sans oublier que \u00ab\u00a0l&rsquo;initiative\u00a0\u00bb du \u00ab\u00a0faisons comme\u00a0\u00bb revient \u00e0 Emmanuel Macron, qui lui, est toujours l\u00e0. Constatons simplement que la mobilit\u00e9 ne fait pas partie des th\u00e8mes favoris des \u00e9lucubrations de d\u00e9but d&rsquo;ann\u00e9e.<\/p>\n<p>Et bien que l&rsquo;ann\u00e9e derni\u00e8re, les patrons des transports allemands aient pr\u00e9venu que ce prix bas n&rsquo;\u00e9tait pas viable sur le long terme, parions que s&rsquo;il se met en place en France, l&rsquo;ensemble des dirigeants des soci\u00e9t\u00e9s de transports mettront en garde de m\u00eame, si ce n&rsquo;est d\u00e9j\u00e0 fait, sans doute avec la FNAUT, f\u00e9d\u00e9ration des associations de \u00ab\u00a0d\u00e9fense des usagers\u00a0\u00bb, dont la position de principe contre la gratuit\u00e9 et les prix bas g\u00e9n\u00e9ralis\u00e9s dans les transports commence \u00e0 se r\u00e9pandre.<\/p>\n<p>Donc la nouvelle c&rsquo;est qu&rsquo;en Allemagne, qui n&rsquo;a rien compris \u00e0 tout \u00e7a, \u00e7a repart en 2024, toute l&rsquo;ann\u00e9e. C&rsquo;est Euronews qui nous l&rsquo;apprend :<\/p>\n<p><a href=\"https:\/\/fr.euronews.com\/voyages\/2024\/01\/30\/lallemagne-maintient-son-billet-a-49-euros-pour-les-transports-publics-en-2024\"><em>L&rsquo;Allemagne maintient son billet \u00e0 49 euros pour les transports publics en 2024<\/em><br \/>\n<\/a><\/p>\n","protected":false},"excerpt":{"rendered":"<p>Cela fera donc pr\u00e8s de deux ans, en mai 2023, que ce forfait \u00e0 bas prix existe chez<\/p>\n","protected":false},"author":1,"featured_media":4900,"comment_status":"closed","ping_status":"open","sticky":false,"template":"","format":"standard","meta":{"footnotes":""},"categories":[7],"tags":[],"class_list":["post-1069","post","type-post","status-publish","format-standard","has-post-thumbnail","hentry","category-ailleurs"],"_links":{"self":[{"href":"https:\/\/usagers-transports.haut-allier.eu\/index.php\/wp-json\/wp\/v2\/posts\/1069","targetHints":{"allow":["GET"]}}],"collection":[{"href":"https:\/\/usagers-transports.haut-allier.eu\/index.php\/wp-json\/wp\/v2\/posts"}],"about":[{"href":"https:\/\/usagers-transports.haut-allier.eu\/index.php\/wp-json\/wp\/v2\/types\/post"}],"author":[{"embeddable":true,"href":"https:\/\/usagers-transports.haut-allier.eu\/index.php\/wp-json\/wp\/v2\/users\/1"}],"replies":[{"embeddable":true,"href":"https:\/\/usagers-transports.haut-allier.eu\/index.php\/wp-json\/wp\/v2\/comments?post=1069"}],"version-history":[{"count":0,"href":"https:\/\/usagers-transports.haut-allier.eu\/index.php\/wp-json\/wp\/v2\/posts\/1069\/revisions"}],"wp:featuredmedia":[{"embeddable":true,"href":"https:\/\/usagers-transports.haut-allier.eu\/index.php\/wp-json\/wp\/v2\/media\/4900"}],"wp:attachment":[{"href":"https:\/\/usagers-transports.haut-allier.eu\/index.php\/wp-json\/wp\/v2\/media?parent=1069"}],"wp:term":[{"taxonomy":"category","embeddable":true,"href":"https:\/\/usagers-transports.haut-allier.eu\/index.php\/wp-json\/wp\/v2\/categories?post=1069"},{"taxonomy":"post_tag","embeddable":true,"href":"https:\/\/usagers-transports.haut-allier.eu\/index.php\/wp-json\/wp\/v2\/tags?post=1069"}],"curies":[{"name":"wp","href":"https:\/\/api.w.org\/{rel}","templated":true}]}}