{"id":107,"date":"2014-01-18T18:51:06","date_gmt":"2014-01-18T17:51:06","guid":{"rendered":"http:\/\/5.45.101.177\/haut-allier\/usagers-transportse\/index.php\/2014\/01\/18\/suppression-des-ter-en-lozere107\/"},"modified":"2026-09-01T15:53:19","modified_gmt":"2026-09-01T13:53:19","slug":"suppression-des-ter-en-lozere107","status":"publish","type":"post","link":"https:\/\/usagers-transports.haut-allier.eu\/index.php\/2014\/01\/18\/suppression-des-ter-en-lozere107\/","title":{"rendered":"Suppression des TER en Loz\u00e8re : Bourquin s&rsquo;explique enfin ! Notre analyse suite et fin"},"content":{"rendered":"Dans une lettre r\u00e9ponse au d\u00e9put\u00e9 de Marvejols Pierre Morel A L&rsquo;Huissier, le pr\u00e9sident de la r\u00e9gion Languedoc Roussillon s&rsquo;exprime enfin sur la politique des transports d\u00e9sastreuse qu&rsquo;il m\u00e8ne en Loz\u00e8re. L&rsquo;\u00e9lu loz\u00e9rien a bien voulu la rendre publique et nous la communiquer.\n\n<img loading=\"lazy\" decoding=\"async\" class=\" aligncenter size-full wp-image-1567\" src=\"http:\/\/5.45.101.177\/haut-allier\/usagers-transportse\/wp-content\/uploads\/2014\/01\/usagers-transports-haut-allier-eu-lettre-bourquin-morel-18jan2014.jpg\" alt=\"usagers-transports-haut-allier-eu-lettre-bourquin-morel-18jan2014.jpg\" align=\"center\" width=\"600\" height=\"1806\" srcset=\"https:\/\/usagers-transports.haut-allier.eu\/wp-content\/uploads\/2014\/01\/usagers-transports-haut-allier-eu-lettre-bourquin-morel-18jan2014.jpg 600w, https:\/\/usagers-transports.haut-allier.eu\/wp-content\/uploads\/2014\/01\/usagers-transports-haut-allier-eu-lettre-bourquin-morel-18jan2014-100x300.jpg 100w, https:\/\/usagers-transports.haut-allier.eu\/wp-content\/uploads\/2014\/01\/usagers-transports-haut-allier-eu-lettre-bourquin-morel-18jan2014-340x1024.jpg 340w, https:\/\/usagers-transports.haut-allier.eu\/wp-content\/uploads\/2014\/01\/usagers-transports-haut-allier-eu-lettre-bourquin-morel-18jan2014-510x1536.jpg 510w\" sizes=\"auto, (max-width: 600px) 100vw, 600px\" \/>\n\nEn voici le texte int\u00e9gral :\n\n[(\nMontpellier, le 06 janvier 2014\n&nbsp;\nDEMANDE D&rsquo;INFORMATION sur LES \u00c9VOLUTIONS DE L&rsquo;OFFRE DE TRANSPORT PUBLIC R\u00c9GIONAL EN LOZ\u00c8RE\n&nbsp;\nMonsieur le D\u00e9put\u00e9, \n&nbsp;\nPar courrier, vous m&rsquo;interpellez de fa\u00e7on excessive et caricaturale sur la politique r\u00e9gionale en mati\u00e8re de transport et plus particuli\u00e8rement sur la desserte des lignes ferroviaires de Loz\u00e8re. La politique de la R\u00e9gion est de promouvoir et d&rsquo;am\u00e9liorer l&rsquo;offre de transport public r\u00e9gional. \n&nbsp;\nCette politique se concr\u00e9tise par de nombreuses actions :\n&nbsp;\n\n&#8211; D\u00e9ploiement progressif d&rsquo;une tarification tr\u00e8s attractive avec le tarif \u00e0 1\u20ac. La ligne Loz\u00e9rienne entre La Bastide et Marvejols b\u00e9n\u00e9ficie de cette nouvelle tarification r\u00e9gionale depuis l&rsquo;\u00e9t\u00e9 2012.\n\n&#8211; Investissements -hors comp\u00e9tence- dans l&rsquo;am\u00e9lioration des infrastructures\nferroviaires. Nous participons ainsi aux travaux de r\u00e9g\u00e9n\u00e9ration des voies au nord d&rsquo;A|\u00e8s (dans le cadre du Contrat de Plan Etat R\u00e9gion), ou ceux qui ont eu lieu\nentre Belvezet et La Bastide \u00e0 l&rsquo;\u00e9t\u00e9 2009.\n\n&#8211; R\u00e9novation et achat de trains modernes. L&rsquo;ensemble du parc a \u00e9t\u00e9 remis \u00e0 niveau et nous avons r\u00e9cemment achet\u00e9 deux trains suppl\u00e9mentaires aptes \u00e0 circuler sur les voies non \u00e9lectrifi\u00e9es dont celles de Loz\u00e8re pour am\u00e9liorer et fiabiliser l&rsquo;offre.\n\n&nbsp;\n\nSur le niveau de services, mon objectif est de r\u00e9pondre au mieux aux besoins locaux de d\u00e9placement tout e-n tenant compte du contexte \u00e9conomique que vous connaissez. Ainsi dans l&rsquo;ensemble de la r\u00e9gion, nous ajustons au mieux les moyens disponibles, les mat\u00e9riels roulants (train simple, train double ou autocar) et le volume de service en fonction des besoins et des fr\u00e9quentations constat\u00e9es et anticip\u00e9es. Ces adaptations se traduisent par :\n&nbsp;\n\n&#8211; Des renforcements de service l\u00e0 o\u00f9 les besoins augmentent : une augmentation\ndu nombre de services ou la transformation d&rsquo;un service autocar en service ferroviaire.\n\n&#8211; Des all\u00e8gements de service l\u00e0 o\u00f9 la fr\u00e9quentation est faible : transformation d&rsquo;un\nservice ferroviaire en service autocar et\/ou suppression de services peu ou pas fr\u00e9quent\u00e9s.\n\n&nbsp;\nSur le secteur loz\u00e9rien, au vu de la faiblesse des fr\u00e9quentations des trains, la SNCF nous a recommand\u00e9 de r\u00e9organiser la desserte de l&rsquo;axe La Bastide\/Marvejols, objet de votre courrier. Un service aller-retour Mende \/ La Bastide et un service aller-retour Mende \/ Marvejols sont r\u00e9alis\u00e9s par autocar \u00e0 compter du 15 d\u00e9cembre 2013. Les comptages r\u00e9alis\u00e9s sur ces services ferroviaires faisaient apparaitre les fr\u00e9quentations suivantes :\n&nbsp;\n\n&#8211; 878981 Mende (8h46) \/ La Bastide (9h55) : 6 personnes en moyenne,\n&#8211; 878980 La Bastide (10h06) \/ Marvejols (12h01) : 13 personnes en moyenne,\n&#8211; 878983 Marvejols (13h53) \/ Mende (14h40) : 10 personnes en moyenne.\n\n&nbsp;\nLa fr\u00e9quentation en Loz\u00e9re \u00e9tant bien sup\u00e9rieure durant la p\u00e9riode estivale, ces 3\nservices seront r\u00e9alis\u00e9s par train en juillet et en ao\u00fbt.\n&nbsp;\nPour \u00eatre exhaustif, je vous indique que le service 877715 (Mende (16h50) \/ La Bastide (18h00)) est avanc\u00e9 \u00e0 11h47 avec une relation directe pour N\u00eemes. L&rsquo;horaire 16h50 est maintenu les vendredis et dimanches o\u00f9 des besoins scolaires sont identifi\u00e9s.\n&nbsp;\nVous attirez \u00e9galement mon attention sur la perception des services autocar par le public en signalant quelques retours n\u00e9gatifs de la part des usagers. Plut\u00f4t que de vous focaliser sur quelques informations non v\u00e9rifi\u00e9es, vous devriez vous r\u00e9f\u00e9rer aux enqu\u00eates s\u00e9rieuses. Ainsi, une enqu\u00eate r\u00e9alis\u00e9e \u00e0 bord des services autocar (aupr\u00e8s de plus de 160 usagers) indique au contraire une perception tr\u00e8s positive de ces services :\n\n&#8211; 95,7% des usagers se d\u00e9clarent satisfaits du service autocar,\n&#8211; les services autocar sont \u00e9valu\u00e9s comme s\u00fbrs, propres et confortables (ces items sont tous not\u00e9s a plus de 16\/20 par les usagers).\n\n&nbsp;\nLa R\u00e9gion s&rsquo;est en effet montr\u00e9e tr\u00e8s exigeante vis-\u00e0-vis des transporteurs routiers et a ainsi impos\u00e9 la mise en service d&rsquo;autocars modernes et tr\u00e8s confortables (large espace entre les si\u00e8ges, \u00e9quip\u00e9 de toilettes, v\u00e9hicules accessibles aux personnes en situation de handicap&#8230;)\n&nbsp;\nUne cat\u00e9gorie d&rsquo;usagers est probablement m\u00e9contente : les cheminots et leurs ayants droits. En effet, la SNCF a refus\u00e9 de leur accorder la gratuit\u00e9 des transports sur les services autocar alors qu&rsquo;elle la finance sur les services ferroviaires.\n&nbsp;\nLa contribution vers\u00e9e par la R\u00e9gion \u00e0 la SNCF pour faire circuler les trains r\u00e9gionaux est pass\u00e9e de 80M\u20ac en 2007 a plus de 106.294\u20ac en 2013. C&rsquo;est une augmentation cons\u00e9quente de notre budget qui atteste de ma d\u00e9termination en faveur du service public de transport. Nous ne pouvons cependant aujourd&rsquo;hui faire plus. La contrainte budg\u00e9taire actuelle est en effet croissante et difficilement soutenable dans un contexte o\u00f9 nos dotations de l&rsquo;Etat restent stables, voire diminueront, quand les co\u00fbts de la SNCF continuent de d\u00e9river dangereusement.\n&nbsp;\nOutre votre mandat de D\u00e9put\u00e9, vous \u00eates vous-m\u00eame \u00e9lu d&rsquo;une collectivit\u00e9 territoriale, vous connaissez donc le contexte budg\u00e9taire actuel des collectivit\u00e9s. Celui-ci impose de mener une gestion toujours plus attentive des deniers publics. Les adaptations en cours r\u00e9pondent \u00e0 une double pr\u00e9occupation : le maintien d&rsquo;un service public r\u00e9pondant aux besoins tout en g\u00e9rant au mieux les deniers publics.\n&nbsp;\nVoici les faits: un service public adapt\u00e9 aux besoins des voyageurs et \u00e9conomie de l&rsquo;argent du contribuable. Alors une question se pose : qui sabote le service public ? La collectivit\u00e9 r\u00e9gionale qui g\u00e8re au mieux le service dans l&rsquo;int\u00e9r\u00eat des habitants et de l&rsquo;activit\u00e9 \u00e9conomique ou un \u00e9lu de la R\u00e9publique qui emploie des termes racoleurs (fiasco, sabotage&#8230;) pour promouvoir un discours qui appelle \u00e0 la gabegie. Je vous laisse en juger en votre \u00e2me et conscience.\n&nbsp;\nJe vous prie d&rsquo;agr\u00e9er, Monsieur le D\u00e9put\u00e9, l&rsquo;expression de ma haute consid\u00e9ration.\n&nbsp;\nLe Pr\u00e9sident de la R\u00e9gion\nLanguedoc-Roussillon\nChristian BOURQUIN\n)]\n\n<strong>Notre analyse suite et fin<\/strong>\n&nbsp;\nNous reconnaissons dans cette r\u00e9ponse au d\u00e9put\u00e9 UMP de Loz\u00e8re le ton traditionnellement emport\u00e9 et revanchard du pr\u00e9sident de r\u00e9gion. Et la fin du courrier n&rsquo;est pas piqu\u00e9e des hannetons, il accuse son correspondant d&rsquo;appeler \u00e0 la gabegie. Nous savons que les \u00e9changes politiques sont toujours &lsquo;courtois&rsquo; mais l\u00e0 on le sent&#8230; \u00e9nerv\u00e9 et sur ses gardes.\n&nbsp;\nTous les pr\u00e9textes sont bons dans ses r\u00e9ponses toujours border line, toujours limites. Il justifie par exemple l&rsquo;inexistence d&rsquo;une politique volontariste de transports en zone rurale et de montagne par des pirouettes :\n&nbsp;\n&#8211; il n&rsquo; y a personne dans ces trains de Loz\u00e8re sauf des cheminots nantis, qui voyagent gratos, qui ne peuvent plus le faire dans les bus, et d&rsquo;ailleurs c&rsquo;est pour \u00e7a qu&rsquo;ils lui en veulent,\n&nbsp;\n&#8211; il n&rsquo;y a personne dans ces trains, d&rsquo;ailleurs les enqu\u00eates de fr\u00e9quentation le lui disent&#8230; Et quand on sait comment elles sont men\u00e9es on peut leur faire confiance hein&#8230; Mais Monsieur Bourquin aime les sondages. Trop.\n&nbsp;\n&#8211; les nouveaux usagers des autocars sont ravis \u00e0 93% &#8230; Mais d&rsquo;o\u00f9 sortent ces chiffres ? Qui peut le croire ?\n&nbsp;\n\nNous lui conseillons de fermer purement et simplement les gares de Loz\u00e8re, ce qu&rsquo;il a d\u00e9j\u00e0 commenc\u00e9 \u00e0 faire les week-ends, de poursuivre donc son oeuvre le plus vite possible, et de les transformer en arr\u00eat de bus (voir notre <a href=\"http:\/\/usagers-transports.haut-allier.eu\/spip.php?article102\">article<\/a>). Ca lui co\u00fbtera encore moins cher, il pourra revendre l&rsquo;acier des lignes et le bois des traverses \u00e0 bon prix, ce qui lui permettra de financer plus facilement le tron\u00e7on TGV Montpellier Perpignan dont il r\u00eave. La ville de Mende qui se d\u00e9peuple selon les derniers pointages de l&rsquo;INSEE, 215 habitants entre 2006 et 2011, ne lui en sera que plus reconnaissante.   \n&nbsp;\n<strong>Notre premi\u00e8re <a href=\"http:\/\/usagers-transports.haut-allier.eu\/spip.php?article99\">analyse<\/a> \u00e9tait assez pertinente. Voil\u00e0 en tous cas un pr\u00e9sident de r\u00e9gion qui aura tout compris de la gestion des territoires. Quand on le compare \u00e0 ses voisins, Michel Vauzelle en PACA qui a rouvert plusieurs lignes, Lucien Malvy en Midi-Pyr\u00e9n\u00e9es qui a r\u00e9nov\u00e9 enti\u00e8rement son r\u00e9seau, hors comp\u00e9tence comme les autres, Ren\u00e9 Souchon en Auvergne qui manifeste une volont\u00e9 de tous les instants \u00e0 son maillage ferroviaire, on se dit que triste est l&rsquo;avenir du Languedoc Roussillon malgr\u00e9 les effets de la com qui, elle, y est florissante. Au moment o\u00f9 l&rsquo;on discute de la diminution et l&rsquo;\u00e9clatement des r\u00e9gions, on ne peut que souhaiter que cette r\u00e9gion explose et que la Loz\u00e8re soit rattach\u00e9e \u00e0 l&rsquo;Auvergne ou Midi-Pyr\u00e9n\u00e9es par exemple. Elle y aurait s\u00fbrement tout \u00e0 gagner.<\/strong>\n<h2 class=\"wp-block-heading\">Documents joints<\/h2>\n\n\n\n<div class=\"wp-block-file\"><a href=\"http:\/\/5.45.101.177\/haut-allier\/usagers-transportse\/wp-content\/uploads\/2014\/01\/Reponse_Region_LR_-_Situation_ferroviaire_Lozere_-_Decembre_2013.pdf\">Reponse-Region-LR-Situation-ferroviai\u00adre-Lozere-Decembre2013<\/a><\/div>\n\n\n","protected":false},"excerpt":{"rendered":"<p>Dans une lettre r\u00e9ponse au d\u00e9put\u00e9 de Marvejols Pierre Morel A L&rsquo;Huissier, le pr\u00e9sident de la r\u00e9gion Languedoc<\/p>\n","protected":false},"author":1,"featured_media":1566,"comment_status":"closed","ping_status":"open","sticky":false,"template":"","format":"standard","meta":{"footnotes":""},"categories":[2],"tags":[],"class_list":["post-107","post","type-post","status-publish","format-standard","has-post-thumbnail","hentry","category-infos"],"_links":{"self":[{"href":"https:\/\/usagers-transports.haut-allier.eu\/index.php\/wp-json\/wp\/v2\/posts\/107","targetHints":{"allow":["GET"]}}],"collection":[{"href":"https:\/\/usagers-transports.haut-allier.eu\/index.php\/wp-json\/wp\/v2\/posts"}],"about":[{"href":"https:\/\/usagers-transports.haut-allier.eu\/index.php\/wp-json\/wp\/v2\/types\/post"}],"author":[{"embeddable":true,"href":"https:\/\/usagers-transports.haut-allier.eu\/index.php\/wp-json\/wp\/v2\/users\/1"}],"replies":[{"embeddable":true,"href":"https:\/\/usagers-transports.haut-allier.eu\/index.php\/wp-json\/wp\/v2\/comments?post=107"}],"version-history":[{"count":1,"href":"https:\/\/usagers-transports.haut-allier.eu\/index.php\/wp-json\/wp\/v2\/posts\/107\/revisions"}],"predecessor-version":[{"id":1569,"href":"https:\/\/usagers-transports.haut-allier.eu\/index.php\/wp-json\/wp\/v2\/posts\/107\/revisions\/1569"}],"wp:featuredmedia":[{"embeddable":true,"href":"https:\/\/usagers-transports.haut-allier.eu\/index.php\/wp-json\/wp\/v2\/media\/1566"}],"wp:attachment":[{"href":"https:\/\/usagers-transports.haut-allier.eu\/index.php\/wp-json\/wp\/v2\/media?parent=107"}],"wp:term":[{"taxonomy":"category","embeddable":true,"href":"https:\/\/usagers-transports.haut-allier.eu\/index.php\/wp-json\/wp\/v2\/categories?post=107"},{"taxonomy":"post_tag","embeddable":true,"href":"https:\/\/usagers-transports.haut-allier.eu\/index.php\/wp-json\/wp\/v2\/tags?post=107"}],"curies":[{"name":"wp","href":"https:\/\/api.w.org\/{rel}","templated":true}]}}