{"id":1070,"date":"2024-01-31T15:42:30","date_gmt":"2024-01-31T14:42:30","guid":{"rendered":"http:\/\/5.45.101.177\/haut-allier\/usagers-transportse\/index.php\/2024\/01\/31\/ligne-des-cevennes-et1070\/"},"modified":"2024-01-31T15:42:30","modified_gmt":"2024-01-31T14:42:30","slug":"ligne-des-cevennes-et1070","status":"publish","type":"post","link":"https:\/\/usagers-transports.haut-allier.eu\/index.php\/2024\/01\/31\/ligne-des-cevennes-et1070\/","title":{"rendered":"Ligne des C\u00e9vennes et Transloz\u00e9rienne : impact des travaux de r\u00e9g\u00e9n\u00e9ration et d&rsquo;optimisation du r\u00e9seau"},"content":{"rendered":"<p>Les horaires d&rsquo;ouverture des guichets changent notamment en gare de Villefort. Voici le communiqu\u00e9 de nos amis du Collectif \u00ab\u00a0Train Villefort\u00a0\u00bb :<br \/>\n&nbsp;<\/p>\n<blockquote class=\"poesie\"><p>\n<em><br \/>\nLes travaux de modernisation de SNCF R\u00e9seau sont divis\u00e9s en plusieurs chantiers :<\/p>\n<p>&#8211; Pour la ligne N\u00eemes &#8211; Al\u00e8s- G\u00e9nolhac : le renouvellement de 12km de voie, la r\u00e9g\u00e9n\u00e9ration de 2 tunnels, la s\u00e9curisation d\u2019une paroi rocheuse, le renforcement d\u2019un mur de sout\u00e8nement.<\/p>\n<p>&#8211; Pour la ligne le Monastier &#8211; La Bastide : le renouvellement de 5km de voie, la s\u00e9curisation de 6 parois rocheuses, la d\u00e9pose d&rsquo;une galerie pare neige.<\/p>\n<p>Les b\u00e9n\u00e9fices concrets apr\u00e8s les travaux ?<\/p>\n<p>&#8211; Une am\u00e9lioration de la r\u00e9gularit\u00e9<br \/>\n&#8211; Une am\u00e9lioration de confort \u00e0 bord des trains.<\/p>\n<p>Retrouvez les horaires des cars de substitution ici :<br \/>\nhttps:\/\/www.ter.sncf.com\/occitanie\/se-deplacer\/travaux-ligne-cevennes<\/p>\n<p><strong>De fait, les horaires du guichet sont aussi modifi\u00e9s et changent pour \u00eatre ouverts en matin\u00e9e du lundi au vendredi \u00e0 partir de 9 h jusqu&rsquo;\u00e0 14 h. Dates de modification : du lundi 12 au vendredi 23 f\u00e9vrier.<\/strong><\/p>\n<p>La suite des travaux s&rsquo;effectuera en avril\/mai, nous y reviendrons \u00e0 cette date.<br \/>\n<\/em><\/p>\n<\/blockquote>\n<p><em>[ photo logo : Jean-Louis Maurin https:\/\/150ans.traincevenol.eu ]<\/em><\/p>\n","protected":false},"excerpt":{"rendered":"<p>Les horaires d&rsquo;ouverture des guichets changent notamment en gare de Villefort. Voici le communiqu\u00e9 de nos amis du<\/p>\n","protected":false},"author":1,"featured_media":4901,"comment_status":"closed","ping_status":"open","sticky":false,"template":"","format":"standard","meta":{"footnotes":""},"categories":[3],"tags":[],"class_list":["post-1070","post","type-post","status-publish","format-standard","has-post-thumbnail","hentry","category-en-train"],"_links":{"self":[{"href":"https:\/\/usagers-transports.haut-allier.eu\/index.php\/wp-json\/wp\/v2\/posts\/1070","targetHints":{"allow":["GET"]}}],"collection":[{"href":"https:\/\/usagers-transports.haut-allier.eu\/index.php\/wp-json\/wp\/v2\/posts"}],"about":[{"href":"https:\/\/usagers-transports.haut-allier.eu\/index.php\/wp-json\/wp\/v2\/types\/post"}],"author":[{"embeddable":true,"href":"https:\/\/usagers-transports.haut-allier.eu\/index.php\/wp-json\/wp\/v2\/users\/1"}],"replies":[{"embeddable":true,"href":"https:\/\/usagers-transports.haut-allier.eu\/index.php\/wp-json\/wp\/v2\/comments?post=1070"}],"version-history":[{"count":0,"href":"https:\/\/usagers-transports.haut-allier.eu\/index.php\/wp-json\/wp\/v2\/posts\/1070\/revisions"}],"wp:featuredmedia":[{"embeddable":true,"href":"https:\/\/usagers-transports.haut-allier.eu\/index.php\/wp-json\/wp\/v2\/media\/4901"}],"wp:attachment":[{"href":"https:\/\/usagers-transports.haut-allier.eu\/index.php\/wp-json\/wp\/v2\/media?parent=1070"}],"wp:term":[{"taxonomy":"category","embeddable":true,"href":"https:\/\/usagers-transports.haut-allier.eu\/index.php\/wp-json\/wp\/v2\/categories?post=1070"},{"taxonomy":"post_tag","embeddable":true,"href":"https:\/\/usagers-transports.haut-allier.eu\/index.php\/wp-json\/wp\/v2\/tags?post=1070"}],"curies":[{"name":"wp","href":"https:\/\/api.w.org\/{rel}","templated":true}]}}