{"id":1072,"date":"2024-02-04T13:29:37","date_gmt":"2024-02-04T12:29:37","guid":{"rendered":"http:\/\/5.45.101.177\/haut-allier\/usagers-transportse\/index.php\/2024\/02\/04\/trains-de-nuit-un-fiasco-francais1072\/"},"modified":"2026-09-01T16:04:52","modified_gmt":"2026-09-01T14:04:52","slug":"trains-de-nuit-un-fiasco-francais1072","status":"publish","type":"post","link":"https:\/\/usagers-transports.haut-allier.eu\/index.php\/2024\/02\/04\/trains-de-nuit-un-fiasco-francais1072\/","title":{"rendered":"Trains de nuit : le fiasco fran\u00e7ais ?"},"content":{"rendered":"Pendant que les trains de nuit se d\u00e9veloppent \u00e0 rythme \u00e9lev\u00e9 en Europe et dans le monde, ici on a rouvert quelques mis\u00e9rables lignes pour desservir le sud-ouest, le sud et le sud-est et on l&rsquo;a fait en rafistolant les anciennes voitures couchettes \u00e0 la casse, sans s&rsquo;en donner les moyens, une fa\u00e7on de r\u00e9pondre, tout en n&rsquo;y croyant pas, \u00e0 la demande tr\u00e8s forte des citoyens conscients qui pr\u00e9f\u00e8rent le train \u00e0 l&rsquo;avion lorsque la solution existe.\n&nbsp;\nPendant que les trains de nuit se d\u00e9veloppent partout ailleurs ici on temporise, on \u00e9tudie, on r\u00e9dige de beaux rapports &#8211; <a href=\"http:\/\/5.45.101.177\/haut-allier\/usagers-transportse\/wp-content\/uploads\/2024\/02\/etudelom-rapport2020.pdf\"><em>\u00e9tude LOM de 2020<\/em> <\/a> notamment &#8211; o\u00f9 on d\u00e9taille les lignes qu&rsquo;on voudrait ouvrir, o\u00f9 on \u00e9num\u00e8re les moyens n\u00e9cessaires \u00e0 mettre en place, 600 voitures couchettes et 60 locomotives, mais on ne passe pas \u00e0 l&rsquo;action, on ne d\u00e9cide rien. Les 1,5 Milliards du co\u00fbt de l&rsquo;op\u00e9ration train de nuit calcul\u00e9s dans l&rsquo;\u00e9tude, c&rsquo;est sans doute trop \u00e9lev\u00e9 pour la mobilit\u00e9 des citoyens. Alors que les d\u00e9lais de fabrication sont de plusieurs ann\u00e9es. Notre ex ministre des transports Cl\u00e9ment Beaune avait \u00e9voqu\u00e9 une possibilit\u00e9 de commande en&#8230; 2025. Ajoutons les d\u00e9lais et donc ne rien attendre jusqu&rsquo;\u00e0 2028 au moins. \n&nbsp;\nToujours est-il que comme on fait avec les \u00ab\u00a0restes\u00a0\u00bb et qu&rsquo;on n&rsquo;y a pas mis le financement suffisant, c&rsquo;est la cata : l&rsquo;association <a href=\"https:\/\/destinationtrainsdenuit.eu\"><em>Destination trains de nuit<\/em><\/a> rel\u00e8ve au quotidien les incidents qui affectent les circulations nocturnes. Ces derniers mois, pas un jour sans annulations, retards, incidents. Edifiant. Voici son relev\u00e9 pour janvier 2024 :\n&nbsp;\n<img loading=\"lazy\" decoding=\"async\" class=\" aligncenter size-full wp-image-4905\" src=\"http:\/\/5.45.101.177\/haut-allier\/usagers-transportse\/wp-content\/uploads\/2024\/02\/tableaudeborddesretardsetsuppressionsdestrainsdenuit-janvier2024.jpg\" alt=\"tableaudeborddesretardsetsuppressionsdestrainsdenuit-janvier2024.jpg\" align=\"center\" width=\"1198\" height=\"774\" srcset=\"https:\/\/usagers-transports.haut-allier.eu\/wp-content\/uploads\/2024\/02\/tableaudeborddesretardsetsuppressionsdestrainsdenuit-janvier2024.jpg 1198w, https:\/\/usagers-transports.haut-allier.eu\/wp-content\/uploads\/2024\/02\/tableaudeborddesretardsetsuppressionsdestrainsdenuit-janvier2024-300x194.jpg 300w, https:\/\/usagers-transports.haut-allier.eu\/wp-content\/uploads\/2024\/02\/tableaudeborddesretardsetsuppressionsdestrainsdenuit-janvier2024-1024x662.jpg 1024w, https:\/\/usagers-transports.haut-allier.eu\/wp-content\/uploads\/2024\/02\/tableaudeborddesretardsetsuppressionsdestrainsdenuit-janvier2024-768x496.jpg 768w\" sizes=\"auto, (max-width: 1198px) 100vw, 1198px\" \/>\n&nbsp;\nLe tableau parle de lui-m\u00eame. Nous vous communiquerons ce relev\u00e9 tous les mois.\n&nbsp;\nEt \u00e7a commence \u00e0 faire la une de la presse. Finis les beaux titres autour du \u00ab\u00a0Retour du train de nuit\u00a0\u00bb c&rsquo;est plut\u00f4t : <a href=\"https:\/\/france3-regions.francetvinfo.fr\/nouvelle-aquitaine\/correze\/brive\/l-etat-a-fait-les-choses-a-minima-le-cauchemar-des-usagers-du-train-de-nuit-paris-aurillac-2900480.html\"><em>\u00ab\u00a0L&rsquo;\u00c9tat a fait les choses a minima\u00a0\u00bb : le cauchemar des usagers du train de nuit Paris &#8211; Aurillac<\/em><\/a>, comme le soulignait d\u00e9but janvier France 3.\n&nbsp;\n<em>Une vision apocalyptique de voyageurs abandonn\u00e9s par leur train de nuit&#8230; illustr\u00e9e par une IA<\/em>\n<img loading=\"lazy\" decoding=\"async\" class=\" aligncenter size-full wp-image-4906\" src=\"http:\/\/5.45.101.177\/haut-allier\/usagers-transportse\/wp-content\/uploads\/2024\/02\/replicate-prediction-lda5tg3b3yf6brteystlpl362e.png\" alt=\"replicate-prediction-lda5tg3b3yf6brteystlpl362e.png\" align=\"center\" width=\"756\" height=\"724\" srcset=\"https:\/\/usagers-transports.haut-allier.eu\/wp-content\/uploads\/2024\/02\/replicate-prediction-lda5tg3b3yf6brteystlpl362e.png 756w, https:\/\/usagers-transports.haut-allier.eu\/wp-content\/uploads\/2024\/02\/replicate-prediction-lda5tg3b3yf6brteystlpl362e-300x287.png 300w\" sizes=\"auto, (max-width: 756px) 100vw, 756px\" \/>\n&nbsp;\nAccuser SNCF Intercit\u00e9s est la facilit\u00e9, vous l&rsquo;aurez compris. D&rsquo;ailleurs personne ne s&rsquo;y aventure, m\u00eame s&rsquo;ils font eux aussi des erreurs : cette entit\u00e9 SNCF qui s&rsquo;occupe des Intercit\u00e9s de jour et de nuit fait avec les moyens que l&rsquo;Etat lui donne, soit presque rien. Il faut dire que le retour du train de nuit en France s&rsquo;est fait \u00ab\u00a0forc\u00e9\u00a0\u00bb, apr\u00e8s l&rsquo;engouement des autres pays pour ce mode et apr\u00e8s de multiples rassemblements militants citoyens. Et \u00e7a en principe, qu&rsquo;on lui force la main, le gouvernement central parisien tout puissant d\u00e9teste.\n&nbsp;\n\n<h2 class=\"wp-block-heading\">Documents joints<\/h2>\n\n\n\n<div class=\"wp-block-file\"><a href=\"http:\/\/5.45.101.177\/haut-allier\/usagers-transportse\/wp-content\/uploads\/2024\/02\/etudelom-rapport2020.pdf\">etudelom-rapport2020.pdf<\/a><\/div>\n\n\n","protected":false},"excerpt":{"rendered":"<p>Pendant que les trains de nuit se d\u00e9veloppent \u00e0 rythme \u00e9lev\u00e9 en Europe et dans le monde, ici<\/p>\n","protected":false},"author":1,"featured_media":4903,"comment_status":"closed","ping_status":"open","sticky":false,"template":"","format":"standard","meta":{"footnotes":""},"categories":[3],"tags":[],"class_list":["post-1072","post","type-post","status-publish","format-standard","has-post-thumbnail","hentry","category-en-train"],"_links":{"self":[{"href":"https:\/\/usagers-transports.haut-allier.eu\/index.php\/wp-json\/wp\/v2\/posts\/1072","targetHints":{"allow":["GET"]}}],"collection":[{"href":"https:\/\/usagers-transports.haut-allier.eu\/index.php\/wp-json\/wp\/v2\/posts"}],"about":[{"href":"https:\/\/usagers-transports.haut-allier.eu\/index.php\/wp-json\/wp\/v2\/types\/post"}],"author":[{"embeddable":true,"href":"https:\/\/usagers-transports.haut-allier.eu\/index.php\/wp-json\/wp\/v2\/users\/1"}],"replies":[{"embeddable":true,"href":"https:\/\/usagers-transports.haut-allier.eu\/index.php\/wp-json\/wp\/v2\/comments?post=1072"}],"version-history":[{"count":1,"href":"https:\/\/usagers-transports.haut-allier.eu\/index.php\/wp-json\/wp\/v2\/posts\/1072\/revisions"}],"predecessor-version":[{"id":4907,"href":"https:\/\/usagers-transports.haut-allier.eu\/index.php\/wp-json\/wp\/v2\/posts\/1072\/revisions\/4907"}],"wp:featuredmedia":[{"embeddable":true,"href":"https:\/\/usagers-transports.haut-allier.eu\/index.php\/wp-json\/wp\/v2\/media\/4903"}],"wp:attachment":[{"href":"https:\/\/usagers-transports.haut-allier.eu\/index.php\/wp-json\/wp\/v2\/media?parent=1072"}],"wp:term":[{"taxonomy":"category","embeddable":true,"href":"https:\/\/usagers-transports.haut-allier.eu\/index.php\/wp-json\/wp\/v2\/categories?post=1072"},{"taxonomy":"post_tag","embeddable":true,"href":"https:\/\/usagers-transports.haut-allier.eu\/index.php\/wp-json\/wp\/v2\/tags?post=1072"}],"curies":[{"name":"wp","href":"https:\/\/api.w.org\/{rel}","templated":true}]}}