{"id":1073,"date":"2024-02-05T21:13:20","date_gmt":"2024-02-05T20:13:20","guid":{"rendered":"http:\/\/5.45.101.177\/haut-allier\/usagers-transportse\/index.php\/2024\/02\/05\/lignes-des-causses-et-du-train1073\/"},"modified":"2024-02-05T21:13:20","modified_gmt":"2024-02-05T20:13:20","slug":"lignes-des-causses-et-du-train1073","status":"publish","type":"post","link":"https:\/\/usagers-transports.haut-allier.eu\/index.php\/2024\/02\/05\/lignes-des-causses-et-du-train1073\/","title":{"rendered":"Lignes des Causses et du train C\u00e9venol : les travaux 2024 d\u00e9butent"},"content":{"rendered":"<p>Vous \u00e9tiez au courant depuis le 29 novembre avec <a href=\"https:\/\/usagers-transports.haut-allier.eu\/?comite-de-mobilite-auvergne-du-29,1048\"><em>cet article<\/em><\/a> mais SNCF R\u00e9seau vient juste de d\u00e9buter sa p\u00e9riode de travaux sur la ligne des C\u00e9vennes, avec coupure totale des circulations et <strong>\u00e7a va durer jusqu&rsquo;au 26 mai<\/strong>. Pareil sur la ligne de l&rsquo;Aubrac entre B\u00e9ziers et Neussargues, pareil sur la Transloz\u00e9rienne entre La Bastide et Le Monastier, pareil entre Riom et Volvic et m\u00eame au nord de Montlu\u00e7on.<br \/>\n&nbsp;<br \/>\nRevoici en r\u00e9sum\u00e9 les cartes des travaux dans les deux r\u00e9gions concern\u00e9es. Oui on peut remarquer c\u00f4t\u00e9 occitan une r\u00e9partition des chantiers sur pratiquement toutes nos lignes. Ce n&rsquo;est pas le cas en Auvergne Rh\u00f4ne Alpes loin de l\u00e0.<br \/>\n&nbsp;<br \/>\n<em>Travaux en Occitanie&#8230;<\/em><br \/>\n<img loading=\"lazy\" decoding=\"async\" class=\" aligncenter size-full wp-image-4909\" src=\"http:\/\/5.45.101.177\/haut-allier\/usagers-transportse\/wp-content\/uploads\/2024\/02\/chantiers-sncf-reseau-occ-2024-ann.jpg\" alt=\"chantiers-sncf-reseau-occ-2024-ann.jpg\" align=\"center\" width=\"1754\" height=\"1240\" srcset=\"https:\/\/usagers-transports.haut-allier.eu\/wp-content\/uploads\/2024\/02\/chantiers-sncf-reseau-occ-2024-ann.jpg 1754w, https:\/\/usagers-transports.haut-allier.eu\/wp-content\/uploads\/2024\/02\/chantiers-sncf-reseau-occ-2024-ann-300x212.jpg 300w, https:\/\/usagers-transports.haut-allier.eu\/wp-content\/uploads\/2024\/02\/chantiers-sncf-reseau-occ-2024-ann-1024x724.jpg 1024w, https:\/\/usagers-transports.haut-allier.eu\/wp-content\/uploads\/2024\/02\/chantiers-sncf-reseau-occ-2024-ann-768x543.jpg 768w, https:\/\/usagers-transports.haut-allier.eu\/wp-content\/uploads\/2024\/02\/chantiers-sncf-reseau-occ-2024-ann-1536x1086.jpg 1536w\" sizes=\"auto, (max-width: 1754px) 100vw, 1754px\" \/><br \/>\n&nbsp;<br \/>\n<em>Travaux en Rh\u00f4ne Alpes<\/em><br \/>\n<img loading=\"lazy\" decoding=\"async\" class=\" aligncenter size-full wp-image-4910\" src=\"http:\/\/5.45.101.177\/haut-allier\/usagers-transportse\/wp-content\/uploads\/2024\/02\/vdef_carte_travaux_aura_2024_hd-surl.jpg\" alt=\"vdef_carte_travaux_aura_2024_hd-surl.jpg\" align=\"center\" width=\"1984\" height=\"1403\" srcset=\"https:\/\/usagers-transports.haut-allier.eu\/wp-content\/uploads\/2024\/02\/vdef_carte_travaux_aura_2024_hd-surl.jpg 1984w, https:\/\/usagers-transports.haut-allier.eu\/wp-content\/uploads\/2024\/02\/vdef_carte_travaux_aura_2024_hd-surl-300x212.jpg 300w, https:\/\/usagers-transports.haut-allier.eu\/wp-content\/uploads\/2024\/02\/vdef_carte_travaux_aura_2024_hd-surl-1024x724.jpg 1024w, https:\/\/usagers-transports.haut-allier.eu\/wp-content\/uploads\/2024\/02\/vdef_carte_travaux_aura_2024_hd-surl-768x543.jpg 768w, https:\/\/usagers-transports.haut-allier.eu\/wp-content\/uploads\/2024\/02\/vdef_carte_travaux_aura_2024_hd-surl-1536x1086.jpg 1536w\" sizes=\"auto, (max-width: 1984px) 100vw, 1984px\" \/><br \/>\n&nbsp;<br \/>\nEn ces p\u00e9riodes de coupures si vous n&rsquo;avez pas d&rsquo;autres possibilit\u00e9s utilisez les bus et taxis de substitution. Retrouvez toutes les fiches horaires dans <a href=\"https:\/\/usagers-transports.haut-allier.eu\/?lignes-de-train-du-massif-central,1045\"><em>cet article<\/em><\/a>.<br \/>\n&nbsp;<br \/>\n<img loading=\"lazy\" decoding=\"async\" class=\" aligncenter size-full wp-image-4911\" src=\"http:\/\/5.45.101.177\/haut-allier\/usagers-transportse\/wp-content\/uploads\/2024\/02\/trvx.jpg\" alt=\"trvx.jpg\" align=\"center\" width=\"1500\" height=\"937\" srcset=\"https:\/\/usagers-transports.haut-allier.eu\/wp-content\/uploads\/2024\/02\/trvx.jpg 1500w, https:\/\/usagers-transports.haut-allier.eu\/wp-content\/uploads\/2024\/02\/trvx-300x187.jpg 300w, https:\/\/usagers-transports.haut-allier.eu\/wp-content\/uploads\/2024\/02\/trvx-1024x640.jpg 1024w, https:\/\/usagers-transports.haut-allier.eu\/wp-content\/uploads\/2024\/02\/trvx-768x480.jpg 768w\" sizes=\"auto, (max-width: 1500px) 100vw, 1500px\" \/><br \/>\n&nbsp;<\/p>\n","protected":false},"excerpt":{"rendered":"<p>Vous \u00e9tiez au courant depuis le 29 novembre avec cet article mais SNCF R\u00e9seau vient juste de d\u00e9buter<\/p>\n","protected":false},"author":1,"featured_media":4908,"comment_status":"closed","ping_status":"open","sticky":false,"template":"","format":"standard","meta":{"footnotes":""},"categories":[3],"tags":[],"class_list":["post-1073","post","type-post","status-publish","format-standard","has-post-thumbnail","hentry","category-en-train"],"_links":{"self":[{"href":"https:\/\/usagers-transports.haut-allier.eu\/index.php\/wp-json\/wp\/v2\/posts\/1073","targetHints":{"allow":["GET"]}}],"collection":[{"href":"https:\/\/usagers-transports.haut-allier.eu\/index.php\/wp-json\/wp\/v2\/posts"}],"about":[{"href":"https:\/\/usagers-transports.haut-allier.eu\/index.php\/wp-json\/wp\/v2\/types\/post"}],"author":[{"embeddable":true,"href":"https:\/\/usagers-transports.haut-allier.eu\/index.php\/wp-json\/wp\/v2\/users\/1"}],"replies":[{"embeddable":true,"href":"https:\/\/usagers-transports.haut-allier.eu\/index.php\/wp-json\/wp\/v2\/comments?post=1073"}],"version-history":[{"count":0,"href":"https:\/\/usagers-transports.haut-allier.eu\/index.php\/wp-json\/wp\/v2\/posts\/1073\/revisions"}],"wp:featuredmedia":[{"embeddable":true,"href":"https:\/\/usagers-transports.haut-allier.eu\/index.php\/wp-json\/wp\/v2\/media\/4908"}],"wp:attachment":[{"href":"https:\/\/usagers-transports.haut-allier.eu\/index.php\/wp-json\/wp\/v2\/media?parent=1073"}],"wp:term":[{"taxonomy":"category","embeddable":true,"href":"https:\/\/usagers-transports.haut-allier.eu\/index.php\/wp-json\/wp\/v2\/categories?post=1073"},{"taxonomy":"post_tag","embeddable":true,"href":"https:\/\/usagers-transports.haut-allier.eu\/index.php\/wp-json\/wp\/v2\/tags?post=1073"}],"curies":[{"name":"wp","href":"https:\/\/api.w.org\/{rel}","templated":true}]}}