{"id":1074,"date":"2024-02-12T08:42:24","date_gmt":"2024-02-12T07:42:24","guid":{"rendered":"http:\/\/5.45.101.177\/haut-allier\/usagers-transportse\/index.php\/2024\/02\/12\/signature-du-volet-ferroviaire-du1074\/"},"modified":"2024-02-12T08:42:24","modified_gmt":"2024-02-12T07:42:24","slug":"signature-du-volet-ferroviaire-du1074","status":"publish","type":"post","link":"https:\/\/usagers-transports.haut-allier.eu\/index.php\/2024\/02\/12\/signature-du-volet-ferroviaire-du1074\/","title":{"rendered":"Signature du volet ferroviaire du CPER 2027 : le Collectif AuRAil interpelle Etat et R\u00e9gion"},"content":{"rendered":"<p>La signature du contrat de plan Etat R\u00e9gion, volet ferroviaire, est pr\u00e9vue dans les jours qui viennent en Auvergne Rh\u00f4ne Alpes. Le Collectif des 18 organisations de d\u00e9fense des usagers de cette r\u00e9gion, qui vient d&rsquo;adopter son nom, <a href=\"https:\/\/aurail.canalblog.com\"><em>AuRAil<\/em><\/a>, vient d&rsquo;\u00e9mettre son avis sur le montant du financement d\u00e9di\u00e9 aux petites lignes et aux r\u00e9ouvertures, \u00e0 la presse et aux deux entit\u00e9s concern\u00e9es qu&rsquo;il a r\u00e9cemment rencontr\u00e9.<br \/>\n&nbsp;<br \/>\nLe communiqu\u00e9 :<br \/>\n&nbsp;<br \/>\n<a href=\"http:\/\/5.45.101.177\/haut-allier\/usagers-transportse\/wp-content\/uploads\/2024\/02\/cp-aurail-11fev2024-v1.pdf\">cp-aurail-11fev2024-v1.pdf<\/a><br \/>\n&nbsp;<br \/>\n<img loading=\"lazy\" decoding=\"async\" class=\" aligncenter size-full wp-image-4914\" src=\"http:\/\/5.45.101.177\/haut-allier\/usagers-transportse\/wp-content\/uploads\/2024\/02\/cp-aurail-11fev2024-v1-r.jpg\" alt=\"cp-aurail-11fev2024-v1-r.jpg\" align=\"center\" width=\"1240\" height=\"1753\" srcset=\"https:\/\/usagers-transports.haut-allier.eu\/wp-content\/uploads\/2024\/02\/cp-aurail-11fev2024-v1-r.jpg 1240w, https:\/\/usagers-transports.haut-allier.eu\/wp-content\/uploads\/2024\/02\/cp-aurail-11fev2024-v1-r-212x300.jpg 212w, https:\/\/usagers-transports.haut-allier.eu\/wp-content\/uploads\/2024\/02\/cp-aurail-11fev2024-v1-r-724x1024.jpg 724w, https:\/\/usagers-transports.haut-allier.eu\/wp-content\/uploads\/2024\/02\/cp-aurail-11fev2024-v1-r-768x1086.jpg 768w, https:\/\/usagers-transports.haut-allier.eu\/wp-content\/uploads\/2024\/02\/cp-aurail-11fev2024-v1-r-1087x1536.jpg 1087w\" sizes=\"auto, (max-width: 1240px) 100vw, 1240px\" \/><\/p>\n","protected":false},"excerpt":{"rendered":"<p>La signature du contrat de plan Etat R\u00e9gion, volet ferroviaire, est pr\u00e9vue dans les jours qui viennent en<\/p>\n","protected":false},"author":1,"featured_media":4912,"comment_status":"closed","ping_status":"open","sticky":false,"template":"","format":"standard","meta":{"footnotes":""},"categories":[8],"tags":[],"class_list":["post-1074","post","type-post","status-publish","format-standard","has-post-thumbnail","hentry","category-communiques"],"_links":{"self":[{"href":"https:\/\/usagers-transports.haut-allier.eu\/index.php\/wp-json\/wp\/v2\/posts\/1074","targetHints":{"allow":["GET"]}}],"collection":[{"href":"https:\/\/usagers-transports.haut-allier.eu\/index.php\/wp-json\/wp\/v2\/posts"}],"about":[{"href":"https:\/\/usagers-transports.haut-allier.eu\/index.php\/wp-json\/wp\/v2\/types\/post"}],"author":[{"embeddable":true,"href":"https:\/\/usagers-transports.haut-allier.eu\/index.php\/wp-json\/wp\/v2\/users\/1"}],"replies":[{"embeddable":true,"href":"https:\/\/usagers-transports.haut-allier.eu\/index.php\/wp-json\/wp\/v2\/comments?post=1074"}],"version-history":[{"count":0,"href":"https:\/\/usagers-transports.haut-allier.eu\/index.php\/wp-json\/wp\/v2\/posts\/1074\/revisions"}],"wp:featuredmedia":[{"embeddable":true,"href":"https:\/\/usagers-transports.haut-allier.eu\/index.php\/wp-json\/wp\/v2\/media\/4912"}],"wp:attachment":[{"href":"https:\/\/usagers-transports.haut-allier.eu\/index.php\/wp-json\/wp\/v2\/media?parent=1074"}],"wp:term":[{"taxonomy":"category","embeddable":true,"href":"https:\/\/usagers-transports.haut-allier.eu\/index.php\/wp-json\/wp\/v2\/categories?post=1074"},{"taxonomy":"post_tag","embeddable":true,"href":"https:\/\/usagers-transports.haut-allier.eu\/index.php\/wp-json\/wp\/v2\/tags?post=1074"}],"curies":[{"name":"wp","href":"https:\/\/api.w.org\/{rel}","templated":true}]}}