{"id":1075,"date":"2024-02-13T09:40:14","date_gmt":"2024-02-13T08:40:14","guid":{"rendered":"http:\/\/5.45.101.177\/haut-allier\/usagers-transportse\/index.php\/2024\/02\/13\/ligne-des-cevennes-et1075\/"},"modified":"2024-02-13T09:40:14","modified_gmt":"2024-02-13T08:40:14","slug":"ligne-des-cevennes-et1075","status":"publish","type":"post","link":"https:\/\/usagers-transports.haut-allier.eu\/index.php\/2024\/02\/13\/ligne-des-cevennes-et1075\/","title":{"rendered":"Ligne des C\u00e9vennes et Transloz\u00e9rienne : de quelle nature les travaux qui viennent de d\u00e9buter ?"},"content":{"rendered":"<p>Jusqu&rsquo;\u00e0 fin mai et \u00e0 la suite de l&rsquo;\u00e9boulement qui vient d&rsquo;\u00eatre \u00ab\u00a0trait\u00e9\u00a0\u00bb dans le haut Allier \u00e0 Pont Gibert (43) d\u00e9butent les travaux qui \u00e9taient programm\u00e9s depuis 2020 et ont \u00e9t\u00e9 d\u00e9cid\u00e9s au <a href=\"https:\/\/150ans.traincevenol.eu\/?event_listing=grand-colloque-sur-lavenir-de-la-ligne-marseille-nimes-vers-clermont-ferrand-paris\"><em>Colloque d&rsquo;Alleyras<\/em><\/a> en 2019, au nord de Langogne vers Langeac.<br \/>\n&nbsp;<br \/>\n<strong>Quid de ces op\u00e9rations ?<\/strong><br \/>\n&nbsp;<br \/>\nCes travaux sont r\u00e9alis\u00e9s pour \u00e9viter la mise en place de limitations de vitesse li\u00e9es au vieillissement de l\u2019infrastructure de la ligne et permettre de maintenir ses performances actuelles, performances bien mauvaises avec des limitations de vitesse \u00e0 40 km\/h entre Monistrol sur Allier et Chapeauroux alors que la ligne a toujours perform\u00e9 \u00e0 une vitesse nominale de 70 &#8211; 80 km\/h.<br \/>\n&nbsp;<br \/>\nLe chantier consiste en des travaux de remplacement de 2,5 km de rail et de 3800 traverses, puis 20 km de bourrage m\u00e9canique lourd, des travaux sur les ouvrages d\u2019art et en terre avec la r\u00e9g\u00e9n\u00e9ration de 7 murs de sout\u00e8nement, le confortement de 5 ouvrages en terre et des travaux de signalisation (remplacement de c\u00e2bles aux passages \u00e0 niveau, remise en peinture de 2 signaux), autrement dit pas grand chose et une longueur ridicule de r\u00e9g\u00e9n\u00e9ration compl\u00e8te de la voie, un dixi\u00e8me des 22 kms de voie d\u00e9grad\u00e9e entre Monistrol d&rsquo;Allier et Chapeauroux.<br \/>\n&nbsp;<br \/>\nLe financement de ces travaux est assur\u00e9 comme suit : la r\u00e9gion Auvergne Rh\u00f4ne Alpes 5166000 euros, l\u2019\u00c9tat 4287780 euros et SNCF R\u00e9seau 878220 euros, soit une dizaine de millions d&rsquo;euros.<br \/>\n&nbsp;<br \/>\n<strong>Les travaux ont d\u00e9but\u00e9 hier lundi 12 f\u00e9vrier<\/strong><br \/>\n&nbsp;<br \/>\nRappelons que la circulation des trains entre Langeac et Langogne est totalement coup\u00e9e jusqu&rsquo;au 24 mai 2024. Des autocars de substitution sont mis en place : renseignements au 09 69 32 21 41. Des taxis \u00e0 la demande sont mis \u00e9galement en place pour Monistrol d&rsquo;Allier, Alleyras et Chapeauroux.<br \/>\n&nbsp;<br \/>\n<em>La draisine pr\u00eate ce matin \u00e0 partir en mission dans les gorges sauvages \u00e0 Alleyras<\/em><br \/>\n<img loading=\"lazy\" decoding=\"async\" class=\" aligncenter size-full wp-image-4916\" src=\"http:\/\/5.45.101.177\/haut-allier\/usagers-transportse\/wp-content\/uploads\/2024\/02\/img_20240213_091127-2000.jpg\" alt=\"img_20240213_091127-2000.jpg\" align=\"center\" width=\"2000\" height=\"1500\" srcset=\"https:\/\/usagers-transports.haut-allier.eu\/wp-content\/uploads\/2024\/02\/img_20240213_091127-2000.jpg 2000w, https:\/\/usagers-transports.haut-allier.eu\/wp-content\/uploads\/2024\/02\/img_20240213_091127-2000-300x225.jpg 300w, https:\/\/usagers-transports.haut-allier.eu\/wp-content\/uploads\/2024\/02\/img_20240213_091127-2000-1024x768.jpg 1024w, https:\/\/usagers-transports.haut-allier.eu\/wp-content\/uploads\/2024\/02\/img_20240213_091127-2000-768x576.jpg 768w, https:\/\/usagers-transports.haut-allier.eu\/wp-content\/uploads\/2024\/02\/img_20240213_091127-2000-1536x1152.jpg 1536w\" sizes=\"auto, (max-width: 2000px) 100vw, 2000px\" \/><br \/>\n&nbsp;<br \/>\n<em>La voie suit l&rsquo;Allier pr\u00e8s d&rsquo;Alleyras<\/em><br \/>\n<img loading=\"lazy\" decoding=\"async\" class=\" aligncenter size-full wp-image-4917\" src=\"http:\/\/5.45.101.177\/haut-allier\/usagers-transportse\/wp-content\/uploads\/2024\/02\/img_20240211_094351-2000.jpg\" alt=\"img_20240211_094351-2000.jpg\" align=\"center\" width=\"2000\" height=\"1332\" srcset=\"https:\/\/usagers-transports.haut-allier.eu\/wp-content\/uploads\/2024\/02\/img_20240211_094351-2000.jpg 2000w, https:\/\/usagers-transports.haut-allier.eu\/wp-content\/uploads\/2024\/02\/img_20240211_094351-2000-300x200.jpg 300w, https:\/\/usagers-transports.haut-allier.eu\/wp-content\/uploads\/2024\/02\/img_20240211_094351-2000-1024x682.jpg 1024w, https:\/\/usagers-transports.haut-allier.eu\/wp-content\/uploads\/2024\/02\/img_20240211_094351-2000-768x511.jpg 768w, https:\/\/usagers-transports.haut-allier.eu\/wp-content\/uploads\/2024\/02\/img_20240211_094351-2000-1536x1023.jpg 1536w\" sizes=\"auto, (max-width: 2000px) 100vw, 2000px\" \/><br \/>\n&nbsp;<br \/>\n<strong>Et au sud de Langogne ?<\/strong><br \/>\n&nbsp;<br \/>\nUn investissement de l\u2019ordre de 11,7 millions d&rsquo;euros investis par l&rsquo;\u00c9tat (60,9%), la R\u00e9gion (31,1%) et SNCF R\u00e9seau (8%) pour le C\u00e9venol, et 7,8 millions d&rsquo;euros investis par l\u2019\u00c9tat (25%), la R\u00e9gion (66,5%) et SNCF R\u00e9seau (8,5%) pour le Transloz\u00e9rien.<br \/>\n&nbsp;<br \/>\nLes principales op\u00e9rations concernent pour la ligne N\u00eemes &#8211; Al\u00e8s &#8211; G\u00e9nolhac, le renouvellement de 12 kilom\u00e8tres de voie (rails, traverses et ballast), la r\u00e9g\u00e9n\u00e9ration de deux tunnels, la s\u00e9curisation d\u2019une paroi rocheuse et le renforcement d\u2019un mur de sout\u00e8nement.<br \/>\n&nbsp;<br \/>\nPour la ligne Le Monastier &#8211; La Bastide, le renouvellement de 5 kilom\u00e8tres de voie, la s\u00e9curisation de six parois rocheuses et la d\u00e9pose d&rsquo;une galerie pare-neige.<br \/>\n&nbsp;<br \/>\nLa majeure partie de ces travaux se d\u00e9roulera pendant les fermetures de ligne programm\u00e9es majoritairement pendant les vacances scolaires afin de minimiser la g\u00eane pour les abonn\u00e9s et les scolaires. Contrairement au nord de la ligne o\u00f9 l\u00e0 on coupe pendant presque 4 mois.<br \/>\n&nbsp;<br \/>\nLes travaux se d\u00e9rouleront en plusieurs phases qui n\u00e9cessiteront l&rsquo;interruption des circulations ferroviaires sur les secteurs suivants :<br \/>\n&#8211; du 10 au 25 f\u00e9vrier,  interruption des circulations entre Al\u00e8s, La Bastide, Mende et Marvejols<br \/>\n&#8211; du 2 au 7 avril, interruption des circulations entre La Bastide, Mende et Marvejols<br \/>\n&#8211; du 6 au 7 avril : interruption de la ligne depuis Al\u00e8s<br \/>\n&#8211; du 8 au 21 avril, interruption des circulations entre N\u00eemes et Al\u00e8s et entre La Bastide, Mende et Marvejols<br \/>\n&#8211; du 22 avril au 5 mai, interruption des circulations entre G\u00e9nolhac, La Bastide, Mende et Marvejols et du 6 au 24 mai, interruption des circulations entre La Bastide, Mende et Marvejols.<br \/>\n&nbsp;<br \/>\n<em>(R\u00e9dig\u00e9 avec Midi Libre, La Comm\u00e8re43 et Zoom d&rsquo;ici)<\/em><\/p>\n","protected":false},"excerpt":{"rendered":"<p>Jusqu&rsquo;\u00e0 fin mai et \u00e0 la suite de l&rsquo;\u00e9boulement qui vient d&rsquo;\u00eatre \u00ab\u00a0trait\u00e9\u00a0\u00bb dans le haut Allier \u00e0<\/p>\n","protected":false},"author":1,"featured_media":4915,"comment_status":"open","ping_status":"open","sticky":false,"template":"","format":"standard","meta":{"footnotes":""},"categories":[3],"tags":[],"class_list":["post-1075","post","type-post","status-publish","format-standard","has-post-thumbnail","hentry","category-en-train"],"_links":{"self":[{"href":"https:\/\/usagers-transports.haut-allier.eu\/index.php\/wp-json\/wp\/v2\/posts\/1075","targetHints":{"allow":["GET"]}}],"collection":[{"href":"https:\/\/usagers-transports.haut-allier.eu\/index.php\/wp-json\/wp\/v2\/posts"}],"about":[{"href":"https:\/\/usagers-transports.haut-allier.eu\/index.php\/wp-json\/wp\/v2\/types\/post"}],"author":[{"embeddable":true,"href":"https:\/\/usagers-transports.haut-allier.eu\/index.php\/wp-json\/wp\/v2\/users\/1"}],"replies":[{"embeddable":true,"href":"https:\/\/usagers-transports.haut-allier.eu\/index.php\/wp-json\/wp\/v2\/comments?post=1075"}],"version-history":[{"count":0,"href":"https:\/\/usagers-transports.haut-allier.eu\/index.php\/wp-json\/wp\/v2\/posts\/1075\/revisions"}],"wp:featuredmedia":[{"embeddable":true,"href":"https:\/\/usagers-transports.haut-allier.eu\/index.php\/wp-json\/wp\/v2\/media\/4915"}],"wp:attachment":[{"href":"https:\/\/usagers-transports.haut-allier.eu\/index.php\/wp-json\/wp\/v2\/media?parent=1075"}],"wp:term":[{"taxonomy":"category","embeddable":true,"href":"https:\/\/usagers-transports.haut-allier.eu\/index.php\/wp-json\/wp\/v2\/categories?post=1075"},{"taxonomy":"post_tag","embeddable":true,"href":"https:\/\/usagers-transports.haut-allier.eu\/index.php\/wp-json\/wp\/v2\/tags?post=1075"}],"curies":[{"name":"wp","href":"https:\/\/api.w.org\/{rel}","templated":true}]}}