{"id":1077,"date":"2024-02-29T11:16:51","date_gmt":"2024-02-29T10:16:51","guid":{"rendered":"http:\/\/5.45.101.177\/haut-allier\/usagers-transportse\/index.php\/2024\/02\/29\/bientot-des-trains-ave-nimes1077\/"},"modified":"2024-02-29T11:16:51","modified_gmt":"2024-02-29T10:16:51","slug":"bientot-des-trains-ave-nimes1077","status":"publish","type":"post","link":"https:\/\/usagers-transports.haut-allier.eu\/index.php\/2024\/02\/29\/bientot-des-trains-ave-nimes1077\/","title":{"rendered":"Bient\u00f4t de nouveaux trains AVE N\u00eemes Barcelona et Madrid"},"content":{"rendered":"<p>La compagnie ferroviaire espagnole RENFE vient d&rsquo;annoncer qu&rsquo;elle desservirait courant 2024 plusieurs nouvelles gares du littoral m\u00e9diterran\u00e9en dont N\u00eemes Pont du Gard et Montpellier \u00ab\u00a0Sud de France\u00a0\u00bb avec ses trains grande vitesse AVE vers l&rsquo;Espagne, Barcelona et Madrid notamment.<\/p>\n<p>Suite une ouverture du march\u00e9 fran\u00e7ais le 13 juillet 2023 qui s&rsquo;est bien pass\u00e9e, Renfe a confirm\u00e9 ses plans pour cette ann\u00e9e : \u00e9tendre ses op\u00e9rations \u00e0 Paris et quadrupler ses services en France. Le plan comprend l&rsquo;augmentation des 4 circulations quotidiennes actuelles \u00e0 16 trains grande vitesse par jour, le d\u00e9but de la concurrence dans le principal \u00ab\u00a0corridor de mobilit\u00e9\u00a0\u00bb fran\u00e7ais, soit Paris Lyon Marseille, ainsi que l&rsquo;augmentation des liaisons internationales entre les 2 pays sur Paris Barcelone, sur Lyon Barcelone et aussi sur Marseille Barcelone Madrid.<\/p>\n<p><strong>Ces possibilit\u00e9s \u00e9tendent encore celles de la ligne des C\u00e9vennes<\/strong><\/p>\n<p>D\u00e8s qu&rsquo;elle sera modernis\u00e9e et surtout disponible, fin mai, la ligne du train C\u00e9venol va donc voir ses potentialit\u00e9s cro\u00eetre m\u00eame si ces futurs trains AVE suppl\u00e9mentaires de la RENFE s&rsquo;arr\u00eateront \u00e0 la gare de N\u00eemes Pont-du-Gard. Celle &#8211; ci est facilement reli\u00e9e \u00e0 la gare Centre en 9 minutes par des TER :<\/p>\n<p><img loading=\"lazy\" decoding=\"async\" class=\" aligncenter size-full wp-image-4925\" src=\"http:\/\/5.45.101.177\/haut-allier\/usagers-transportse\/wp-content\/uploads\/2024\/02\/nimes-centre-pt-du-gard.png\" alt=\"nimes-centre-pt-du-gard.png\" align=\"center\" width=\"499\" height=\"370\" srcset=\"https:\/\/usagers-transports.haut-allier.eu\/wp-content\/uploads\/2024\/02\/nimes-centre-pt-du-gard.png 499w, https:\/\/usagers-transports.haut-allier.eu\/wp-content\/uploads\/2024\/02\/nimes-centre-pt-du-gard-300x222.png 300w\" sizes=\"auto, (max-width: 499px) 100vw, 499px\" \/> <\/p>\n<p>C&rsquo;est loin d&rsquo;\u00eatre le cas \u00e0 Montpellier qui voit sa gare Centre (Montpellier Saint-Roch) atteignable en 36 minutes minimum voire 42 de sa gare betterave \u00ab\u00a0Sud de France\u00a0\u00bb qui plus est en tramway + bus ou \u00e0 pied !<\/p>\n<p><strong>Des liaisons existent d\u00e9j\u00e0 avec N\u00eemes Centre et Montpellier St-Roch<\/strong><\/p>\n<p>Comme par exemple cet AVE RENFE du matin entre Marseille et Madrid :<\/p>\n<p><img loading=\"lazy\" decoding=\"async\" class=\" aligncenter size-full wp-image-4926\" src=\"http:\/\/5.45.101.177\/haut-allier\/usagers-transportse\/wp-content\/uploads\/2024\/02\/marseille-madrid.png\" alt=\"marseille-madrid.png\" align=\"center\" width=\"348\" height=\"564\" srcset=\"https:\/\/usagers-transports.haut-allier.eu\/wp-content\/uploads\/2024\/02\/marseille-madrid.png 348w, https:\/\/usagers-transports.haut-allier.eu\/wp-content\/uploads\/2024\/02\/marseille-madrid-185x300.png 185w\" sizes=\"auto, (max-width: 348px) 100vw, 348px\" \/><\/p>\n<p>Billets non achetables et cach\u00e9s sur <a href=\"https:\/\/www.sncf-connect.com\/\"><em>SNCF Connect<\/em><\/a>. Cette plateforme vous propose \u00e0 la place des TGV Inoui jusqu&rsquo;en Espagne voire Barcelona puis changement pour un train RENFE. Avec des billets quelquefois moins chers que ceux de <a href=\"https:\/\/venta.renfe.com\/\"><em>RENFE<\/em><\/a>. Comparez !<\/p>\n<p>Sachez toutefois que si vous vous inscrivez au programme \u00ab\u00a0<a href=\"https:\/\/venta.renfe.com\/vol\/loginCEX.do?c=\"><em>Mas RENFE<\/em><\/a>\u00a0\u00bb vous b\u00e9n\u00e9ficierez de 10 % de rabais sur vos billets.<\/p>\n<p><img loading=\"lazy\" decoding=\"async\" class=\" aligncenter size-full wp-image-4927\" src=\"http:\/\/5.45.101.177\/haut-allier\/usagers-transportse\/wp-content\/uploads\/2024\/02\/masrenfe.png\" alt=\"masrenfe.png\" align=\"center\" width=\"604\" height=\"373\" srcset=\"https:\/\/usagers-transports.haut-allier.eu\/wp-content\/uploads\/2024\/02\/masrenfe.png 604w, https:\/\/usagers-transports.haut-allier.eu\/wp-content\/uploads\/2024\/02\/masrenfe-300x185.png 300w\" sizes=\"auto, (max-width: 604px) 100vw, 604px\" \/><\/p>\n<p>Comparons pour le 1er mars (consultation de la veille donc) :<\/p>\n<p><img loading=\"lazy\" decoding=\"async\" class=\" aligncenter size-full wp-image-4928\" src=\"http:\/\/5.45.101.177\/haut-allier\/usagers-transportse\/wp-content\/uploads\/2024\/02\/renfe-billet.png\" alt=\"renfe-billet.png\" align=\"center\" width=\"1076\" height=\"554\" srcset=\"https:\/\/usagers-transports.haut-allier.eu\/wp-content\/uploads\/2024\/02\/renfe-billet.png 1076w, https:\/\/usagers-transports.haut-allier.eu\/wp-content\/uploads\/2024\/02\/renfe-billet-300x154.png 300w, https:\/\/usagers-transports.haut-allier.eu\/wp-content\/uploads\/2024\/02\/renfe-billet-1024x527.png 1024w, https:\/\/usagers-transports.haut-allier.eu\/wp-content\/uploads\/2024\/02\/renfe-billet-768x395.png 768w\" sizes=\"auto, (max-width: 1076px) 100vw, 1076px\" \/><\/p>\n<p><img loading=\"lazy\" decoding=\"async\" class=\" aligncenter size-full wp-image-4929\" src=\"http:\/\/5.45.101.177\/haut-allier\/usagers-transportse\/wp-content\/uploads\/2024\/02\/sncf-billetmadridnimes.png\" alt=\"sncf-billetmadridnimes.png\" align=\"center\" width=\"1197\" height=\"448\" srcset=\"https:\/\/usagers-transports.haut-allier.eu\/wp-content\/uploads\/2024\/02\/sncf-billetmadridnimes.png 1197w, https:\/\/usagers-transports.haut-allier.eu\/wp-content\/uploads\/2024\/02\/sncf-billetmadridnimes-300x112.png 300w, https:\/\/usagers-transports.haut-allier.eu\/wp-content\/uploads\/2024\/02\/sncf-billetmadridnimes-1024x383.png 1024w, https:\/\/usagers-transports.haut-allier.eu\/wp-content\/uploads\/2024\/02\/sncf-billetmadridnimes-768x287.png 768w\" sizes=\"auto, (max-width: 1197px) 100vw, 1197px\" \/><\/p>\n","protected":false},"excerpt":{"rendered":"<p>La compagnie ferroviaire espagnole RENFE vient d&rsquo;annoncer qu&rsquo;elle desservirait courant 2024 plusieurs nouvelles gares du littoral m\u00e9diterran\u00e9en dont<\/p>\n","protected":false},"author":1,"featured_media":4924,"comment_status":"closed","ping_status":"open","sticky":false,"template":"","format":"standard","meta":{"footnotes":""},"categories":[3],"tags":[],"class_list":["post-1077","post","type-post","status-publish","format-standard","has-post-thumbnail","hentry","category-en-train"],"_links":{"self":[{"href":"https:\/\/usagers-transports.haut-allier.eu\/index.php\/wp-json\/wp\/v2\/posts\/1077","targetHints":{"allow":["GET"]}}],"collection":[{"href":"https:\/\/usagers-transports.haut-allier.eu\/index.php\/wp-json\/wp\/v2\/posts"}],"about":[{"href":"https:\/\/usagers-transports.haut-allier.eu\/index.php\/wp-json\/wp\/v2\/types\/post"}],"author":[{"embeddable":true,"href":"https:\/\/usagers-transports.haut-allier.eu\/index.php\/wp-json\/wp\/v2\/users\/1"}],"replies":[{"embeddable":true,"href":"https:\/\/usagers-transports.haut-allier.eu\/index.php\/wp-json\/wp\/v2\/comments?post=1077"}],"version-history":[{"count":0,"href":"https:\/\/usagers-transports.haut-allier.eu\/index.php\/wp-json\/wp\/v2\/posts\/1077\/revisions"}],"wp:featuredmedia":[{"embeddable":true,"href":"https:\/\/usagers-transports.haut-allier.eu\/index.php\/wp-json\/wp\/v2\/media\/4924"}],"wp:attachment":[{"href":"https:\/\/usagers-transports.haut-allier.eu\/index.php\/wp-json\/wp\/v2\/media?parent=1077"}],"wp:term":[{"taxonomy":"category","embeddable":true,"href":"https:\/\/usagers-transports.haut-allier.eu\/index.php\/wp-json\/wp\/v2\/categories?post=1077"},{"taxonomy":"post_tag","embeddable":true,"href":"https:\/\/usagers-transports.haut-allier.eu\/index.php\/wp-json\/wp\/v2\/tags?post=1077"}],"curies":[{"name":"wp","href":"https:\/\/api.w.org\/{rel}","templated":true}]}}