{"id":1078,"date":"2024-02-29T13:21:54","date_gmt":"2024-02-29T12:21:54","guid":{"rendered":"http:\/\/5.45.101.177\/haut-allier\/usagers-transportse\/index.php\/2024\/02\/29\/le-massif-central-abandonne-le1078\/"},"modified":"2024-02-29T13:21:54","modified_gmt":"2024-02-29T12:21:54","slug":"le-massif-central-abandonne-le1078","status":"publish","type":"post","link":"https:\/\/usagers-transports.haut-allier.eu\/index.php\/2024\/02\/29\/le-massif-central-abandonne-le1078\/","title":{"rendered":"Le Massif Central abandonn\u00e9 ? Le ministre des transports acquiesce"},"content":{"rendered":"<p>Les d\u00e9put\u00e9s de l&rsquo;Aveyron ont \u00e9crit au ministre des transports Patrice Vergriete au sujet de la ligne de train de nuit Paris Rodez et de ses al\u00e9as de fonctionnement depuis six mois : \u00ab\u00a0On compte pr\u00e8s de 70 trains supprim\u00e9s, hors p\u00e9riode de mobilisations sociales\u00a0\u00bb, argue Laurent Alexandre, d\u00e9put\u00e9 Nupes. \u00ab\u00a0Les t\u00e9moignages d\u2019exasp\u00e9ration me remontent quotidiennement, de la part d\u2019\u00e9tudiants, de jeunes actifs, de familles ou encore de chefs d\u2019entreprise\u00a0\u00bb, \u00ab\u00a0100% de la population aveyronnaise est impact\u00e9e, avec le sentiment grandissant d\u2019\u00eatre prise en otage ou bien abandonn\u00e9e\u00a0\u00bb, d\u00e9clare \u00e0 son tout le d\u00e9put\u00e9 Renaissance St\u00e9phane Mazars.<br \/>\n&nbsp;<br \/>\nLe ministre tr\u00e8s r\u00e9cemment nomm\u00e9 leur r\u00e9pond : \u00ab\u00a0La desserte de Rodez devrait \u00eatre r\u00e9tablie sur une fr\u00e9quence quotidienne, au moins pour les vacances de P\u00e2ques\u00a0\u00bb.<br \/>\n&nbsp;<br \/>\nAu moins pour les vacances de P\u00e2ques&#8230; comprendre qu&rsquo;hors vacances scolaires les gal\u00e8res vont continuer.<br \/>\n&nbsp;<br \/>\nNous souhaitons bien du courage aux aveyronnais, mais aussi aux autres habitants du massif central, avec les difficult\u00e9s insolubles sur les Intercit\u00e9s Clermont Paris, Paris Brive Aurillac, les nombreuses coupures de circulations pour travaux alors que le minimum seulement est effectu\u00e9, les menaces de coupures d\u00e9finitives sur Le Puy Clermont, les r\u00e9ouvertures report\u00e9es comme S\u00e9verac &#8211; Rodez, et ne parlons pas du proche massif central comme Bo\u00ebn Saint-Etienne et autre ligne POLT.<br \/>\n&nbsp;<br \/>\nA lire l&rsquo;article de la D\u00e9p\u00eache publi\u00e9 hier :<br \/>\n<em>\u00ab\u00a0Le sentiment grandissant d\u2019\u00eatre abandonn\u00e9\u00a0\u00bb : le ministre aux Transports r\u00e9pond aux d\u00e9put\u00e9s de l&rsquo;Aveyron sur le train de nuit Paris-Rodez\u00a0\u00bb<\/em><\/p>\n<p><img loading=\"lazy\" decoding=\"async\" class=\" aligncenter size-full wp-image-4931\" src=\"http:\/\/5.45.101.177\/haut-allier\/usagers-transportse\/wp-content\/uploads\/2024\/02\/le-sentiment-grandissant-d_etre-abandonne-le-ministre-aux-transports-repond-aux-deputes-de-l-aveyron-sur-le-train-de-nuit-paris-rodez-ladepeche-fr.png\" alt=\"-le-sentiment-grandissant-d_etre-abandonne-le-ministre-aux-transports-repond-aux-deputes-de-l-aveyron-sur-le-train-de-nuit-paris-rodez-ladepeche-fr.png\" align=\"center\" width=\"903\" height=\"2428\" srcset=\"https:\/\/usagers-transports.haut-allier.eu\/wp-content\/uploads\/2024\/02\/le-sentiment-grandissant-d_etre-abandonne-le-ministre-aux-transports-repond-aux-deputes-de-l-aveyron-sur-le-train-de-nuit-paris-rodez-ladepeche-fr.png 903w, https:\/\/usagers-transports.haut-allier.eu\/wp-content\/uploads\/2024\/02\/le-sentiment-grandissant-d_etre-abandonne-le-ministre-aux-transports-repond-aux-deputes-de-l-aveyron-sur-le-train-de-nuit-paris-rodez-ladepeche-fr-112x300.png 112w, https:\/\/usagers-transports.haut-allier.eu\/wp-content\/uploads\/2024\/02\/le-sentiment-grandissant-d_etre-abandonne-le-ministre-aux-transports-repond-aux-deputes-de-l-aveyron-sur-le-train-de-nuit-paris-rodez-ladepeche-fr-381x1024.png 381w, https:\/\/usagers-transports.haut-allier.eu\/wp-content\/uploads\/2024\/02\/le-sentiment-grandissant-d_etre-abandonne-le-ministre-aux-transports-repond-aux-deputes-de-l-aveyron-sur-le-train-de-nuit-paris-rodez-ladepeche-fr-768x2065.png 768w, https:\/\/usagers-transports.haut-allier.eu\/wp-content\/uploads\/2024\/02\/le-sentiment-grandissant-d_etre-abandonne-le-ministre-aux-transports-repond-aux-deputes-de-l-aveyron-sur-le-train-de-nuit-paris-rodez-ladepeche-fr-571x1536.png 571w, https:\/\/usagers-transports.haut-allier.eu\/wp-content\/uploads\/2024\/02\/le-sentiment-grandissant-d_etre-abandonne-le-ministre-aux-transports-repond-aux-deputes-de-l-aveyron-sur-le-train-de-nuit-paris-rodez-ladepeche-fr-762x2048.png 762w\" sizes=\"auto, (max-width: 903px) 100vw, 903px\" \/><\/p>\n<p><strong> L\u2019exemple de l\u2019entreprise Vermorel de Rodez : C&rsquo;est devenu une catastrophe !<\/strong><\/p>\n<p>Autre article \u00e0 lire celui de Centre Presse Aveyron ce 1er mars :<\/p>\n<p><a href=\"https:\/\/www.centrepresseaveyron.fr\/2024\/03\/01\/difficultes-sur-le-train-de-nuit-rodez-paris-lexemple-edifiant-de-lentreprise-vermorel-qui-travaille-sur-le-chantier-de-notre-dame-11796014.php\"><em>Difficult\u00e9s sur le train de nuit Rodez-Paris : l\u2019exemple \u00ab\u00a0\u00e9difiant\u00a0\u00bb de l\u2019entreprise Vermorel qui travaille sur le chantier de Notre-Dame de Paris<\/em><br \/>\n<\/a><\/p>\n<p><img loading=\"lazy\" decoding=\"async\" class=\" aligncenter size-full wp-image-4932\" src=\"http:\/\/5.45.101.177\/haut-allier\/usagers-transportse\/wp-content\/uploads\/2024\/02\/difficultes-sur-le-train-de-nuit-rodez-paris-l_exemple-edifiant-de-l_entreprise-vermorel-qui-travaille-sur-le-chantier-de-notre-dame-de-paris-centrepresseaveyron-fr.png\" alt=\"difficultes-sur-le-train-de-nuit-rodez-paris-l_exemple-edifiant-de-l_entreprise-vermorel-qui-travaille-sur-le-chantier-de-notre-dame-de-paris-centrepresseaveyron-fr.png\" align=\"center\" width=\"898\" height=\"1375\" srcset=\"https:\/\/usagers-transports.haut-allier.eu\/wp-content\/uploads\/2024\/02\/difficultes-sur-le-train-de-nuit-rodez-paris-l_exemple-edifiant-de-l_entreprise-vermorel-qui-travaille-sur-le-chantier-de-notre-dame-de-paris-centrepresseaveyron-fr.png 898w, https:\/\/usagers-transports.haut-allier.eu\/wp-content\/uploads\/2024\/02\/difficultes-sur-le-train-de-nuit-rodez-paris-l_exemple-edifiant-de-l_entreprise-vermorel-qui-travaille-sur-le-chantier-de-notre-dame-de-paris-centrepresseaveyron-fr-196x300.png 196w, https:\/\/usagers-transports.haut-allier.eu\/wp-content\/uploads\/2024\/02\/difficultes-sur-le-train-de-nuit-rodez-paris-l_exemple-edifiant-de-l_entreprise-vermorel-qui-travaille-sur-le-chantier-de-notre-dame-de-paris-centrepresseaveyron-fr-669x1024.png 669w, https:\/\/usagers-transports.haut-allier.eu\/wp-content\/uploads\/2024\/02\/difficultes-sur-le-train-de-nuit-rodez-paris-l_exemple-edifiant-de-l_entreprise-vermorel-qui-travaille-sur-le-chantier-de-notre-dame-de-paris-centrepresseaveyron-fr-768x1176.png 768w\" sizes=\"auto, (max-width: 898px) 100vw, 898px\" \/><\/p>\n<p><em>[photo du logo : Centre Presse Aveyron &#8211; Herv\u00e9 Garic]<\/em><\/p>\n","protected":false},"excerpt":{"rendered":"<p>Les d\u00e9put\u00e9s de l&rsquo;Aveyron ont \u00e9crit au ministre des transports Patrice Vergriete au sujet de la ligne de<\/p>\n","protected":false},"author":1,"featured_media":4930,"comment_status":"closed","ping_status":"open","sticky":false,"template":"","format":"standard","meta":{"footnotes":""},"categories":[3],"tags":[],"class_list":["post-1078","post","type-post","status-publish","format-standard","has-post-thumbnail","hentry","category-en-train"],"_links":{"self":[{"href":"https:\/\/usagers-transports.haut-allier.eu\/index.php\/wp-json\/wp\/v2\/posts\/1078","targetHints":{"allow":["GET"]}}],"collection":[{"href":"https:\/\/usagers-transports.haut-allier.eu\/index.php\/wp-json\/wp\/v2\/posts"}],"about":[{"href":"https:\/\/usagers-transports.haut-allier.eu\/index.php\/wp-json\/wp\/v2\/types\/post"}],"author":[{"embeddable":true,"href":"https:\/\/usagers-transports.haut-allier.eu\/index.php\/wp-json\/wp\/v2\/users\/1"}],"replies":[{"embeddable":true,"href":"https:\/\/usagers-transports.haut-allier.eu\/index.php\/wp-json\/wp\/v2\/comments?post=1078"}],"version-history":[{"count":0,"href":"https:\/\/usagers-transports.haut-allier.eu\/index.php\/wp-json\/wp\/v2\/posts\/1078\/revisions"}],"wp:featuredmedia":[{"embeddable":true,"href":"https:\/\/usagers-transports.haut-allier.eu\/index.php\/wp-json\/wp\/v2\/media\/4930"}],"wp:attachment":[{"href":"https:\/\/usagers-transports.haut-allier.eu\/index.php\/wp-json\/wp\/v2\/media?parent=1078"}],"wp:term":[{"taxonomy":"category","embeddable":true,"href":"https:\/\/usagers-transports.haut-allier.eu\/index.php\/wp-json\/wp\/v2\/categories?post=1078"},{"taxonomy":"post_tag","embeddable":true,"href":"https:\/\/usagers-transports.haut-allier.eu\/index.php\/wp-json\/wp\/v2\/tags?post=1078"}],"curies":[{"name":"wp","href":"https:\/\/api.w.org\/{rel}","templated":true}]}}