{"id":1079,"date":"2024-03-07T16:17:24","date_gmt":"2024-03-07T15:17:24","guid":{"rendered":"http:\/\/5.45.101.177\/haut-allier\/usagers-transportse\/index.php\/2024\/03\/07\/confirme-la-promesse-de-passrail1079\/"},"modified":"2024-03-07T16:17:24","modified_gmt":"2024-03-07T15:17:24","slug":"confirme-la-promesse-de-passrail1079","status":"publish","type":"post","link":"https:\/\/usagers-transports.haut-allier.eu\/index.php\/2024\/03\/07\/confirme-la-promesse-de-passrail1079\/","title":{"rendered":"Confirm\u00e9 : La promesse de PassRail de Macron enterr\u00e9e"},"content":{"rendered":"<p>D&rsquo;un billet \u00ab\u00a0pass\u00a0\u00bb pour tous et tout le temps s&rsquo;entend. La version du ministre sera limit\u00e9e aux jeunes et limit\u00e9e l&rsquo;\u00e9t\u00e9 de plus \u00e0 une condition : que toutes les r\u00e9gions soient d&rsquo;accord. Ce qui sera difficile.  C&rsquo;est le ministre lui-m\u00eame Patrice Vergriete qui l&rsquo;a annonc\u00e9 devant les s\u00e9nateurs le 6 mars 2024 : <\/p>\n<p><strong> <em>\u00ab\u00a0Ce que j&rsquo;imagine proposer \u00e0 Madame la Pr\u00e9sidente de l&rsquo;ARF (association des r\u00e9gions de France) pourrait \u00eatre une exp\u00e9rimentation. L&rsquo;exp\u00e9rimentation d&rsquo;un Passrail cibl\u00e9 (limit\u00e9 aux&#8230;) sur les jeunes, cibl\u00e9 (limit\u00e9 \u00e0&#8230;) \u00e9galement sur la p\u00e9riode estivale, pour les r\u00e9seaux Intercit\u00e9s et TER. Il s&rsquo;agirait en quelque sorte d&rsquo;une tarification sociale pour les jeunes pour leur permettre de d\u00e9couvrir l&rsquo;ensemble des r\u00e9gions de notre beau pays.\u00a0\u00bb <\/em> <\/strong>   <\/p>\n<p>Alors que le pass rail allemand qui avait titill\u00e9 les esprits et avait \u00ab\u00a0inspir\u00e9\u00a0\u00bb Macron, a \u00e9t\u00e9 <a href=\"https:\/\/usagers-transports.haut-allier.eu\/?forfait-transports-publics-a-49,1069\"><em>reconduit pour 2024<\/em><\/a>. Toute l&rsquo;ann\u00e9e et pour tous.<\/p>\n<p>Sans commentaires.<\/p>\n<p><em>Le ministre annon\u00e7ant le nouveau recul du gouvernement :<\/em><\/p>\n<p><a href=\"http:\/\/5.45.101.177\/haut-allier\/usagers-transportse\/wp-content\/uploads\/2024\/03\/ssstwitter_com_1709813951455.mp4\">ssstwitter_com_1709813951455.mp4<\/a><\/p>\n","protected":false},"excerpt":{"rendered":"<p>D&rsquo;un billet \u00ab\u00a0pass\u00a0\u00bb pour tous et tout le temps s&rsquo;entend. La version du ministre sera limit\u00e9e aux jeunes<\/p>\n","protected":false},"author":1,"featured_media":4933,"comment_status":"closed","ping_status":"open","sticky":false,"template":"","format":"standard","meta":{"footnotes":""},"categories":[3],"tags":[],"class_list":["post-1079","post","type-post","status-publish","format-standard","has-post-thumbnail","hentry","category-en-train"],"_links":{"self":[{"href":"https:\/\/usagers-transports.haut-allier.eu\/index.php\/wp-json\/wp\/v2\/posts\/1079","targetHints":{"allow":["GET"]}}],"collection":[{"href":"https:\/\/usagers-transports.haut-allier.eu\/index.php\/wp-json\/wp\/v2\/posts"}],"about":[{"href":"https:\/\/usagers-transports.haut-allier.eu\/index.php\/wp-json\/wp\/v2\/types\/post"}],"author":[{"embeddable":true,"href":"https:\/\/usagers-transports.haut-allier.eu\/index.php\/wp-json\/wp\/v2\/users\/1"}],"replies":[{"embeddable":true,"href":"https:\/\/usagers-transports.haut-allier.eu\/index.php\/wp-json\/wp\/v2\/comments?post=1079"}],"version-history":[{"count":0,"href":"https:\/\/usagers-transports.haut-allier.eu\/index.php\/wp-json\/wp\/v2\/posts\/1079\/revisions"}],"wp:featuredmedia":[{"embeddable":true,"href":"https:\/\/usagers-transports.haut-allier.eu\/index.php\/wp-json\/wp\/v2\/media\/4933"}],"wp:attachment":[{"href":"https:\/\/usagers-transports.haut-allier.eu\/index.php\/wp-json\/wp\/v2\/media?parent=1079"}],"wp:term":[{"taxonomy":"category","embeddable":true,"href":"https:\/\/usagers-transports.haut-allier.eu\/index.php\/wp-json\/wp\/v2\/categories?post=1079"},{"taxonomy":"post_tag","embeddable":true,"href":"https:\/\/usagers-transports.haut-allier.eu\/index.php\/wp-json\/wp\/v2\/tags?post=1079"}],"curies":[{"name":"wp","href":"https:\/\/api.w.org\/{rel}","templated":true}]}}