{"id":108,"date":"2014-01-22T08:44:25","date_gmt":"2014-01-22T07:44:25","guid":{"rendered":"http:\/\/5.45.101.177\/haut-allier\/usagers-transportse\/index.php\/2014\/01\/22\/tourisme-une-decharge-sur-la-ligne108\/"},"modified":"2014-01-22T08:44:25","modified_gmt":"2014-01-22T07:44:25","slug":"tourisme-une-decharge-sur-la-ligne108","status":"publish","type":"post","link":"https:\/\/usagers-transports.haut-allier.eu\/index.php\/2014\/01\/22\/tourisme-une-decharge-sur-la-ligne108\/","title":{"rendered":"Tourisme : une d\u00e9charge sur la ligne du C\u00e9venol"},"content":{"rendered":"<p>Relev\u00e9 hier un long article sur la non finition des travaux du plan rail \u00e0 Chapeauroux notamment, sur le site d&rsquo;infos Zoom d&rsquo;Ici Haute-Loire. Le syndicat CGT des cheminots y d\u00e9nonce aussi l&rsquo;absence de contr\u00f4le des travaux financ\u00e9s par l&rsquo;argent public.<br \/>\n&nbsp;<br \/>\nMat\u00e9riaux abandonn\u00e9s sur place certes mais aussi des travaux non termin\u00e9s qui emp\u00eacheraient le rel\u00e8vement de la vitesse dans les gorges du Haut-Allier.<br \/>\n&nbsp;<br \/>\n<strong>A lire vite<\/strong> <a href=\"http:\/\/www.zoomdici.fr\/actualite\/Une-decharge-sur-la-ligne-des-Cevennes-id134470.html\"><strong>ici<\/strong><\/a><\/p>\n<p><img loading=\"lazy\" decoding=\"async\" class=\" aligncenter size-full wp-image-1571\" src=\"http:\/\/5.45.101.177\/haut-allier\/usagers-transportse\/wp-content\/uploads\/2014\/01\/decharge.jpg\" alt=\"decharge.jpg\" align=\"center\" width=\"440\" height=\"275\" srcset=\"https:\/\/usagers-transports.haut-allier.eu\/wp-content\/uploads\/2014\/01\/decharge.jpg 440w, https:\/\/usagers-transports.haut-allier.eu\/wp-content\/uploads\/2014\/01\/decharge-300x188.jpg 300w\" sizes=\"auto, (max-width: 440px) 100vw, 440px\" \/><\/p>\n","protected":false},"excerpt":{"rendered":"<p>Relev\u00e9 hier un long article sur la non finition des travaux du plan rail \u00e0 Chapeauroux notamment, sur<\/p>\n","protected":false},"author":1,"featured_media":1570,"comment_status":"closed","ping_status":"open","sticky":false,"template":"","format":"standard","meta":{"footnotes":""},"categories":[2],"tags":[],"class_list":["post-108","post","type-post","status-publish","format-standard","has-post-thumbnail","hentry","category-infos"],"_links":{"self":[{"href":"https:\/\/usagers-transports.haut-allier.eu\/index.php\/wp-json\/wp\/v2\/posts\/108","targetHints":{"allow":["GET"]}}],"collection":[{"href":"https:\/\/usagers-transports.haut-allier.eu\/index.php\/wp-json\/wp\/v2\/posts"}],"about":[{"href":"https:\/\/usagers-transports.haut-allier.eu\/index.php\/wp-json\/wp\/v2\/types\/post"}],"author":[{"embeddable":true,"href":"https:\/\/usagers-transports.haut-allier.eu\/index.php\/wp-json\/wp\/v2\/users\/1"}],"replies":[{"embeddable":true,"href":"https:\/\/usagers-transports.haut-allier.eu\/index.php\/wp-json\/wp\/v2\/comments?post=108"}],"version-history":[{"count":0,"href":"https:\/\/usagers-transports.haut-allier.eu\/index.php\/wp-json\/wp\/v2\/posts\/108\/revisions"}],"wp:featuredmedia":[{"embeddable":true,"href":"https:\/\/usagers-transports.haut-allier.eu\/index.php\/wp-json\/wp\/v2\/media\/1570"}],"wp:attachment":[{"href":"https:\/\/usagers-transports.haut-allier.eu\/index.php\/wp-json\/wp\/v2\/media?parent=108"}],"wp:term":[{"taxonomy":"category","embeddable":true,"href":"https:\/\/usagers-transports.haut-allier.eu\/index.php\/wp-json\/wp\/v2\/categories?post=108"},{"taxonomy":"post_tag","embeddable":true,"href":"https:\/\/usagers-transports.haut-allier.eu\/index.php\/wp-json\/wp\/v2\/tags?post=108"}],"curies":[{"name":"wp","href":"https:\/\/api.w.org\/{rel}","templated":true}]}}