{"id":1080,"date":"2024-03-14T07:41:14","date_gmt":"2024-03-14T06:41:14","guid":{"rendered":"http:\/\/5.45.101.177\/haut-allier\/usagers-transportse\/index.php\/2024\/03\/14\/trains-de-nuit-42-elus-et-conseils1080\/"},"modified":"2024-03-14T07:41:14","modified_gmt":"2024-03-14T06:41:14","slug":"trains-de-nuit-42-elus-et-conseils1080","status":"publish","type":"post","link":"https:\/\/usagers-transports.haut-allier.eu\/index.php\/2024\/03\/14\/trains-de-nuit-42-elus-et-conseils1080\/","title":{"rendered":"Trains de nuit : 43 \u00e9lus et conseils municipaux demandent \u00e0 l&rsquo;unanimit\u00e9 le retour du Paris Clermont-Ferrand N\u00eemes Marseille"},"content":{"rendered":"<p>Depuis sa disparition en 2003 les territoires du Puy de D\u00f4me, de Haute-Loire, de Loz\u00e8re et du Gard qu&rsquo;il desservait ont beaucoup de peine \u00e0 retenir les habitants. La dynamique apport\u00e9e par la facilit\u00e9 de se d\u00e9placer en train de nuit au nord et au sud du Massif central a disparu. <\/p>\n<p>Qu&rsquo;est-ce qui la remplace ? Plus rien, ou presque : les quelques TER de jour en fonctionnement 8 \u00e0 9 mois sur 12, ou la route en faisant des d\u00e9tours et en ajoutant stress et fatigue au volant. C&rsquo;est un v\u00e9ritable d\u00e9clin de la mobilit\u00e9 des habitants de nos territoires. <\/p>\n<p>Les responsables politiques du pays en sont conscients : tous les d\u00e9put\u00e9s concern\u00e9s du Puy de D\u00f4me, de la Haute-Loire et de la Loz\u00e8re ont <a href=\"https:\/\/usagers-transports.haut-allier.eu\/?retour-du-train-de-nuit-les-elus,676\"><em>\u00e9crit au ministre<\/em><\/a> pour demander son retour, tels Christine Pires Beaune (PS), Jean-Pierre Vigier (LR) et Pierre Morel A l\u2019Huissier (LR). Des questions \u00e9crites au gouvernement ont \u00e9t\u00e9 \u00e9galement envoy\u00e9es par Christine Pires Beaune (PS), Jean-Pierre Vigier (LR) et Andr\u00e9 Chassaigne (GDR).<\/p>\n<p>A eux se sont ajout\u00e9s les 39 communes du Massif central travers\u00e9es par le Paris &#8211; Clermont &#8211; N\u00eemes (Marseille), toutes sans exception demandent le retour du train nocturne. Tout cela est parfaitement visible sur cette <a href=\"https:\/\/umap.openstreetmap.fr\/fr\/map\/elus-municipaux-qui-sengagent-pour-les-trains-de-n_477270#7\/45.298\/2.148\"><em>carte interactive<\/em><\/a>. <strong>On note que c&rsquo;est la seule ligne de France qui mobilise autant d&rsquo;\u00e9lus !<\/strong><\/p>\n<p><a href=\"https:\/\/umap.openstreetmap.fr\/fr\/map\/elus-municipaux-qui-sengagent-pour-les-trains-de-n_477270#7\/45.298\/2.148\"><img loading=\"lazy\" decoding=\"async\" class=\" aligncenter size-full wp-image-4936\" src=\"http:\/\/5.45.101.177\/haut-allier\/usagers-transportse\/wp-content\/uploads\/2024\/03\/elus-municipaux-qui-s-engagent-pour-les-trains-de-nuit-umap.png\" alt=\"elus-municipaux-qui-s-engagent-pour-les-trains-de-nuit-umap.png\" align=\"center\" width=\"1057\" height=\"632\" srcset=\"https:\/\/usagers-transports.haut-allier.eu\/wp-content\/uploads\/2024\/03\/elus-municipaux-qui-s-engagent-pour-les-trains-de-nuit-umap.png 1057w, https:\/\/usagers-transports.haut-allier.eu\/wp-content\/uploads\/2024\/03\/elus-municipaux-qui-s-engagent-pour-les-trains-de-nuit-umap-300x179.png 300w, https:\/\/usagers-transports.haut-allier.eu\/wp-content\/uploads\/2024\/03\/elus-municipaux-qui-s-engagent-pour-les-trains-de-nuit-umap-1024x612.png 1024w, https:\/\/usagers-transports.haut-allier.eu\/wp-content\/uploads\/2024\/03\/elus-municipaux-qui-s-engagent-pour-les-trains-de-nuit-umap-768x459.png 768w\" sizes=\"auto, (max-width: 1057px) 100vw, 1057px\" \/><\/a><\/p>\n<p>Ont sign\u00e9s \u00e0 l&rsquo;unanimit\u00e9, maires et conseils municipaux de : <\/p>\n<p>&#8211; Brignon (Gard)<br \/>\n&#8211; Bordezac (Gard)<br \/>\n&#8211; Frug\u00e8res les Mines (Puy de D\u00f4me)<br \/>\n&#8211; Saint-Germain Lembron (Puy de D\u00f4me)<br \/>\n&#8211; Lablach\u00e8re (Ard\u00e8che)<br \/>\n&#8211; Saint-Laurent Chabreuges (Haute Loire)<br \/>\n&#8211; Prades (Haute-Loire)<br \/>\n&#8211; Saint-Haon (Haute-Loire)<br \/>\n&#8211; Ribaute les Tavernes (Gard)<br \/>\n&#8211; Salindres (Gard)<br \/>\n&#8211; Beaumont (Haute-Loire)<br \/>\n&#8211; Bouillargues (Gard)<br \/>\n&#8211; N\u00eemes (Gard)<br \/>\n&#8211; Loubaresse (Ard\u00e8che)<br \/>\n&#8211; Auroux (Loz\u00e8re)<br \/>\n&#8211; Sainte-Anastasie (Gard)<br \/>\n&#8211; Salles du Gardon (Gard)<br \/>\n&#8211; Maru\u00e9jols l\u00e8s Gardon (Gard)<br \/>\n&#8211; Cendras (Gard)<br \/>\n&#8211; Parignargues (Gard)<br \/>\n&#8211; Lesp\u00e9ron (Ard\u00e8che)<br \/>\n&#8211; Issoire (Puy de D\u00f4me)<br \/>\n&#8211; Pr\u00e9vench\u00e8res (Loz\u00e8re)<br \/>\n&#8211; Laveyrune (Loz\u00e8re)<br \/>\n&#8211; Les Pradeaux (Puy de D\u00f4me)<br \/>\n&#8211; Malons et Elze (Gard)<br \/>\n&#8211; Langogne (Loz\u00e8re)<br \/>\n&#8211; Saint-Andr\u00e9 Capc\u00e8ze (Loz\u00e8re)<br \/>\n&#8211; Altier (Loz\u00e8re)<br \/>\n&#8211; Brioude (Haute-Loire)<br \/>\n&#8211; Monistrol d\u2019Allier (Haute-Loire)<br \/>\n&#8211; Labastide Puylaurent (Loz\u00e8re)<br \/>\n&#8211; Alleyras (Haute-Loire)<br \/>\n&#8211; Sainte-Florine (Puy de D\u00f4me)<br \/>\n&#8211; Paulhaguet (Haute-Loire)<br \/>\n&#8211; La GrandCombe (Gard)<br \/>\n&#8211; Chamborigaud (Gard)<br \/>\n&#8211; G\u00e9nolhac (Gard)<br \/>\n&#8211; Vieille Brioude (Haute-Loire)<\/p>\n<p><em>Juin 1994 : Le train de nuit Paris &#8211; N\u00eemes passe au petit matin dans le site des galeries de Cr\u00e9mat et de Chaillet, en amont de Chapeauroux (Photo Philippe Val\u00e9riano) <\/em><br \/>\n<img loading=\"lazy\" decoding=\"async\" class=\" aligncenter size-full wp-image-4937\" src=\"http:\/\/5.45.101.177\/haut-allier\/usagers-transportse\/wp-content\/uploads\/2024\/03\/scan13032024161812_002.jpg\" alt=\"scan13032024161812_002.jpg\" align=\"center\" width=\"2176\" height=\"1480\" srcset=\"https:\/\/usagers-transports.haut-allier.eu\/wp-content\/uploads\/2024\/03\/scan13032024161812_002.jpg 2176w, https:\/\/usagers-transports.haut-allier.eu\/wp-content\/uploads\/2024\/03\/scan13032024161812_002-300x204.jpg 300w, https:\/\/usagers-transports.haut-allier.eu\/wp-content\/uploads\/2024\/03\/scan13032024161812_002-1024x696.jpg 1024w, https:\/\/usagers-transports.haut-allier.eu\/wp-content\/uploads\/2024\/03\/scan13032024161812_002-768x522.jpg 768w, https:\/\/usagers-transports.haut-allier.eu\/wp-content\/uploads\/2024\/03\/scan13032024161812_002-1536x1045.jpg 1536w, https:\/\/usagers-transports.haut-allier.eu\/wp-content\/uploads\/2024\/03\/scan13032024161812_002-2048x1393.jpg 2048w\" sizes=\"auto, (max-width: 2176px) 100vw, 2176px\" \/><\/p>\n<p>Cette mobilisation exemplaire pour une mobilit\u00e9 douce, \u00e9conomique (une nuit d&rsquo;h\u00f4tel gagn\u00e9e), respectueuse de l&rsquo;environnement, ne peut rester sans prise en compte du gouvernement. <strong>C&rsquo;est le sens de la lettre de rappel que nous adressons au nouveau ministre des transports Patrice Vergriete<\/strong> avec l&rsquo;association <a href=\"https:\/\/destinationtrainsdenuit.eu\"><em>Destination Train de Nuit<\/em><\/a> pour le retour de ce train de nuit de vie, qu&rsquo;il soit organis\u00e9 en syst\u00e8me \u00ab\u00a0tribranche\u00a0\u00bb \u00e0 partir de Clermont (\u00e9galement vers Aurillac et B\u00e9ziers) ou autre.<\/p>\n<p><img loading=\"lazy\" decoding=\"async\" class=\" aligncenter size-full wp-image-4938\" src=\"http:\/\/5.45.101.177\/haut-allier\/usagers-transportse\/wp-content\/uploads\/2024\/03\/lettre-pour-le-train-de-nuit-paris-clermont-nimes-marseille-13mars2024-v1-web.jpg\" alt=\"lettre-pour-le-train-de-nuit-paris-clermont-nimes-marseille-13mars2024-v1-web.jpg\" align=\"center\" width=\"620\" height=\"876\" srcset=\"https:\/\/usagers-transports.haut-allier.eu\/wp-content\/uploads\/2024\/03\/lettre-pour-le-train-de-nuit-paris-clermont-nimes-marseille-13mars2024-v1-web.jpg 620w, https:\/\/usagers-transports.haut-allier.eu\/wp-content\/uploads\/2024\/03\/lettre-pour-le-train-de-nuit-paris-clermont-nimes-marseille-13mars2024-v1-web-212x300.jpg 212w\" sizes=\"auto, (max-width: 620px) 100vw, 620px\" \/><\/p>\n<p>On pourra se r\u00e9f\u00e9rer \u00e0 nos actions commenc\u00e9es il y a plus de 4 ans :<br \/>\n&#8211; https:\/\/usagers-transports.haut-allier.eu\/?massif-central-une-desserte-en,1051<br \/>\n&#8211; https:\/\/usagers-transports.haut-allier.eu\/?beau-succes-pour-notre,947<br \/>\n&#8211; https:\/\/usagers-transports.haut-allier.eu\/?ou-en-sont-les-trains-de-nuit-en,642<br \/>\n&#8211; https:\/\/usagers-transports.haut-allier.eu\/?retour-du-train-de-nuit-les-elus,676<br \/>\n&#8211; https:\/\/usagers-transports.haut-allier.eu\/?ligne-du-train-cevenol-envoi-au,770<br \/>\n&#8211; https:\/\/usagers-transports.haut-allier.eu\/?le-retour-du-train-de-nuit-et-le,758<\/p>\n<p><em>Extrait des horaires sur l&rsquo;Indicateur Chaix<\/em><br \/>\n<img loading=\"lazy\" decoding=\"async\" class=\" aligncenter size-full wp-image-4939\" src=\"http:\/\/5.45.101.177\/haut-allier\/usagers-transportse\/wp-content\/uploads\/2024\/03\/horairestraindenuitnimesalleyrasparis-p-dc616.jpg\" alt=\"horairestraindenuitnimesalleyrasparis-p-dc616.jpg\" align=\"center\" width=\"640\" height=\"571\" srcset=\"https:\/\/usagers-transports.haut-allier.eu\/wp-content\/uploads\/2024\/03\/horairestraindenuitnimesalleyrasparis-p-dc616.jpg 640w, https:\/\/usagers-transports.haut-allier.eu\/wp-content\/uploads\/2024\/03\/horairestraindenuitnimesalleyrasparis-p-dc616-300x268.jpg 300w\" sizes=\"auto, (max-width: 640px) 100vw, 640px\" \/><\/p>\n<p><em>[Logo : le train de nuit Paris Clermont N\u00eemes passe en d\u00e9but de matin\u00e9e sur le viaduc de Fontanes, pr\u00e8s de Monistrol d&rsquo;Allier &#8211; Photo de Philippe Val\u00e9riano]<\/em><\/p>\n","protected":false},"excerpt":{"rendered":"<p>Depuis sa disparition en 2003 les territoires du Puy de D\u00f4me, de Haute-Loire, de Loz\u00e8re et du Gard<\/p>\n","protected":false},"author":1,"featured_media":4935,"comment_status":"closed","ping_status":"open","sticky":false,"template":"","format":"standard","meta":{"footnotes":""},"categories":[8],"tags":[],"class_list":["post-1080","post","type-post","status-publish","format-standard","has-post-thumbnail","hentry","category-communiques"],"_links":{"self":[{"href":"https:\/\/usagers-transports.haut-allier.eu\/index.php\/wp-json\/wp\/v2\/posts\/1080","targetHints":{"allow":["GET"]}}],"collection":[{"href":"https:\/\/usagers-transports.haut-allier.eu\/index.php\/wp-json\/wp\/v2\/posts"}],"about":[{"href":"https:\/\/usagers-transports.haut-allier.eu\/index.php\/wp-json\/wp\/v2\/types\/post"}],"author":[{"embeddable":true,"href":"https:\/\/usagers-transports.haut-allier.eu\/index.php\/wp-json\/wp\/v2\/users\/1"}],"replies":[{"embeddable":true,"href":"https:\/\/usagers-transports.haut-allier.eu\/index.php\/wp-json\/wp\/v2\/comments?post=1080"}],"version-history":[{"count":0,"href":"https:\/\/usagers-transports.haut-allier.eu\/index.php\/wp-json\/wp\/v2\/posts\/1080\/revisions"}],"wp:featuredmedia":[{"embeddable":true,"href":"https:\/\/usagers-transports.haut-allier.eu\/index.php\/wp-json\/wp\/v2\/media\/4935"}],"wp:attachment":[{"href":"https:\/\/usagers-transports.haut-allier.eu\/index.php\/wp-json\/wp\/v2\/media?parent=1080"}],"wp:term":[{"taxonomy":"category","embeddable":true,"href":"https:\/\/usagers-transports.haut-allier.eu\/index.php\/wp-json\/wp\/v2\/categories?post=1080"},{"taxonomy":"post_tag","embeddable":true,"href":"https:\/\/usagers-transports.haut-allier.eu\/index.php\/wp-json\/wp\/v2\/tags?post=1080"}],"curies":[{"name":"wp","href":"https:\/\/api.w.org\/{rel}","templated":true}]}}