{"id":1081,"date":"2024-03-21T18:53:47","date_gmt":"2024-03-21T17:53:47","guid":{"rendered":"http:\/\/5.45.101.177\/haut-allier\/usagers-transportse\/index.php\/2024\/03\/21\/pont-routier-ecroule-de1081\/"},"modified":"2024-03-21T18:53:47","modified_gmt":"2024-03-21T17:53:47","slug":"pont-routier-ecroule-de1081","status":"publish","type":"post","link":"https:\/\/usagers-transports.haut-allier.eu\/index.php\/2024\/03\/21\/pont-routier-ecroule-de1081\/","title":{"rendered":"Pont routier \u00e9croul\u00e9 de Chamborigaud : la r\u00e9gion Occitanie renforce sa desserte en trains [MAJ]"},"content":{"rendered":"<p>Le trafic routier est coup\u00e9 sur la D906 la route principale Clermont-Ferrand Al\u00e8s N\u00eemes au niveau de l&rsquo;entr\u00e9e nord de Chamborigaud (Gard). A la demande du Comit\u00e9 de d\u00e9fense des services publics en Hautes C\u00e9vennes d\u00e8s le 18 mars, la r\u00e9gion Occitanie et la SNCF viennent de renforcer la desserte de la gare de la commune comme suit :<\/p>\n<p><strong>Tous les trains qui circulent en plus le vendredi desservent tous Chamborigaud en nominal :<\/strong><\/p>\n<p>&#8211;    (N\u00eemes 11h20) Chamborigaud 12h32 (G\u00e9nolhac 12h41)<br \/>\n&#8211;    (G\u00e9nolhac 14h18 ) Chamborigaud 14h27 (N\u00eemes 16h04)<br \/>\n&#8211;    (Mende 16h56) Chamborigaud 18h55 (Nimes 20h03), probablement le train des internes<br \/>\n&#8211;    (N\u00eemes 21h21) Chamborigaud 22h32 (La Bastide 23h16)<\/p>\n<p><strong>De plus \u00e0 la demande de la r\u00e9gion deux arr\u00eats sont ajout\u00e9s sur les 2 trains indiqu\u00e9s seront effectu\u00e9s tous les jours :<\/strong><\/p>\n<p>&#8211;    Chamborigaud \u00e0 16h53 sur le La Bastide 16h12 Nimes 18h02<br \/>\n&#8211;    Chamborigaud \u00e0 15h07 sur le Nimes 13h57 La Bastide 15h49<\/p>\n<p><img loading=\"lazy\" decoding=\"async\" class=\" aligncenter size-full wp-image-4941\" src=\"http:\/\/5.45.101.177\/haut-allier\/usagers-transportse\/wp-content\/uploads\/2024\/03\/visualisation-cartographique-geoportail.png\" alt=\"visualisation-cartographique-geoportail.png\" align=\"center\" width=\"868\" height=\"516\" srcset=\"https:\/\/usagers-transports.haut-allier.eu\/wp-content\/uploads\/2024\/03\/visualisation-cartographique-geoportail.png 868w, https:\/\/usagers-transports.haut-allier.eu\/wp-content\/uploads\/2024\/03\/visualisation-cartographique-geoportail-300x178.png 300w, https:\/\/usagers-transports.haut-allier.eu\/wp-content\/uploads\/2024\/03\/visualisation-cartographique-geoportail-768x457.png 768w\" sizes=\"auto, (max-width: 868px) 100vw, 868px\" \/><\/p>\n<p><strong>Il y aura donc 13 arr\u00eats en semaine (6 allers et 7 retours) , et 17 le vendredi (8 allers et 9 retours)<\/strong><\/p>\n<p>Ces dessertes \u00e9volueront dans les prochaines semaines sans doute.<\/p>\n<p>Bravo \u00e0 l&rsquo;Occitanie toujours attentive au service de ses territoires.<\/p>\n<p><em>Image Midi Libre<\/em><br \/>\n<img loading=\"lazy\" decoding=\"async\" class=\" aligncenter size-full wp-image-4942\" src=\"http:\/\/5.45.101.177\/haut-allier\/usagers-transportse\/wp-content\/uploads\/2024\/03\/imagepc02.jpg\" alt=\"imagepc02.jpg\" align=\"center\" width=\"1573\" height=\"877\" srcset=\"https:\/\/usagers-transports.haut-allier.eu\/wp-content\/uploads\/2024\/03\/imagepc02.jpg 1573w, https:\/\/usagers-transports.haut-allier.eu\/wp-content\/uploads\/2024\/03\/imagepc02-300x167.jpg 300w, https:\/\/usagers-transports.haut-allier.eu\/wp-content\/uploads\/2024\/03\/imagepc02-1024x571.jpg 1024w, https:\/\/usagers-transports.haut-allier.eu\/wp-content\/uploads\/2024\/03\/imagepc02-768x428.jpg 768w, https:\/\/usagers-transports.haut-allier.eu\/wp-content\/uploads\/2024\/03\/imagepc02-1536x856.jpg 1536w\" sizes=\"auto, (max-width: 1573px) 100vw, 1573px\" \/><\/p>\n<p><strong>[Mise \u00e0 jour du 24 mars]<\/strong><\/p>\n<p>Un pont provisoire sera install\u00e9 dont les travaux d\u00e9buteront mardi 26 mars.<\/p>\n<p> Le conseil d\u00e9partemental du Gard, ma\u00eetre d\u2019oeuvre du projet car responsable des infrastructures routi\u00e8res, esp\u00e8re voir ouvrir ce nouveau passage d\u2019ici un mois.<\/p>\n<p>L\u2019infrastructure, pr\u00e9vue submersible en cas d\u2019inondation, assurera un passage de 3 fois 3 m\u00e8tres pour l\u2019\u00e9coulement de la rivi\u00e8re Luech.<\/p>\n<p><em>[Photo du logo : France 3]<\/em><\/p>\n","protected":false},"excerpt":{"rendered":"<p>Le trafic routier est coup\u00e9 sur la D906 la route principale Clermont-Ferrand Al\u00e8s N\u00eemes au niveau de l&rsquo;entr\u00e9e<\/p>\n","protected":false},"author":1,"featured_media":4940,"comment_status":"closed","ping_status":"open","sticky":false,"template":"","format":"standard","meta":{"footnotes":""},"categories":[2],"tags":[],"class_list":["post-1081","post","type-post","status-publish","format-standard","has-post-thumbnail","hentry","category-infos"],"_links":{"self":[{"href":"https:\/\/usagers-transports.haut-allier.eu\/index.php\/wp-json\/wp\/v2\/posts\/1081","targetHints":{"allow":["GET"]}}],"collection":[{"href":"https:\/\/usagers-transports.haut-allier.eu\/index.php\/wp-json\/wp\/v2\/posts"}],"about":[{"href":"https:\/\/usagers-transports.haut-allier.eu\/index.php\/wp-json\/wp\/v2\/types\/post"}],"author":[{"embeddable":true,"href":"https:\/\/usagers-transports.haut-allier.eu\/index.php\/wp-json\/wp\/v2\/users\/1"}],"replies":[{"embeddable":true,"href":"https:\/\/usagers-transports.haut-allier.eu\/index.php\/wp-json\/wp\/v2\/comments?post=1081"}],"version-history":[{"count":0,"href":"https:\/\/usagers-transports.haut-allier.eu\/index.php\/wp-json\/wp\/v2\/posts\/1081\/revisions"}],"wp:featuredmedia":[{"embeddable":true,"href":"https:\/\/usagers-transports.haut-allier.eu\/index.php\/wp-json\/wp\/v2\/media\/4940"}],"wp:attachment":[{"href":"https:\/\/usagers-transports.haut-allier.eu\/index.php\/wp-json\/wp\/v2\/media?parent=1081"}],"wp:term":[{"taxonomy":"category","embeddable":true,"href":"https:\/\/usagers-transports.haut-allier.eu\/index.php\/wp-json\/wp\/v2\/categories?post=1081"},{"taxonomy":"post_tag","embeddable":true,"href":"https:\/\/usagers-transports.haut-allier.eu\/index.php\/wp-json\/wp\/v2\/tags?post=1081"}],"curies":[{"name":"wp","href":"https:\/\/api.w.org\/{rel}","templated":true}]}}