{"id":1082,"date":"2024-03-27T10:57:37","date_gmt":"2024-03-27T09:57:37","guid":{"rendered":"http:\/\/5.45.101.177\/haut-allier\/usagers-transportse\/index.php\/2024\/03\/27\/prix-des-billets-ter-une-petition1082\/"},"modified":"2024-03-27T10:57:37","modified_gmt":"2024-03-27T09:57:37","slug":"prix-des-billets-ter-une-petition1082","status":"publish","type":"post","link":"https:\/\/usagers-transports.haut-allier.eu\/index.php\/2024\/03\/27\/prix-des-billets-ter-une-petition1082\/","title":{"rendered":"Prix des billets TER : une p\u00e9tition pour demander l&rsquo;alignement sur celui d&rsquo;un covoiturage"},"content":{"rendered":"<p>Si certaines r\u00e9gions, peu nombreuses il est vrai, pratiquent \u00e0 intervalles r\u00e9guliers des prix planchers des billets TER, comme la r\u00e9gion Occitanie tous les premiers weekends du mois avec ses billets \u00e0 un euro sur tout le r\u00e9seau, d&rsquo;autres comme Auvergne Rh\u00f4ne Alpes, comme PACA, se fichent bien de motiver les citoyens pour qu&rsquo;ils changent leurs habitudes de d\u00e9placement. Au contraire, moins ils ont de personnes \u00e0 transporter mieux se portent leurs budgets.<br \/>\n&nbsp;<br \/>\nPartant de ce constat une p\u00e9tition vient d&rsquo;\u00eatre lanc\u00e9e, dont nous sommes cosignataires, pour demander des tarifs TER align\u00e9s sur le prix du covoiturage. L&rsquo;initiative vient du collectif <em>Oui au train de nuit<\/em>, r\u00e9dacteur d&rsquo;<a href=\"https:\/\/blogs.mediapart.fr\/ouiautraindenuit\/blog\/250324\/pour-le-train-regional-au-prix-du-covoiturage\"><em>un article sur le sujet<\/em><\/a> dans le blog du site M\u00e9diapart.<br \/>\n&nbsp;<br \/>\n<em>Extraits de l&rsquo;article :<br \/>\n<\/em><br \/>\n&nbsp;<\/p>\n<blockquote class=\"poesie\"><p>\nLe plein tarif des TER est deux fois plus cher que le covoiturage. Les voyageurs sans r\u00e9duction ont tendance \u00e0 se reporter sur l\u2019automobile, qui r\u00e9alise 80 % des d\u00e9placements. Pour ceux qui recherchent une alternative, le covoiturage est devenu la r\u00e9f\u00e9rence des prix. Alors pour faire revenir les voyageurs vers le train, bient\u00f4t un \u00ab tarif pour tous au prix du covoiturage \u00bb ?<\/p>\n<p><strong>De nombreux voyageurs occasionnels sont d\u00e9courag\u00e9s par les prix<br \/>\n<\/strong><\/p>\n<p>Les prix du Train Express R\u00e9gional (TER) sont souvent incompr\u00e9hensibles pour les usagers et plus encore pour les non-usagers. Certains usagers experts, ou les abonn\u00e9s, payent parfois un prix attractif. A l\u2019inverse, les voyageurs sans abonnement, appel\u00e9s \u00ab voyageurs occasionnels \u00bb, sont confront\u00e9s \u00e0 des prix beaucoup trop \u00e9lev\u00e9s. Le plein tarif, relativement similaire d\u2019une r\u00e9gion \u00e0 l\u2019autre, est environ deux fois plus cher que le covoiturage : \u00ab Je suis all\u00e9 \u00e0 la gare et, vu le prix du TER, 55\u20ac pour faire 150km entre Tarbes et Toulouse aller-retour, finalement j\u2019ai pris ma voiture. D\u2019ailleurs, le covoiturage est \u00e0 26\u20ac aller-retour \u00bb, t\u00e9moigne un habitu\u00e9 de l\u2019automobile.<\/p>\n<p><strong>Le covoiturage est la r\u00e9f\u00e9rence des prix<\/strong><\/p>\n<p>En France 83 % des courtes distances sont parcourues en voiture individuelle. Dans la ruralit\u00e9 et dans les villes moyennes l\u2019usage de la voiture est la norme. Pour ceux qui recherchent une alternative, la r\u00e9f\u00e9rence est donc le covoiturage. Pour que les voyageurs se reportent vers le train, le prix a besoin d\u2019\u00eatre comp\u00e9titif avec le covoiturage, soit environ &#8211; 50 % du plein tarif actuel du TER.<\/p>\n<\/blockquote>\n<p>On peut signer la p\u00e9tition ici :<\/p>\n<p><a href=\"https:\/\/agir.greenvoice.fr\/petitions\/pour-le-ter-au-prix-du-covoiturage\"><img loading=\"lazy\" decoding=\"async\" class=\" aligncenter size-full wp-image-4944\" src=\"http:\/\/5.45.101.177\/haut-allier\/usagers-transportse\/wp-content\/uploads\/2024\/03\/pour-le-ter-au-prix-du-covoiturage-greenvoice.png\" alt=\"pour-le-ter-au-prix-du-covoiturage-greenvoice.png\" align=\"center\" width=\"499\" height=\"576\" srcset=\"https:\/\/usagers-transports.haut-allier.eu\/wp-content\/uploads\/2024\/03\/pour-le-ter-au-prix-du-covoiturage-greenvoice.png 499w, https:\/\/usagers-transports.haut-allier.eu\/wp-content\/uploads\/2024\/03\/pour-le-ter-au-prix-du-covoiturage-greenvoice-260x300.png 260w\" sizes=\"auto, (max-width: 499px) 100vw, 499px\" \/><\/a><\/p>\n<p><strong>Dans la presse :<\/strong><\/p>\n<p>&#8211; Totem Radio : journal du 15 avril 2024 \u00e0 06h00 :<\/p>\n<p><a href=\"http:\/\/5.45.101.177\/haut-allier\/usagers-transportse\/wp-content\/uploads\/2024\/03\/totem-15042024-06h00.mp3\">L&rsquo;info du Cantal 15\/04\/24 ? 06h00<\/a><\/p>\n<p>&#8211; Totem Radio : journal du 15 avril 2024 \u00e0 06h30 :<\/p>\n<p><a href=\"http:\/\/5.45.101.177\/haut-allier\/usagers-transportse\/wp-content\/uploads\/2024\/03\/totem-15042024-06h30.mp3\">L&rsquo;info du Cantal 15\/04\/24 ? 06h29<\/a><\/p>\n<p>&#8211; Totem Radio : journal du 15 avril 2024 \u00e0 07h30 :<\/p>\n<p><a href=\"http:\/\/5.45.101.177\/haut-allier\/usagers-transportse\/wp-content\/uploads\/2024\/03\/totem-15042024-07h30.mp3\">L&rsquo;info du Cantal 15\/04\/24 ? 07h30<\/a><\/p>\n<p>&#8211; Totem Radio : journal du 15 avril 2024 \u00e0 08h30 :<\/p>\n<p><a href=\"http:\/\/5.45.101.177\/haut-allier\/usagers-transportse\/wp-content\/uploads\/2024\/03\/totem-15042024-08h30.mp3\">L&rsquo;info du Cantal 15\/04\/24 ? 08h29<\/a><\/p>\n<p>&#8211; Totem Radio : journal du 15 avril 2024 \u00e0 12h00 :<\/p>\n<p><a href=\"http:\/\/5.45.101.177\/haut-allier\/usagers-transportse\/wp-content\/uploads\/2024\/03\/totem-15042024-12h00.mp3\">L&rsquo;info du Cantal 15\/04\/24 ? 12h00<\/a><\/p>\n<p>&#8211; Le Progr\u00e8s Loire Soir et Haute-Loire Soir du 16 avril 2024 :<br \/>\n<img loading=\"lazy\" decoding=\"async\" class=\" aligncenter size-full wp-image-4950\" src=\"http:\/\/5.45.101.177\/haut-allier\/usagers-transportse\/wp-content\/uploads\/2024\/03\/une-leprogres-haute-loire-mardi_16avril2024-1500.jpg\" alt=\"une-leprogres-haute-loire-mardi_16avril2024-1500.jpg\" align=\"center\" width=\"1030\" height=\"1500\" srcset=\"https:\/\/usagers-transports.haut-allier.eu\/wp-content\/uploads\/2024\/03\/une-leprogres-haute-loire-mardi_16avril2024-1500.jpg 1030w, https:\/\/usagers-transports.haut-allier.eu\/wp-content\/uploads\/2024\/03\/une-leprogres-haute-loire-mardi_16avril2024-1500-206x300.jpg 206w, https:\/\/usagers-transports.haut-allier.eu\/wp-content\/uploads\/2024\/03\/une-leprogres-haute-loire-mardi_16avril2024-1500-703x1024.jpg 703w, https:\/\/usagers-transports.haut-allier.eu\/wp-content\/uploads\/2024\/03\/une-leprogres-haute-loire-mardi_16avril2024-1500-768x1118.jpg 768w\" sizes=\"auto, (max-width: 1030px) 100vw, 1030px\" \/><\/p>\n<p>&#8211; Le Progr\u00e8s Loire et La Tribune de Haute-Loire du 17 avril 2024 :<br \/>\n<img loading=\"lazy\" decoding=\"async\" class=\" aligncenter size-full wp-image-4951\" src=\"http:\/\/5.45.101.177\/haut-allier\/usagers-transportse\/wp-content\/uploads\/2024\/03\/une-leprogres-loire-haute-loire-17avril2024-1500.jpg\" alt=\"une-leprogres-loire-haute-loire-17avril2024-1500.jpg\" align=\"center\" width=\"1500\" height=\"671\" srcset=\"https:\/\/usagers-transports.haut-allier.eu\/wp-content\/uploads\/2024\/03\/une-leprogres-loire-haute-loire-17avril2024-1500.jpg 1500w, https:\/\/usagers-transports.haut-allier.eu\/wp-content\/uploads\/2024\/03\/une-leprogres-loire-haute-loire-17avril2024-1500-300x134.jpg 300w, https:\/\/usagers-transports.haut-allier.eu\/wp-content\/uploads\/2024\/03\/une-leprogres-loire-haute-loire-17avril2024-1500-1024x458.jpg 1024w, https:\/\/usagers-transports.haut-allier.eu\/wp-content\/uploads\/2024\/03\/une-leprogres-loire-haute-loire-17avril2024-1500-768x344.jpg 768w\" sizes=\"auto, (max-width: 1500px) 100vw, 1500px\" \/><br \/>\n<img loading=\"lazy\" decoding=\"async\" class=\" aligncenter size-full wp-image-4952\" src=\"http:\/\/5.45.101.177\/haut-allier\/usagers-transportse\/wp-content\/uploads\/2024\/03\/latribune-leprogres-loire-haute-loire-17avril2024-1500.jpg\" alt=\"latribune-leprogres-loire-haute-loire-17avril2024-1500.jpg\" align=\"center\" width=\"1121\" height=\"1500\" srcset=\"https:\/\/usagers-transports.haut-allier.eu\/wp-content\/uploads\/2024\/03\/latribune-leprogres-loire-haute-loire-17avril2024-1500.jpg 1121w, https:\/\/usagers-transports.haut-allier.eu\/wp-content\/uploads\/2024\/03\/latribune-leprogres-loire-haute-loire-17avril2024-1500-224x300.jpg 224w, https:\/\/usagers-transports.haut-allier.eu\/wp-content\/uploads\/2024\/03\/latribune-leprogres-loire-haute-loire-17avril2024-1500-765x1024.jpg 765w, https:\/\/usagers-transports.haut-allier.eu\/wp-content\/uploads\/2024\/03\/latribune-leprogres-loire-haute-loire-17avril2024-1500-768x1028.jpg 768w\" sizes=\"auto, (max-width: 1121px) 100vw, 1121px\" \/><\/p>\n","protected":false},"excerpt":{"rendered":"<p>Si certaines r\u00e9gions, peu nombreuses il est vrai, pratiquent \u00e0 intervalles r\u00e9guliers des prix planchers des billets TER,<\/p>\n","protected":false},"author":1,"featured_media":4943,"comment_status":"closed","ping_status":"open","sticky":false,"template":"","format":"standard","meta":{"footnotes":""},"categories":[3],"tags":[],"class_list":["post-1082","post","type-post","status-publish","format-standard","has-post-thumbnail","hentry","category-en-train"],"_links":{"self":[{"href":"https:\/\/usagers-transports.haut-allier.eu\/index.php\/wp-json\/wp\/v2\/posts\/1082","targetHints":{"allow":["GET"]}}],"collection":[{"href":"https:\/\/usagers-transports.haut-allier.eu\/index.php\/wp-json\/wp\/v2\/posts"}],"about":[{"href":"https:\/\/usagers-transports.haut-allier.eu\/index.php\/wp-json\/wp\/v2\/types\/post"}],"author":[{"embeddable":true,"href":"https:\/\/usagers-transports.haut-allier.eu\/index.php\/wp-json\/wp\/v2\/users\/1"}],"replies":[{"embeddable":true,"href":"https:\/\/usagers-transports.haut-allier.eu\/index.php\/wp-json\/wp\/v2\/comments?post=1082"}],"version-history":[{"count":0,"href":"https:\/\/usagers-transports.haut-allier.eu\/index.php\/wp-json\/wp\/v2\/posts\/1082\/revisions"}],"wp:featuredmedia":[{"embeddable":true,"href":"https:\/\/usagers-transports.haut-allier.eu\/index.php\/wp-json\/wp\/v2\/media\/4943"}],"wp:attachment":[{"href":"https:\/\/usagers-transports.haut-allier.eu\/index.php\/wp-json\/wp\/v2\/media?parent=1082"}],"wp:term":[{"taxonomy":"category","embeddable":true,"href":"https:\/\/usagers-transports.haut-allier.eu\/index.php\/wp-json\/wp\/v2\/categories?post=1082"},{"taxonomy":"post_tag","embeddable":true,"href":"https:\/\/usagers-transports.haut-allier.eu\/index.php\/wp-json\/wp\/v2\/tags?post=1082"}],"curies":[{"name":"wp","href":"https:\/\/api.w.org\/{rel}","templated":true}]}}