{"id":1083,"date":"2024-03-27T16:28:40","date_gmt":"2024-03-27T15:28:40","guid":{"rendered":"http:\/\/5.45.101.177\/haut-allier\/usagers-transportse\/index.php\/2024\/03\/27\/projet-railcoop-les-usines-acc-m1083\/"},"modified":"2024-03-27T16:28:40","modified_gmt":"2024-03-27T15:28:40","slug":"projet-railcoop-les-usines-acc-m1083","status":"publish","type":"post","link":"https:\/\/usagers-transports.haut-allier.eu\/index.php\/2024\/03\/27\/projet-railcoop-les-usines-acc-m1083\/","title":{"rendered":"Projet Railcoop : les usines ACC M portent l&rsquo;estocade"},"content":{"rendered":"<p>C&rsquo;en est termin\u00e9 de Railcoop. Dommage pour le Massif central et ses habitants. Nous venons de recevoir la lettre d&rsquo;explication qui pointe le coupable : l&rsquo;usine de r\u00e9novation des trains <a href=\"https:\/\/www.acc-m.fr\/index.htm\"><em>ACC &#8211; M<\/em><\/a> \u00e0 Clermont-Ferrand. Mais sont-ils les seuls ?<br \/>\n&nbsp;<br \/>\nVoici la lettre :<br \/>\n&nbsp;<\/p>\n<blockquote class=\"poesie\"><p>\n<i><br \/>\nNous vous avions pr\u00e9cis\u00e9 lors du webinaire du 5 mars 2024 les \u00e9l\u00e9ments du contentieux avec la soci\u00e9t\u00e9 ACC M concernant le stockage des rames X72500 sur leur site de Clermont-Ferrand. La soci\u00e9t\u00e9 ACC M nous r\u00e9clamait 880 000 euros de frais de garage, en sus des 350 000 euros d\u00e9j\u00e0 pay\u00e9s pour la r\u00e9alisation de l\u2019audit des rames (qui n\u2019a pas \u00e9t\u00e9 termin\u00e9).  <\/p>\n<p>Au moment o\u00f9 elle a appris que nous allions c\u00e9der deux rames, ACC M a exerc\u00e9 un droit de r\u00e9tention sur celles-ci, cr\u00e9ant un paradoxe \u00e9vident : d\u2019une part, ACC M facturait des frais de garage pour un pr\u00e9judice li\u00e9 \u00e0 l\u2019occupation de sa capacit\u00e9 industrielle et, d\u2019autre part, ACC M emp\u00eachait la lib\u00e9ration permettant de mettre fin \u00e0 ce suppos\u00e9 pr\u00e9judice. <\/p>\n<p>Malgr\u00e9 des frais de garage r\u00e9clam\u00e9s tr\u00e8s sup\u00e9rieurs \u00e0 la valeur des rames gar\u00e9es, d\u2019un montant exorbitant et sans rapport avec le co\u00fbt du stockage, et malgr\u00e9 l\u2019incoh\u00e9rence (et probablement la mauvaise foi) de la position d\u2019ACC M, le Tribunal de Commerce de Clermont-Ferrand, o\u00f9 est domicili\u00e9 ACC M, vient de leur donner raison le 21 mars 2024. <\/p>\n<p>Par cette d\u00e9cision, le Tribunal nous emp\u00eache de proc\u00e9der \u00e0 la vente des deux rames (qui \u00e9tait sign\u00e9e), nous coupe toute source de financement de court terme, et nous fait porter une nouvelle dette, insoutenable.<\/p>\n<p>Le sch\u00e9ma pr\u00e9vu pour sortir du redressement judiciaire est d\u00e9sormais caduc. En l\u2019\u00e9tat, le Tribunal de Commerce de Cahors ne devrait pas avoir d\u2019autre choix que de prononcer, le 15 avril 2024, la liquidation de notre coop\u00e9rative.<\/p>\n<p>Cette d\u00e9cision de justice incompr\u00e9hensible scelle le sort de Railcoop. Nous reviendrons vers vous prochainement pour pr\u00e9parer la fin de la coop\u00e9rative et valoriser tout le b\u00e9n\u00e9fice de notre action collective \u00e0 la fois pour le secteur du transport ferroviaire et plus largement pour des sujets d\u2019int\u00e9r\u00eat g\u00e9n\u00e9ral.<\/p>\n<p>C\u2019est avec le plus grand regret que nous vous adressons ce message, apr\u00e8s des mois pass\u00e9s ensemble \u00e0 se battre, pour \u00e9viter la fin de notre belle aventure collective.<\/p>\n<p>Merci mille fois pour le soutien ind\u00e9fectible et la mobilisation sans faille qui nous ont, sans cesse, donn\u00e9 l\u2019\u00e9nergie pour chercher sans rel\u00e2che des solutions.<br \/>\n<\/i>\n<\/p><\/blockquote>\n<p>Railcoop, le <a href=\"https:\/\/www.railcoop.fr\/\"><em>site<\/em><\/a>.<\/p>\n","protected":false},"excerpt":{"rendered":"<p>C&rsquo;en est termin\u00e9 de Railcoop. Dommage pour le Massif central et ses habitants. Nous venons de recevoir la<\/p>\n","protected":false},"author":1,"featured_media":4953,"comment_status":"open","ping_status":"open","sticky":false,"template":"","format":"standard","meta":{"footnotes":""},"categories":[2],"tags":[],"class_list":["post-1083","post","type-post","status-publish","format-standard","has-post-thumbnail","hentry","category-infos"],"_links":{"self":[{"href":"https:\/\/usagers-transports.haut-allier.eu\/index.php\/wp-json\/wp\/v2\/posts\/1083","targetHints":{"allow":["GET"]}}],"collection":[{"href":"https:\/\/usagers-transports.haut-allier.eu\/index.php\/wp-json\/wp\/v2\/posts"}],"about":[{"href":"https:\/\/usagers-transports.haut-allier.eu\/index.php\/wp-json\/wp\/v2\/types\/post"}],"author":[{"embeddable":true,"href":"https:\/\/usagers-transports.haut-allier.eu\/index.php\/wp-json\/wp\/v2\/users\/1"}],"replies":[{"embeddable":true,"href":"https:\/\/usagers-transports.haut-allier.eu\/index.php\/wp-json\/wp\/v2\/comments?post=1083"}],"version-history":[{"count":0,"href":"https:\/\/usagers-transports.haut-allier.eu\/index.php\/wp-json\/wp\/v2\/posts\/1083\/revisions"}],"wp:featuredmedia":[{"embeddable":true,"href":"https:\/\/usagers-transports.haut-allier.eu\/index.php\/wp-json\/wp\/v2\/media\/4953"}],"wp:attachment":[{"href":"https:\/\/usagers-transports.haut-allier.eu\/index.php\/wp-json\/wp\/v2\/media?parent=1083"}],"wp:term":[{"taxonomy":"category","embeddable":true,"href":"https:\/\/usagers-transports.haut-allier.eu\/index.php\/wp-json\/wp\/v2\/categories?post=1083"},{"taxonomy":"post_tag","embeddable":true,"href":"https:\/\/usagers-transports.haut-allier.eu\/index.php\/wp-json\/wp\/v2\/tags?post=1083"}],"curies":[{"name":"wp","href":"https:\/\/api.w.org\/{rel}","templated":true}]}}