{"id":1084,"date":"2024-03-28T22:50:27","date_gmt":"2024-03-28T21:50:27","guid":{"rendered":"http:\/\/5.45.101.177\/haut-allier\/usagers-transportse\/index.php\/2024\/03\/28\/cop-auvergne-rhone-alpes-volet1084\/"},"modified":"2024-03-28T22:50:27","modified_gmt":"2024-03-28T21:50:27","slug":"cop-auvergne-rhone-alpes-volet1084","status":"publish","type":"post","link":"https:\/\/usagers-transports.haut-allier.eu\/index.php\/2024\/03\/28\/cop-auvergne-rhone-alpes-volet1084\/","title":{"rendered":"COP Auvergne Rh\u00f4ne Alpes volet transports : un compte-rendu"},"content":{"rendered":"<p>Nous avons particip\u00e9 avec le <a href=\"https:\/\/aurail.canalblog.com\"><em>Collectif AuRAil<\/em><\/a> de 18 organisations de d\u00e9fense des usagers de la r\u00e9gion \u00e0 la COP r\u00e9gionale Auvergne Rh\u00f4ne Alpes volet transports.<\/p>\n<p>C&rsquo;\u00e9tait mercredi 27 mars et le but affich\u00e9 \u00e9tait \u00ab\u00a0d&rsquo;identifier les sp\u00e9cificit\u00e9s de la r\u00e9gion et donc de d\u00e9finir pr\u00e9cis\u00e9ment les leviers d&rsquo;actions qui concourent tous vers la r\u00e9duction des gaz \u00e0 effet de serre (GES) et la pr\u00e9servation de la biodiversit\u00e9 \u00e0 l&rsquo;horizon 2030.\u00a0\u00bb<\/p>\n<p><strong>Le Collectif a donc planch\u00e9 et retenu plusieurs propositions :<\/strong><\/p>\n<blockquote class=\"poesie\"><p>\nEn pr\u00e9ambule il importe que l&rsquo;\u00e9tat qui a en main certains leviers ne se d\u00e9fausse pas : sur la r\u00e9glementation a\u00e9ronautique, les concessions autorouti\u00e8res, le r\u00e9seau routier, le transport routier, le r\u00e9seau ferroviaire etc&#8230; sans quoi les efforts r\u00e9gionaux seront vains.<\/p>\n<p><strong>Les mesures ci dessous doivent \u00eatre contraignantes.<\/p>\n<p>&#8211; Inscrire dans la loi l&rsquo;obligation de relier les communes de plus de 10 000 h par le train lorsqu&rsquo;elles ne le sont pas ou plus.<\/p>\n<p>&#8211; Mettre en place un plan national ambitieux de d\u00e9veloppement du ferroviaire avec cr\u00e9ation de nouvelles lignes afin de constituer un maillage complet de nos territoires.<\/p>\n<p>&#8211; Mettre en place un moratoire sur les projets routiers et autoroutiers.<\/p>\n<p>&#8211; Favoriser et d\u00e9velopper au niveau r\u00e9gional les transports ferroviaires voyageurs et fret les plus vertueux dans tous les cas de figure.<\/p>\n<p>&#8211; Prioriser le r\u00e9tablissement des sections ferm\u00e9es lorsqu&rsquo;il y a demande citoyenne.<\/p>\n<p>&#8211; Inscrire l&rsquo;obligation dans les projets SERM (RER r\u00e9gionaux) de pr\u00e9voir suffisamment de sillons afin d&rsquo;augmenter l&rsquo;interconnexion entre \u00e9toiles ferroviaires importantes.<\/p>\n<p>&#8211; Am\u00e9liorer le service ferroviaire en cadencement, amplitude horaire, fiabilit\u00e9 en temps normal et lors des intemp\u00e9ries.<\/p>\n<p>&#8211; Le synchroniser avec les autres modes de transports.<\/p>\n<p>&#8211; Faciliter l&#8217;emport des syst\u00e8mes de d\u00e9placement l\u00e9gers personnels (v\u00e9los, trottinettes&#8230;).<\/p>\n<p>&#8211; R\u00e9tablir l&rsquo;acheminement des colis dans les trains voyageurs, voire re-cr\u00e9er des trains mixtes<\/p>\n<p>&#8211; Interdire les projets de voies vertes sur les emprises ferroviaires lorsque la ligne consid\u00e9r\u00e9e fait l&rsquo;objet d&rsquo;une demande de r\u00e9ouverture citoyenne.<\/p>\n<p>&#8211; Favoriser la cohabitation ligne ferroviaire \/ voie verte lorsque la configuration le permet sinon cr\u00e9er des voies vertes \u00e0 la place de certaines routes.<\/p>\n<p>&#8211; Favoriser et conditionner les projets de r\u00e9ouverture des gares \/ lieux de vie par une obligation d&rsquo;implantation d&rsquo;un service ferroviaire (abri, distributeur de billets&#8230;) et des contraintes horaires d&rsquo;ouverture.<\/p>\n<p>&#8211; Interdire les subventions publiques aux compagnies priv\u00e9es a\u00e9riennes.<\/p>\n<p>&#8211; Financer le renouvellement du r\u00e9seau ferr\u00e9 d&rsquo;\u00e9quilibre des territoires par une taxe sur les transports routiers, les autoroutes et l&rsquo;avion.<\/p>\n<p>&#8211; Pratiquer une politique tarifaire incitative, par exemple inf\u00e9rieure au co\u00fbt du covoiturage.<\/p>\n<p>&#8211; Imposer une tarification unique sur l&rsquo;ensemble du r\u00e9seau de transport public du pays.<\/strong><\/p>\n<\/blockquote>\n<p>Quant \u00e0 la r\u00e9union elle-m\u00eame tenue en distanciel elle nous a laiss\u00e9 une impression de show \u00e0 sens unique et si quelques questions pos\u00e9es ont \u00e9t\u00e9 abord\u00e9es tr\u00e8s succinctement, il nous a \u00e9t\u00e9 promis r\u00e9ponse \u00e0 nos propositions.<\/p>\n<p>Voici l&rsquo;audio ici (2 heures)<\/p>\n<p><a href=\"http:\/\/5.45.101.177\/haut-allier\/usagers-transportse\/wp-content\/uploads\/2024\/03\/cop-aura-transport-27mars2024.mp3\">cop-aura-transport-27mars2024.mp3<\/a><\/p>\n<p>Le reste du compte-rendu sur <a href=\"http:\/\/aurail.canalblog.com\/2024\/03\/cop-auvergne-rhone-alpes-volet-transports-compte-rendu-audio.html\"><em>le site AuRAil<\/em><\/a>.<\/p>\n","protected":false},"excerpt":{"rendered":"<p>Nous avons particip\u00e9 avec le Collectif AuRAil de 18 organisations de d\u00e9fense des usagers de la r\u00e9gion \u00e0<\/p>\n","protected":false},"author":1,"featured_media":4954,"comment_status":"closed","ping_status":"open","sticky":false,"template":"","format":"standard","meta":{"footnotes":""},"categories":[2],"tags":[],"class_list":["post-1084","post","type-post","status-publish","format-standard","has-post-thumbnail","hentry","category-infos"],"_links":{"self":[{"href":"https:\/\/usagers-transports.haut-allier.eu\/index.php\/wp-json\/wp\/v2\/posts\/1084","targetHints":{"allow":["GET"]}}],"collection":[{"href":"https:\/\/usagers-transports.haut-allier.eu\/index.php\/wp-json\/wp\/v2\/posts"}],"about":[{"href":"https:\/\/usagers-transports.haut-allier.eu\/index.php\/wp-json\/wp\/v2\/types\/post"}],"author":[{"embeddable":true,"href":"https:\/\/usagers-transports.haut-allier.eu\/index.php\/wp-json\/wp\/v2\/users\/1"}],"replies":[{"embeddable":true,"href":"https:\/\/usagers-transports.haut-allier.eu\/index.php\/wp-json\/wp\/v2\/comments?post=1084"}],"version-history":[{"count":0,"href":"https:\/\/usagers-transports.haut-allier.eu\/index.php\/wp-json\/wp\/v2\/posts\/1084\/revisions"}],"wp:featuredmedia":[{"embeddable":true,"href":"https:\/\/usagers-transports.haut-allier.eu\/index.php\/wp-json\/wp\/v2\/media\/4954"}],"wp:attachment":[{"href":"https:\/\/usagers-transports.haut-allier.eu\/index.php\/wp-json\/wp\/v2\/media?parent=1084"}],"wp:term":[{"taxonomy":"category","embeddable":true,"href":"https:\/\/usagers-transports.haut-allier.eu\/index.php\/wp-json\/wp\/v2\/categories?post=1084"},{"taxonomy":"post_tag","embeddable":true,"href":"https:\/\/usagers-transports.haut-allier.eu\/index.php\/wp-json\/wp\/v2\/tags?post=1084"}],"curies":[{"name":"wp","href":"https:\/\/api.w.org\/{rel}","templated":true}]}}