{"id":1086,"date":"2024-03-31T21:26:52","date_gmt":"2024-03-31T19:26:52","guid":{"rendered":"http:\/\/5.45.101.177\/haut-allier\/usagers-transportse\/index.php\/2024\/03\/31\/pistes-d-action-pour-des1086\/"},"modified":"2026-09-01T16:05:42","modified_gmt":"2026-09-01T14:05:42","slug":"pistes-d-action-pour-des1086","status":"publish","type":"post","link":"https:\/\/usagers-transports.haut-allier.eu\/index.php\/2024\/03\/31\/pistes-d-action-pour-des1086\/","title":{"rendered":"Pistes d&rsquo;action pour des organisations de d\u00e9fense du ferroviaire en 2024"},"content":{"rendered":"Nous nous heurtons tous, nous autres organisations de d\u00e9fense des usagers du train, aux m\u00eames difficult\u00e9s en France, ces \u00e9cueils r\u00e9sultant de politiques, d&rsquo;abord financiaires, men\u00e9es au niveau national et aussi pour certains territoires au niveau r\u00e9gional avec des variantes bien entendu.\n\nIl \u00e9tait donc fort int\u00e9ressant de discuter de ces difficult\u00e9s qui s&rsquo;accumulent pour nos territoires ruraux et de montagne avec les sympathiques animateurs du Collectif de l&rsquo;\u00e9toile ferroviaire de Veynes (Hautes-Alpes) ce dimanche 30 mars lors de leur AG en mairie de Veynes justement.\n\nT\u00e9moin de cet \u00e9change cet entretien de 7 minutes avec Marc-J\u00e9r\u00f4me Hassid sur les possibles leviers d&rsquo;actions actuels que toute bonne organisation d&rsquo;usagers en milieu rural devrait int\u00e9grer.\n\n<a href=\"http:\/\/5.45.101.177\/haut-allier\/usagers-transportse\/wp-content\/uploads\/2024\/03\/itw-point-lutte-orgas-30mars2024.mp4\">itw-point-lutte-orgas-30mars2024.mp4<\/a>\n\nUne assembl\u00e9e g\u00e9n\u00e9rale rondement men\u00e9e o\u00f9 on \u00e9t\u00e9 abord\u00e9s lors d&rsquo;ateliers et en s\u00e9ances \u00ab\u00a0pl\u00e9ni\u00e8res\u00a0\u00bb les th\u00e8mes importants pour ce territoire des Hautes Alpes :\n\n&#8211; Le retour demand\u00e9 pour les JO 2030 notamment de la liaison AlpAzur entre Gen\u00e8ve, Grenoble, Veynes, Digne et Nice. Un projet initi\u00e9 par nos camarades de AlpRail sections suisse et 2 savoies. Les sites olympiques se situent autour de cet axe.\n\n&#8211; Les Jeux Olympiques d&rsquo;hiver 2030 et les opportunit\u00e9s de d\u00e9velopper le r\u00e9seau ferroviaire r\u00e9gional et le service. Le collectif demande un plan pr\u00e9visionnel des travaux avec une \u00e9tude des flux. Il y aurait besoin de 14 trains de nuit suppl\u00e9mentaires. \n\n&#8211; Le train de nuit Paris Brian\u00e7on avec ses al\u00e9as actuels (manque de conducteurs, non anticipation, ouverture des ventes \u00e0 la derni\u00e8re minute, suppression des trains suppl\u00e9mentaires d&rsquo;hiver, remplacement par des bus sans pr\u00e9venir, moins d&rsquo;arr\u00eats car quais trop courts alors qu&rsquo;il existe une proc\u00e9dure d&rsquo;arr\u00eat dans ces cas, etc.).\n\n&#8211; Atelier Grenoble Gap : r\u00e9flexion sur l&rsquo;automatisation de la ligne monovoie qui permettrait d&rsquo;augmenter les circulations \u00e0 plus de 12 par jour. L&rsquo;atelier y est favorable \u00e0 condition que le personnel de bord soit conserv\u00e9 pour sa pr\u00e9sence humaine. Pas d&rsquo;anticipation des r\u00e9gions dans les commandes de mat\u00e9riel d&rsquo;o\u00f9 probl\u00e8mes de capacit\u00e9. Il est relev\u00e9 de nombreux doublons avec des trajets bus moins chers. Il faut augmenter les capacit\u00e9s d&#8217;emport des v\u00e9los et non pas faire r\u00e9server les places actuelles aux usagers cyclistes.\n\n&#8211; Atelier Tenir dans le temps : prise de position souhaitable sur les JO, nouvelles m\u00e9thodes d&rsquo;action pour toucher un public toujours plus vaste. Plus de communication sur les victoires du collectif. Humour, d\u00e9rision dans les actions, etc. \n\nLe collectif qui regroupe \u00e9lus, cheminots, usagers a du pain sur la planche et vient de prouver sa vitalit\u00e9. Un grand bravo. Plusieurs journalistes pr\u00e9sents qui ont assist\u00e9 \u00e0 l&rsquo;envoi d&rsquo;une lettre de dol\u00e9ances au ministre des transports.\n\nBravo \u00e0 tous et toutes.\n\nQuelques clich\u00e9s souvenir.\n\n<em>La gare de Veynes\n<\/em>\n<img loading=\"lazy\" decoding=\"async\" class=\" aligncenter size-full wp-image-4960\" src=\"http:\/\/5.45.101.177\/haut-allier\/usagers-transportse\/wp-content\/uploads\/2024\/03\/img_20240330_104117_695-scaled.jpg\" alt=\"img_20240330_104117_695.jpg\" align=\"center\" width=\"2560\" height=\"1440\" srcset=\"https:\/\/usagers-transports.haut-allier.eu\/wp-content\/uploads\/2024\/03\/img_20240330_104117_695-scaled.jpg 2560w, https:\/\/usagers-transports.haut-allier.eu\/wp-content\/uploads\/2024\/03\/img_20240330_104117_695-300x169.jpg 300w, https:\/\/usagers-transports.haut-allier.eu\/wp-content\/uploads\/2024\/03\/img_20240330_104117_695-1024x576.jpg 1024w, https:\/\/usagers-transports.haut-allier.eu\/wp-content\/uploads\/2024\/03\/img_20240330_104117_695-768x432.jpg 768w, https:\/\/usagers-transports.haut-allier.eu\/wp-content\/uploads\/2024\/03\/img_20240330_104117_695-1536x864.jpg 1536w, https:\/\/usagers-transports.haut-allier.eu\/wp-content\/uploads\/2024\/03\/img_20240330_104117_695-2048x1152.jpg 2048w\" sizes=\"auto, (max-width: 2560px) 100vw, 2560px\" \/>\n\n<em>La mairie qui nous accueillait\n<\/em>\n<img loading=\"lazy\" decoding=\"async\" class=\" aligncenter size-full wp-image-4961\" src=\"http:\/\/5.45.101.177\/haut-allier\/usagers-transportse\/wp-content\/uploads\/2024\/03\/img_20240330_105233_463-scaled.jpg\" alt=\"img_20240330_105233_463.jpg\" align=\"center\" width=\"1440\" height=\"2560\" srcset=\"https:\/\/usagers-transports.haut-allier.eu\/wp-content\/uploads\/2024\/03\/img_20240330_105233_463-scaled.jpg 1440w, https:\/\/usagers-transports.haut-allier.eu\/wp-content\/uploads\/2024\/03\/img_20240330_105233_463-169x300.jpg 169w, https:\/\/usagers-transports.haut-allier.eu\/wp-content\/uploads\/2024\/03\/img_20240330_105233_463-576x1024.jpg 576w, https:\/\/usagers-transports.haut-allier.eu\/wp-content\/uploads\/2024\/03\/img_20240330_105233_463-768x1365.jpg 768w, https:\/\/usagers-transports.haut-allier.eu\/wp-content\/uploads\/2024\/03\/img_20240330_105233_463-864x1536.jpg 864w, https:\/\/usagers-transports.haut-allier.eu\/wp-content\/uploads\/2024\/03\/img_20240330_105233_463-1152x2048.jpg 1152w\" sizes=\"auto, (max-width: 1440px) 100vw, 1440px\" \/>\n\n<em>L&rsquo;assembl\u00e9e\n<\/em>\n<img loading=\"lazy\" decoding=\"async\" class=\" aligncenter size-full wp-image-4962\" src=\"http:\/\/5.45.101.177\/haut-allier\/usagers-transportse\/wp-content\/uploads\/2024\/03\/img_20240330_110247-scaled.jpg\" alt=\"img_20240330_110247.jpg\" align=\"center\" width=\"2560\" height=\"1920\" srcset=\"https:\/\/usagers-transports.haut-allier.eu\/wp-content\/uploads\/2024\/03\/img_20240330_110247-scaled.jpg 2560w, https:\/\/usagers-transports.haut-allier.eu\/wp-content\/uploads\/2024\/03\/img_20240330_110247-300x225.jpg 300w, https:\/\/usagers-transports.haut-allier.eu\/wp-content\/uploads\/2024\/03\/img_20240330_110247-1024x768.jpg 1024w, https:\/\/usagers-transports.haut-allier.eu\/wp-content\/uploads\/2024\/03\/img_20240330_110247-768x576.jpg 768w, https:\/\/usagers-transports.haut-allier.eu\/wp-content\/uploads\/2024\/03\/img_20240330_110247-1536x1152.jpg 1536w, https:\/\/usagers-transports.haut-allier.eu\/wp-content\/uploads\/2024\/03\/img_20240330_110247-2048x1536.jpg 2048w\" sizes=\"auto, (max-width: 2560px) 100vw, 2560px\" \/>\n\n<em>Les ateliers de l&rsquo;apr\u00e8s-midi\n<\/em>\n<img loading=\"lazy\" decoding=\"async\" class=\" aligncenter size-full wp-image-4963\" src=\"http:\/\/5.45.101.177\/haut-allier\/usagers-transportse\/wp-content\/uploads\/2024\/03\/img_20240330_154136-scaled.jpg\" alt=\"img_20240330_154136.jpg\" align=\"center\" width=\"2560\" height=\"1920\" srcset=\"https:\/\/usagers-transports.haut-allier.eu\/wp-content\/uploads\/2024\/03\/img_20240330_154136-scaled.jpg 2560w, https:\/\/usagers-transports.haut-allier.eu\/wp-content\/uploads\/2024\/03\/img_20240330_154136-300x225.jpg 300w, https:\/\/usagers-transports.haut-allier.eu\/wp-content\/uploads\/2024\/03\/img_20240330_154136-1024x768.jpg 1024w, https:\/\/usagers-transports.haut-allier.eu\/wp-content\/uploads\/2024\/03\/img_20240330_154136-768x576.jpg 768w, https:\/\/usagers-transports.haut-allier.eu\/wp-content\/uploads\/2024\/03\/img_20240330_154136-1536x1152.jpg 1536w, https:\/\/usagers-transports.haut-allier.eu\/wp-content\/uploads\/2024\/03\/img_20240330_154136-2048x1536.jpg 2048w\" sizes=\"auto, (max-width: 2560px) 100vw, 2560px\" \/>\n<img loading=\"lazy\" decoding=\"async\" class=\" aligncenter size-full wp-image-4964\" src=\"http:\/\/5.45.101.177\/haut-allier\/usagers-transportse\/wp-content\/uploads\/2024\/03\/img_20240330_143727_638-scaled.jpg\" alt=\"img_20240330_143727_638.jpg\" align=\"center\" width=\"2560\" height=\"1440\" srcset=\"https:\/\/usagers-transports.haut-allier.eu\/wp-content\/uploads\/2024\/03\/img_20240330_143727_638-scaled.jpg 2560w, https:\/\/usagers-transports.haut-allier.eu\/wp-content\/uploads\/2024\/03\/img_20240330_143727_638-300x169.jpg 300w, https:\/\/usagers-transports.haut-allier.eu\/wp-content\/uploads\/2024\/03\/img_20240330_143727_638-1024x576.jpg 1024w, https:\/\/usagers-transports.haut-allier.eu\/wp-content\/uploads\/2024\/03\/img_20240330_143727_638-768x432.jpg 768w, https:\/\/usagers-transports.haut-allier.eu\/wp-content\/uploads\/2024\/03\/img_20240330_143727_638-1536x864.jpg 1536w, https:\/\/usagers-transports.haut-allier.eu\/wp-content\/uploads\/2024\/03\/img_20240330_143727_638-2048x1152.jpg 2048w\" sizes=\"auto, (max-width: 2560px) 100vw, 2560px\" \/>\n<img loading=\"lazy\" decoding=\"async\" class=\" aligncenter size-full wp-image-4965\" src=\"http:\/\/5.45.101.177\/haut-allier\/usagers-transportse\/wp-content\/uploads\/2024\/03\/img_20240330_143717_165-scaled.jpg\" alt=\"img_20240330_143717_165.jpg\" align=\"center\" width=\"2560\" height=\"1440\" srcset=\"https:\/\/usagers-transports.haut-allier.eu\/wp-content\/uploads\/2024\/03\/img_20240330_143717_165-scaled.jpg 2560w, https:\/\/usagers-transports.haut-allier.eu\/wp-content\/uploads\/2024\/03\/img_20240330_143717_165-300x169.jpg 300w, https:\/\/usagers-transports.haut-allier.eu\/wp-content\/uploads\/2024\/03\/img_20240330_143717_165-1024x576.jpg 1024w, https:\/\/usagers-transports.haut-allier.eu\/wp-content\/uploads\/2024\/03\/img_20240330_143717_165-768x432.jpg 768w, https:\/\/usagers-transports.haut-allier.eu\/wp-content\/uploads\/2024\/03\/img_20240330_143717_165-1536x864.jpg 1536w, https:\/\/usagers-transports.haut-allier.eu\/wp-content\/uploads\/2024\/03\/img_20240330_143717_165-2048x1152.jpg 2048w\" sizes=\"auto, (max-width: 2560px) 100vw, 2560px\" \/>\n<img loading=\"lazy\" decoding=\"async\" class=\" aligncenter size-full wp-image-4966\" src=\"http:\/\/5.45.101.177\/haut-allier\/usagers-transportse\/wp-content\/uploads\/2024\/03\/img_20240330_143659_266-scaled.jpg\" alt=\"img_20240330_143659_266.jpg\" align=\"center\" width=\"2560\" height=\"1440\" srcset=\"https:\/\/usagers-transports.haut-allier.eu\/wp-content\/uploads\/2024\/03\/img_20240330_143659_266-scaled.jpg 2560w, https:\/\/usagers-transports.haut-allier.eu\/wp-content\/uploads\/2024\/03\/img_20240330_143659_266-300x169.jpg 300w, https:\/\/usagers-transports.haut-allier.eu\/wp-content\/uploads\/2024\/03\/img_20240330_143659_266-1024x576.jpg 1024w, https:\/\/usagers-transports.haut-allier.eu\/wp-content\/uploads\/2024\/03\/img_20240330_143659_266-768x432.jpg 768w, https:\/\/usagers-transports.haut-allier.eu\/wp-content\/uploads\/2024\/03\/img_20240330_143659_266-1536x864.jpg 1536w, https:\/\/usagers-transports.haut-allier.eu\/wp-content\/uploads\/2024\/03\/img_20240330_143659_266-2048x1152.jpg 2048w\" sizes=\"auto, (max-width: 2560px) 100vw, 2560px\" \/>\n<img loading=\"lazy\" decoding=\"async\" class=\" aligncenter size-full wp-image-4967\" src=\"http:\/\/5.45.101.177\/haut-allier\/usagers-transportse\/wp-content\/uploads\/2024\/03\/img_20240330_143544_681-scaled.jpg\" alt=\"img_20240330_143544_681.jpg\" align=\"center\" width=\"2560\" height=\"1440\" srcset=\"https:\/\/usagers-transports.haut-allier.eu\/wp-content\/uploads\/2024\/03\/img_20240330_143544_681-scaled.jpg 2560w, https:\/\/usagers-transports.haut-allier.eu\/wp-content\/uploads\/2024\/03\/img_20240330_143544_681-300x169.jpg 300w, https:\/\/usagers-transports.haut-allier.eu\/wp-content\/uploads\/2024\/03\/img_20240330_143544_681-1024x576.jpg 1024w, https:\/\/usagers-transports.haut-allier.eu\/wp-content\/uploads\/2024\/03\/img_20240330_143544_681-768x432.jpg 768w, https:\/\/usagers-transports.haut-allier.eu\/wp-content\/uploads\/2024\/03\/img_20240330_143544_681-1536x864.jpg 1536w, https:\/\/usagers-transports.haut-allier.eu\/wp-content\/uploads\/2024\/03\/img_20240330_143544_681-2048x1152.jpg 2048w\" sizes=\"auto, (max-width: 2560px) 100vw, 2560px\" \/>\n<img loading=\"lazy\" decoding=\"async\" class=\" aligncenter size-full wp-image-4968\" src=\"http:\/\/5.45.101.177\/haut-allier\/usagers-transportse\/wp-content\/uploads\/2024\/03\/img_20240330_143450_295-scaled.jpg\" alt=\"img_20240330_143450_295.jpg\" align=\"center\" width=\"2560\" height=\"1440\" srcset=\"https:\/\/usagers-transports.haut-allier.eu\/wp-content\/uploads\/2024\/03\/img_20240330_143450_295-scaled.jpg 2560w, https:\/\/usagers-transports.haut-allier.eu\/wp-content\/uploads\/2024\/03\/img_20240330_143450_295-300x169.jpg 300w, https:\/\/usagers-transports.haut-allier.eu\/wp-content\/uploads\/2024\/03\/img_20240330_143450_295-1024x576.jpg 1024w, https:\/\/usagers-transports.haut-allier.eu\/wp-content\/uploads\/2024\/03\/img_20240330_143450_295-768x432.jpg 768w, https:\/\/usagers-transports.haut-allier.eu\/wp-content\/uploads\/2024\/03\/img_20240330_143450_295-1536x864.jpg 1536w, https:\/\/usagers-transports.haut-allier.eu\/wp-content\/uploads\/2024\/03\/img_20240330_143450_295-2048x1152.jpg 2048w\" sizes=\"auto, (max-width: 2560px) 100vw, 2560px\" \/>\n\n<em>Jean-Bernard Lemoine pr\u00e9sident de ALP RAIL section Savoies \u00e0 l&rsquo;origine de la demande de retour du AlpAzur le train Gen\u00e8ve Veynes Nice\n<\/em>\n<img loading=\"lazy\" decoding=\"async\" class=\" aligncenter size-full wp-image-4969\" src=\"http:\/\/5.45.101.177\/haut-allier\/usagers-transportse\/wp-content\/uploads\/2024\/03\/img_20240330_163749-scaled.jpg\" alt=\"img_20240330_163749.jpg\" align=\"center\" width=\"2560\" height=\"1872\" srcset=\"https:\/\/usagers-transports.haut-allier.eu\/wp-content\/uploads\/2024\/03\/img_20240330_163749-scaled.jpg 2560w, https:\/\/usagers-transports.haut-allier.eu\/wp-content\/uploads\/2024\/03\/img_20240330_163749-300x219.jpg 300w, https:\/\/usagers-transports.haut-allier.eu\/wp-content\/uploads\/2024\/03\/img_20240330_163749-1024x749.jpg 1024w, https:\/\/usagers-transports.haut-allier.eu\/wp-content\/uploads\/2024\/03\/img_20240330_163749-768x562.jpg 768w, https:\/\/usagers-transports.haut-allier.eu\/wp-content\/uploads\/2024\/03\/img_20240330_163749-1536x1123.jpg 1536w, https:\/\/usagers-transports.haut-allier.eu\/wp-content\/uploads\/2024\/03\/img_20240330_163749-2048x1498.jpg 2048w\" sizes=\"auto, (max-width: 2560px) 100vw, 2560px\" \/>\n\n<em>Un clich\u00e9 de ce train appel\u00e9 Alpazur qui a bien exist\u00e9&#8230;<\/em>\n<img loading=\"lazy\" decoding=\"async\" class=\" aligncenter size-full wp-image-4970\" src=\"http:\/\/5.45.101.177\/haut-allier\/usagers-transportse\/wp-content\/uploads\/2024\/03\/img_20240330_141002-scaled.jpg\" alt=\"img_20240330_141002.jpg\" align=\"center\" width=\"2560\" height=\"1920\" srcset=\"https:\/\/usagers-transports.haut-allier.eu\/wp-content\/uploads\/2024\/03\/img_20240330_141002-scaled.jpg 2560w, https:\/\/usagers-transports.haut-allier.eu\/wp-content\/uploads\/2024\/03\/img_20240330_141002-300x225.jpg 300w, https:\/\/usagers-transports.haut-allier.eu\/wp-content\/uploads\/2024\/03\/img_20240330_141002-1024x768.jpg 1024w, https:\/\/usagers-transports.haut-allier.eu\/wp-content\/uploads\/2024\/03\/img_20240330_141002-768x576.jpg 768w, https:\/\/usagers-transports.haut-allier.eu\/wp-content\/uploads\/2024\/03\/img_20240330_141002-1536x1152.jpg 1536w, https:\/\/usagers-transports.haut-allier.eu\/wp-content\/uploads\/2024\/03\/img_20240330_141002-2048x1536.jpg 2048w\" sizes=\"auto, (max-width: 2560px) 100vw, 2560px\" \/>\n\n<em>Le pr\u00e9sident de l&rsquo;association \u00e0 l&rsquo;origine du collectif, l&rsquo;AGV<\/em>\n<img loading=\"lazy\" decoding=\"async\" class=\" aligncenter size-full wp-image-4971\" src=\"http:\/\/5.45.101.177\/haut-allier\/usagers-transportse\/wp-content\/uploads\/2024\/03\/img_20240330_114920.jpg\" alt=\"img_20240330_114920.jpg\" align=\"center\" width=\"1000\" height=\"814\" srcset=\"https:\/\/usagers-transports.haut-allier.eu\/wp-content\/uploads\/2024\/03\/img_20240330_114920.jpg 1000w, https:\/\/usagers-transports.haut-allier.eu\/wp-content\/uploads\/2024\/03\/img_20240330_114920-300x244.jpg 300w, https:\/\/usagers-transports.haut-allier.eu\/wp-content\/uploads\/2024\/03\/img_20240330_114920-768x625.jpg 768w\" sizes=\"auto, (max-width: 1000px) 100vw, 1000px\" \/>\n\n<em>Une \u00e9lue\n<\/em>\n<img loading=\"lazy\" decoding=\"async\" class=\" aligncenter size-full wp-image-4972\" src=\"http:\/\/5.45.101.177\/haut-allier\/usagers-transportse\/wp-content\/uploads\/2024\/03\/img_20240330_164014-scaled.jpg\" alt=\"img_20240330_164014.jpg\" align=\"center\" width=\"2560\" height=\"1920\" srcset=\"https:\/\/usagers-transports.haut-allier.eu\/wp-content\/uploads\/2024\/03\/img_20240330_164014-scaled.jpg 2560w, https:\/\/usagers-transports.haut-allier.eu\/wp-content\/uploads\/2024\/03\/img_20240330_164014-300x225.jpg 300w, https:\/\/usagers-transports.haut-allier.eu\/wp-content\/uploads\/2024\/03\/img_20240330_164014-1024x768.jpg 1024w, https:\/\/usagers-transports.haut-allier.eu\/wp-content\/uploads\/2024\/03\/img_20240330_164014-768x576.jpg 768w, https:\/\/usagers-transports.haut-allier.eu\/wp-content\/uploads\/2024\/03\/img_20240330_164014-1536x1152.jpg 1536w, https:\/\/usagers-transports.haut-allier.eu\/wp-content\/uploads\/2024\/03\/img_20240330_164014-2048x1536.jpg 2048w\" sizes=\"auto, (max-width: 2560px) 100vw, 2560px\" \/>\n\n<em>Un cheminot\n<\/em>\n<img loading=\"lazy\" decoding=\"async\" class=\" aligncenter size-full wp-image-4973\" src=\"http:\/\/5.45.101.177\/haut-allier\/usagers-transportse\/wp-content\/uploads\/2024\/03\/img_20240330_113454-scaled.jpg\" alt=\"img_20240330_113454.jpg\" align=\"center\" width=\"2560\" height=\"1920\" srcset=\"https:\/\/usagers-transports.haut-allier.eu\/wp-content\/uploads\/2024\/03\/img_20240330_113454-scaled.jpg 2560w, https:\/\/usagers-transports.haut-allier.eu\/wp-content\/uploads\/2024\/03\/img_20240330_113454-300x225.jpg 300w, https:\/\/usagers-transports.haut-allier.eu\/wp-content\/uploads\/2024\/03\/img_20240330_113454-1024x768.jpg 1024w, https:\/\/usagers-transports.haut-allier.eu\/wp-content\/uploads\/2024\/03\/img_20240330_113454-768x576.jpg 768w, https:\/\/usagers-transports.haut-allier.eu\/wp-content\/uploads\/2024\/03\/img_20240330_113454-1536x1152.jpg 1536w, https:\/\/usagers-transports.haut-allier.eu\/wp-content\/uploads\/2024\/03\/img_20240330_113454-2048x1536.jpg 2048w\" sizes=\"auto, (max-width: 2560px) 100vw, 2560px\" \/>\n\n<em>L&rsquo;envoi de la lettre de dol\u00e9ances au ministre des transports\n<\/em>\n<img loading=\"lazy\" decoding=\"async\" class=\" aligncenter size-full wp-image-4974\" src=\"http:\/\/5.45.101.177\/haut-allier\/usagers-transportse\/wp-content\/uploads\/2024\/03\/img_20240330_133514_913-scaled.jpg\" alt=\"img_20240330_133514_913.jpg\" align=\"center\" width=\"2560\" height=\"1440\" srcset=\"https:\/\/usagers-transports.haut-allier.eu\/wp-content\/uploads\/2024\/03\/img_20240330_133514_913-scaled.jpg 2560w, https:\/\/usagers-transports.haut-allier.eu\/wp-content\/uploads\/2024\/03\/img_20240330_133514_913-300x169.jpg 300w, https:\/\/usagers-transports.haut-allier.eu\/wp-content\/uploads\/2024\/03\/img_20240330_133514_913-1024x576.jpg 1024w, https:\/\/usagers-transports.haut-allier.eu\/wp-content\/uploads\/2024\/03\/img_20240330_133514_913-768x432.jpg 768w, https:\/\/usagers-transports.haut-allier.eu\/wp-content\/uploads\/2024\/03\/img_20240330_133514_913-1536x864.jpg 1536w, https:\/\/usagers-transports.haut-allier.eu\/wp-content\/uploads\/2024\/03\/img_20240330_133514_913-2048x1152.jpg 2048w\" sizes=\"auto, (max-width: 2560px) 100vw, 2560px\" \/>\n\n<p>&nbsp;<\/p>\n\n\t<figure class=\"wp-block-gallery columns-1 is-cropped wp-block-gallery-1 is-layout-flex wp-block-gallery-is-layout-flex\">\n\t\t<ul class=\"blocks-gallery-grid\">\n\t\t\t<li class=\"blocks-gallery-item\">\n\t\t\t\t<figure>\n\t\t\t\t\t\t\t\t\t\t\t<img loading=\"lazy\" decoding=\"async\" width=\"2560\" height=\"1440\" src=\"http:\/\/5.45.101.177\/haut-allier\/usagers-transportse\/wp-content\/uploads\/2024\/03\/img_20240330_105657_793-scaled.jpg\"\n\t\t\t\t\t\t alt=\"img_20240330_105657_793.jpg\"\n\t\t\t\t\t\t data-id=\"4975\"\n\t\t\t\t\t\t data-full-url=\"http:\/\/5.45.101.177\/haut-allier\/usagers-transportse\/wp-content\/uploads\/2024\/03\/img_20240330_105657_793-scaled.jpg\"\n\t\t\t\t\t\t data-link=\"http:\/\/5.45.101.177\/haut-allier\/usagers-transportse\/attachment-img_20240330_105657_793-jpg\/\"\n\t\t\t\t\t\t class=\"wp-image-4975\" srcset=\"https:\/\/usagers-transports.haut-allier.eu\/wp-content\/uploads\/2024\/03\/img_20240330_105657_793-scaled.jpg 2560w, https:\/\/usagers-transports.haut-allier.eu\/wp-content\/uploads\/2024\/03\/img_20240330_105657_793-300x169.jpg 300w, https:\/\/usagers-transports.haut-allier.eu\/wp-content\/uploads\/2024\/03\/img_20240330_105657_793-1024x576.jpg 1024w, https:\/\/usagers-transports.haut-allier.eu\/wp-content\/uploads\/2024\/03\/img_20240330_105657_793-768x432.jpg 768w, https:\/\/usagers-transports.haut-allier.eu\/wp-content\/uploads\/2024\/03\/img_20240330_105657_793-1536x864.jpg 1536w, https:\/\/usagers-transports.haut-allier.eu\/wp-content\/uploads\/2024\/03\/img_20240330_105657_793-2048x1152.jpg 2048w\" sizes=\"auto, (max-width: 2560px) 100vw, 2560px\" \/>\n\t\t\t\t<\/figure>\n\t\t\t<\/li>\n\t\t<\/ul>\n\t<\/figure>\n","protected":false},"excerpt":{"rendered":"<p>Nous nous heurtons tous, nous autres organisations de d\u00e9fense des usagers du train, aux m\u00eames difficult\u00e9s en France,<\/p>\n","protected":false},"author":1,"featured_media":4958,"comment_status":"closed","ping_status":"open","sticky":false,"template":"","format":"standard","meta":{"footnotes":""},"categories":[3],"tags":[],"class_list":["post-1086","post","type-post","status-publish","format-standard","has-post-thumbnail","hentry","category-en-train"],"_links":{"self":[{"href":"https:\/\/usagers-transports.haut-allier.eu\/index.php\/wp-json\/wp\/v2\/posts\/1086","targetHints":{"allow":["GET"]}}],"collection":[{"href":"https:\/\/usagers-transports.haut-allier.eu\/index.php\/wp-json\/wp\/v2\/posts"}],"about":[{"href":"https:\/\/usagers-transports.haut-allier.eu\/index.php\/wp-json\/wp\/v2\/types\/post"}],"author":[{"embeddable":true,"href":"https:\/\/usagers-transports.haut-allier.eu\/index.php\/wp-json\/wp\/v2\/users\/1"}],"replies":[{"embeddable":true,"href":"https:\/\/usagers-transports.haut-allier.eu\/index.php\/wp-json\/wp\/v2\/comments?post=1086"}],"version-history":[{"count":1,"href":"https:\/\/usagers-transports.haut-allier.eu\/index.php\/wp-json\/wp\/v2\/posts\/1086\/revisions"}],"predecessor-version":[{"id":4976,"href":"https:\/\/usagers-transports.haut-allier.eu\/index.php\/wp-json\/wp\/v2\/posts\/1086\/revisions\/4976"}],"wp:featuredmedia":[{"embeddable":true,"href":"https:\/\/usagers-transports.haut-allier.eu\/index.php\/wp-json\/wp\/v2\/media\/4958"}],"wp:attachment":[{"href":"https:\/\/usagers-transports.haut-allier.eu\/index.php\/wp-json\/wp\/v2\/media?parent=1086"}],"wp:term":[{"taxonomy":"category","embeddable":true,"href":"https:\/\/usagers-transports.haut-allier.eu\/index.php\/wp-json\/wp\/v2\/categories?post=1086"},{"taxonomy":"post_tag","embeddable":true,"href":"https:\/\/usagers-transports.haut-allier.eu\/index.php\/wp-json\/wp\/v2\/tags?post=1086"}],"curies":[{"name":"wp","href":"https:\/\/api.w.org\/{rel}","templated":true}]}}