{"id":1087,"date":"2024-04-01T12:01:18","date_gmt":"2024-04-01T10:01:18","guid":{"rendered":"http:\/\/5.45.101.177\/haut-allier\/usagers-transportse\/index.php\/2024\/04\/01\/ligne-des-cevennes-et-gorges-du1087\/"},"modified":"2024-04-01T12:01:18","modified_gmt":"2024-04-01T10:01:18","slug":"ligne-des-cevennes-et-gorges-du1087","status":"publish","type":"post","link":"https:\/\/usagers-transports.haut-allier.eu\/index.php\/2024\/04\/01\/ligne-des-cevennes-et-gorges-du1087\/","title":{"rendered":"Ligne des C\u00e9vennes et gorges du haut Allier : la section Langeac Langogne d\u00e9finitivement remplac\u00e9e par 2 trains&#8230; de cano\u00ebs"},"content":{"rendered":"<p>Nouveaux adeptes du report modal bien pens\u00e9, la r\u00e9gion Auvergne Rh\u00f4ne Alpes et SNCF viennent de r\u00e9soudre l&rsquo;\u00e9pineux probl\u00e8me de l&rsquo;entretien de l&rsquo;infrastructure, ponts et tunnels, trop co\u00fbteuse, dans cette partie de voie ferr\u00e9e des gorges du haut Allier, par une mesure aussi drastique et radicale qu&rsquo;originale : <strong>\u00e0 partir du 12 d\u00e9cembre 2024<\/strong> la ligne ferroviaire sera d\u00e9finitivement ferm\u00e9e et remplac\u00e9e entre Langeac et Langogne, 67 km, par <strong>une flotte de cano\u00ebs taxis \u00e9lectriques automatiques<\/strong>, qu&rsquo;il sera facile de prendre dans les nouveaux embarcad\u00e8res situ\u00e9s \u00e0 10 minutes seulement \u00e0 pied, soit au Pont d&rsquo;Allier \u00e0 Langogne ou pr\u00e8s de l&rsquo;\u00eele d&rsquo;Amour \u00e0 Langeac (pr\u00e8s du pont en b\u00e9ton).<\/p>\n<p>Les communes de Chapeauroux, Alleyras, Monistrol d&rsquo;Allier seront toujours desservies puisque emm\u00e9nag\u00e9es avec des quais d&rsquo;\u00e9changes (en fait les plages naturelles qui faisaient office de mise \u00e0 l&rsquo;eau des kayaks jusqu&rsquo;\u00e0 pr\u00e9sent).<\/p>\n<p><em>La section d\u00e9l\u00e9gu\u00e9e d\u00e9sormais aux trains&#8230; de cano\u00ebs \u00e9lectriques<\/em><br \/>\n<img loading=\"lazy\" decoding=\"async\" class=\" aligncenter size-full wp-image-4978\" src=\"http:\/\/5.45.101.177\/haut-allier\/usagers-transportse\/wp-content\/uploads\/2024\/04\/llec.png\" alt=\"llec.png\" align=\"center\" width=\"1048\" height=\"535\" srcset=\"https:\/\/usagers-transports.haut-allier.eu\/wp-content\/uploads\/2024\/04\/llec.png 1048w, https:\/\/usagers-transports.haut-allier.eu\/wp-content\/uploads\/2024\/04\/llec-300x153.png 300w, https:\/\/usagers-transports.haut-allier.eu\/wp-content\/uploads\/2024\/04\/llec-1024x523.png 1024w, https:\/\/usagers-transports.haut-allier.eu\/wp-content\/uploads\/2024\/04\/llec-768x392.png 768w\" sizes=\"auto, (max-width: 1048px) 100vw, 1048px\" \/><\/p>\n<p>On pourra donc poursuivre son voyage en se d\u00e9pla\u00e7ant vers l&#8217;embarcad\u00e8re, ici \u00e0 Langogne :<\/p>\n<p><img loading=\"lazy\" decoding=\"async\" class=\" aligncenter size-full wp-image-4979\" src=\"http:\/\/5.45.101.177\/haut-allier\/usagers-transportse\/wp-content\/uploads\/2024\/04\/elsncf.png\" alt=\"elsncf.png\" align=\"center\" width=\"954\" height=\"521\" srcset=\"https:\/\/usagers-transports.haut-allier.eu\/wp-content\/uploads\/2024\/04\/elsncf.png 954w, https:\/\/usagers-transports.haut-allier.eu\/wp-content\/uploads\/2024\/04\/elsncf-300x164.png 300w, https:\/\/usagers-transports.haut-allier.eu\/wp-content\/uploads\/2024\/04\/elsncf-768x419.png 768w\" sizes=\"auto, (max-width: 954px) 100vw, 954px\" \/> <\/p>\n<p>&#8230;ou ici \u00e0 Langeac :<\/p>\n<p><img loading=\"lazy\" decoding=\"async\" class=\" aligncenter size-full wp-image-4980\" src=\"http:\/\/5.45.101.177\/haut-allier\/usagers-transportse\/wp-content\/uploads\/2024\/04\/elgeacsncf.png\" alt=\"elgeacsncf.png\" align=\"center\" width=\"1035\" height=\"554\" srcset=\"https:\/\/usagers-transports.haut-allier.eu\/wp-content\/uploads\/2024\/04\/elgeacsncf.png 1035w, https:\/\/usagers-transports.haut-allier.eu\/wp-content\/uploads\/2024\/04\/elgeacsncf-300x161.png 300w, https:\/\/usagers-transports.haut-allier.eu\/wp-content\/uploads\/2024\/04\/elgeacsncf-1024x548.png 1024w, https:\/\/usagers-transports.haut-allier.eu\/wp-content\/uploads\/2024\/04\/elgeacsncf-768x411.png 768w\" sizes=\"auto, (max-width: 1035px) 100vw, 1035px\" \/><\/p>\n<p>L&rsquo;\u00e9tude de la solution et de ces cano\u00ebs pneumatiques a \u00e9t\u00e9 rondement men\u00e9e au 4\u00e8me trimestre 2023 par le <a href=\"https:\/\/www.cerema.fr\/fr\"><em>CEREMA<\/em><\/a>, un bureau d&rsquo;\u00e9tudes des mobilit\u00e9s tr\u00e8s pris\u00e9 des collectivit\u00e9s. Maintenant que le barrage de Pout\u00e8s a \u00e9t\u00e9 aras\u00e9 et abaiss\u00e9, ce type d&#8217;embarcation automatique, peut le franchir sans probl\u00e8me. <\/p>\n<p><em>Un des 8 boats cano\u00ebs gonflables choisis par la r\u00e9gion ici en d\u00e9monstration sur la retenue de Pout\u00e8s. On distingue les panneaux solaires install\u00e9s sur la partie sup\u00e9rieure ainsi qu&rsquo;une partie vitr\u00e9e pour abriter les voyageurs :<\/em><\/p>\n<p><img loading=\"lazy\" decoding=\"async\" class=\" aligncenter size-full wp-image-4981\" src=\"http:\/\/5.45.101.177\/haut-allier\/usagers-transportse\/wp-content\/uploads\/2024\/04\/udncrauraalangeac.jpg\" alt=\"udncrauraalangeac.jpg\" align=\"center\" width=\"1020\" height=\"701\" srcset=\"https:\/\/usagers-transports.haut-allier.eu\/wp-content\/uploads\/2024\/04\/udncrauraalangeac.jpg 1020w, https:\/\/usagers-transports.haut-allier.eu\/wp-content\/uploads\/2024\/04\/udncrauraalangeac-300x206.jpg 300w, https:\/\/usagers-transports.haut-allier.eu\/wp-content\/uploads\/2024\/04\/udncrauraalangeac-768x528.jpg 768w\" sizes=\"auto, (max-width: 1020px) 100vw, 1020px\" \/><\/p>\n<p>En voici les caract\u00e9ristiques et le d\u00e9tail :<\/p>\n<p>&#8211; motorisation \u00e9lectrique et solaire,<br \/>\n&#8211; emplacement pr\u00e9vu pour 10 bagages de petit encombrement,<br \/>\n&#8211; 4 emplacements v\u00e9los pliables,<br \/>\n&#8211; 8 si\u00e8ges,<br \/>\n&#8211; 10 places,<br \/>\n&#8211; pas de conducteur, le cano\u00eb est t\u00e9l\u00e9guid\u00e9 par GPS depuis Lyon (le service transports de Mr Aguilera \u00e0 l&rsquo;H\u00f4tel de r\u00e9gion),<br \/>\n&#8211; s\u00e9curisation maximum puisque en cas d&rsquo;al\u00e9as, comme trop de d\u00e9bit, obstacle non pr\u00e9vu infranchissable, bourrasques, l&rsquo;\u00e9jection automatique sur les bords de rivi\u00e8re avec bagage est propos\u00e9e. Concr\u00e8tement le passager pressentant un danger pourra actionner un bouton rouge qui d\u00e9clenchera la transportation, \u00e0 ses risques et p\u00e9rils. Egalement la s\u00e9curit\u00e9 n&rsquo;a pas \u00e9t\u00e9 oubli\u00e9e par notre belle collectivit\u00e9 r\u00e9gionale puisque 4 cam\u00e9ras de vid\u00e9os\u00e9curit\u00e9 sont embarqu\u00e9es dans chaque unit\u00e9 flottable.  <\/p>\n<p>Le prix du ticket, d\u00e9cid\u00e9 par la r\u00e9gion Auvergne Rh\u00f4ne Alpes, reste inchang\u00e9, il sera celui de l&rsquo;ancien trajet en train. Nul doute que les nombreux touristes qui adoraient et remplissaient le <a href=\"https:\/\/www.train-gorges-allier.com\/\"><em>train touristique des gorges de l&rsquo;Allier<\/em><\/a> seront adeptes du grand cano\u00eb gonflable automatis\u00e9. De bien belles photos en perspective sur les r\u00e9seaux !<\/p>\n<p><strong>Les usagers inquiets sur les temps de trajets, le confort&#8230;<\/strong><\/p>\n<p>Ceux, \u00e9ternels insatisfaits, et craintifs des solutions modernes apport\u00e9es, qui empruntent le train au quotidien pour leurs d\u00e9placements regrettent n\u00e9anmoins le confort et la rapidit\u00e9 &#8211; relative, 40 km\/h entre Monistrol d&rsquo;Allier et Chapeauroux &#8211; du train traditionnel. Et surtout ils d\u00e9noncent le temps de trajet au moins tripl\u00e9, les 2 changements de plus de dix minutes \u00e0 pied \u00e0 Langogne et \u00e0 Langeac, \u00e9galement la n\u00e9cessit\u00e9 de se munir de bottes sur les embarcad\u00e8res de fortune des autres petites gares des gorges.<\/p>\n<p>D&rsquo;ailleurs les quelques personnes inform\u00e9es que nous avons interrog\u00e9es le traitent d\u00e9j\u00e0 de \u00ab\u00a0saucisse flottante \u00e0 la d\u00e9rive de la mort\u00a0\u00bb. <\/p>\n<p>Ces citoyens feraient bien de faire attention \u00e0 leurs propos dans les temps actuels. Ils pourraient leur valoir quelques ennuis. Les <em>r\u00e9centes lois vot\u00e9es<\/em> par notre gouvernement peuvent leur faire regretter de critiquer les excellentes d\u00e9cisions de nos belles collectivit\u00e9s et administrations. Nationales, r\u00e9gionales, d\u00e9partementales ou simplement locales. <\/p>\n<p>D&rsquo;ailleurs qu&rsquo;ils consid\u00e8rent comme un plus :<\/p>\n<p>&#8211; qu&rsquo;il ne leur est pas demand\u00e9 de propulser eux m\u00eame l&#8217;embarcation \u00e0 la rame,<br \/>\n&#8211; que la solution apport\u00e9e est totalement d\u00e9carbon\u00e9e, contrairement aux vieilles locomotives diesel n\u00e9cessaires sur ces lignes ferroviaires non \u00e9lectrifi\u00e9es.<br \/>\n&#8211; que le trajet est avantageux et de toute beaut\u00e9 avec un billet au tarif inchang\u00e9.<br \/>\n&#8211; que tout l&rsquo;aspect s\u00e9curit\u00e9 et s\u00e9curitaire a \u00e9t\u00e9 pris en compte et int\u00e9gr\u00e9 \u00e0 la solution. <\/p>\n<p>Ces administr\u00e9s que nous qualifierons d&rsquo;\u00e9go\u00efstes seront certainement ravis de consid\u00e9rer que la ligne Clermont &#8211; N\u00eemes ne ferme pas, et qu&rsquo;une solution \u00e9l\u00e9gante leur est apport\u00e9e par la r\u00e9gion AuRA. B\u00e9nie soit-elle (et son Pr\u00e9sident, et son Vice-pr\u00e9sident charg\u00e9 des transports ainsi que les bureaux d&rsquo;\u00e9tudes). <\/p>\n<p><strong>MAJ du 2 avril :<\/strong><br \/>\nLes voyageurs \u00e0 bord auront le droit de monter sur \u00ab\u00a0le pont\u00a0\u00bb pour s&rsquo;adonner \u00e0 la p\u00eache. Un pr\u00e9l\u00e8vement limit\u00e9 n\u00e9anmoins \u00e0 <strong>un poisson<\/strong>, un saumon de pr\u00e9f\u00e9rence, chacun.<\/p>\n","protected":false},"excerpt":{"rendered":"<p>Nouveaux adeptes du report modal bien pens\u00e9, la r\u00e9gion Auvergne Rh\u00f4ne Alpes et SNCF viennent de r\u00e9soudre l&rsquo;\u00e9pineux<\/p>\n","protected":false},"author":1,"featured_media":4977,"comment_status":"open","ping_status":"open","sticky":false,"template":"","format":"standard","meta":{"footnotes":""},"categories":[2],"tags":[],"class_list":["post-1087","post","type-post","status-publish","format-standard","has-post-thumbnail","hentry","category-infos"],"_links":{"self":[{"href":"https:\/\/usagers-transports.haut-allier.eu\/index.php\/wp-json\/wp\/v2\/posts\/1087","targetHints":{"allow":["GET"]}}],"collection":[{"href":"https:\/\/usagers-transports.haut-allier.eu\/index.php\/wp-json\/wp\/v2\/posts"}],"about":[{"href":"https:\/\/usagers-transports.haut-allier.eu\/index.php\/wp-json\/wp\/v2\/types\/post"}],"author":[{"embeddable":true,"href":"https:\/\/usagers-transports.haut-allier.eu\/index.php\/wp-json\/wp\/v2\/users\/1"}],"replies":[{"embeddable":true,"href":"https:\/\/usagers-transports.haut-allier.eu\/index.php\/wp-json\/wp\/v2\/comments?post=1087"}],"version-history":[{"count":0,"href":"https:\/\/usagers-transports.haut-allier.eu\/index.php\/wp-json\/wp\/v2\/posts\/1087\/revisions"}],"wp:featuredmedia":[{"embeddable":true,"href":"https:\/\/usagers-transports.haut-allier.eu\/index.php\/wp-json\/wp\/v2\/media\/4977"}],"wp:attachment":[{"href":"https:\/\/usagers-transports.haut-allier.eu\/index.php\/wp-json\/wp\/v2\/media?parent=1087"}],"wp:term":[{"taxonomy":"category","embeddable":true,"href":"https:\/\/usagers-transports.haut-allier.eu\/index.php\/wp-json\/wp\/v2\/categories?post=1087"},{"taxonomy":"post_tag","embeddable":true,"href":"https:\/\/usagers-transports.haut-allier.eu\/index.php\/wp-json\/wp\/v2\/tags?post=1087"}],"curies":[{"name":"wp","href":"https:\/\/api.w.org\/{rel}","templated":true}]}}