{"id":1088,"date":"2024-04-03T20:31:27","date_gmt":"2024-04-03T18:31:27","guid":{"rendered":"http:\/\/5.45.101.177\/haut-allier\/usagers-transportse\/index.php\/2024\/04\/03\/elections-europeennes-du-9-juin1088\/"},"modified":"2024-04-03T20:31:27","modified_gmt":"2024-04-03T18:31:27","slug":"elections-europeennes-du-9-juin1088","status":"publish","type":"post","link":"https:\/\/usagers-transports.haut-allier.eu\/index.php\/2024\/04\/03\/elections-europeennes-du-9-juin1088\/","title":{"rendered":"Elections europ\u00e9ennes du 9 juin : Farandou publie ses &#8211; derni\u00e8res ? &#8211; propositions pour la p\u00e9riode 2024 &#8211; 2029"},"content":{"rendered":"<p>C&rsquo;est un document hallucinant de justesse que nous l\u00e8gue l\u00e0 Jean-Pierre Farandou quelques semaines avant la fin de son mandat alors qu&rsquo;il n&rsquo;est pas s\u00fbr d&rsquo;\u00eatre reconduit par ce gouvernement. Lui qui s&rsquo;est trouv\u00e9 critique envers l&rsquo;Etat, en exigeant notamment 100 milliards d&rsquo;euros pour le ferroviaire, l&rsquo;Etat le renvoyant sur les roses en demandant \u00e0 son groupe SNCF de financer seul les infrastructures et le d\u00e9veloppement. <\/p>\n<p>Le groupe SNCF et son pr\u00e9sident disent clairement ici qu&rsquo;aucun espoir n&rsquo;est \u00e0 attendre du gouvernement fran\u00e7ais en ce qui concerne le ferroviaire et qu&rsquo;il faut se tourner d\u00e9sormais vers l&rsquo;Europe. <\/p>\n<p>C&rsquo;est par exemple ce que nous avons bien compris aussi au niveau du collectif : il y a 4 ans nous avons cocr\u00e9\u00e9 le r\u00e9seau #enTrain qui f\u00e9d\u00e8re les organisations de d\u00e9fense du rail et veut agir au niveau de l&rsquo;Europe.<\/p>\n<p>Bien que ce m\u00e9mo de 14 feuillets s&rsquo;adresse aux d\u00e9put\u00e9s europ\u00e9ens qui vont \u00eatre \u00e9lus, nous consid\u00e9rons que nous sommes en pr\u00e9sence d&rsquo;un document essentiel, tr\u00e8s r\u00e9aliste, une sorte de <strong> <em>derni\u00e8res directives<\/em> <\/strong> sur lequel tous ceux qui d\u00e9fendent le train peuvent s&rsquo;appuyer.<\/p>\n<p>Le voici :<\/p>\n<p><img loading=\"lazy\" decoding=\"async\" class=\" aligncenter size-full wp-image-4983\" src=\"http:\/\/5.45.101.177\/haut-allier\/usagers-transportse\/wp-content\/uploads\/2024\/04\/2024_-_03_-_proposition-de-la-sncf-pour-le-mandat-europeen-2024-2029-00.jpg\" alt=\"2024_-_03_-_proposition-de-la-sncf-pour-le-mandat-europeen-2024-2029-00.jpg\" align=\"center\" width=\"1239\" height=\"1754\" srcset=\"https:\/\/usagers-transports.haut-allier.eu\/wp-content\/uploads\/2024\/04\/2024_-_03_-_proposition-de-la-sncf-pour-le-mandat-europeen-2024-2029-00.jpg 1239w, https:\/\/usagers-transports.haut-allier.eu\/wp-content\/uploads\/2024\/04\/2024_-_03_-_proposition-de-la-sncf-pour-le-mandat-europeen-2024-2029-00-212x300.jpg 212w, https:\/\/usagers-transports.haut-allier.eu\/wp-content\/uploads\/2024\/04\/2024_-_03_-_proposition-de-la-sncf-pour-le-mandat-europeen-2024-2029-00-723x1024.jpg 723w, https:\/\/usagers-transports.haut-allier.eu\/wp-content\/uploads\/2024\/04\/2024_-_03_-_proposition-de-la-sncf-pour-le-mandat-europeen-2024-2029-00-768x1087.jpg 768w, https:\/\/usagers-transports.haut-allier.eu\/wp-content\/uploads\/2024\/04\/2024_-_03_-_proposition-de-la-sncf-pour-le-mandat-europeen-2024-2029-00-1085x1536.jpg 1085w\" sizes=\"auto, (max-width: 1239px) 100vw, 1239px\" \/><br \/>\n <img loading=\"lazy\" decoding=\"async\" class=\" aligncenter size-full wp-image-4984\" src=\"http:\/\/5.45.101.177\/haut-allier\/usagers-transportse\/wp-content\/uploads\/2024\/04\/2024_-_03_-_proposition-de-la-sncf-pour-le-mandat-europeen-2024-2029-01.jpg\" alt=\"2024_-_03_-_proposition-de-la-sncf-pour-le-mandat-europeen-2024-2029-01.jpg\" align=\"center\" width=\"1239\" height=\"1754\" srcset=\"https:\/\/usagers-transports.haut-allier.eu\/wp-content\/uploads\/2024\/04\/2024_-_03_-_proposition-de-la-sncf-pour-le-mandat-europeen-2024-2029-01.jpg 1239w, https:\/\/usagers-transports.haut-allier.eu\/wp-content\/uploads\/2024\/04\/2024_-_03_-_proposition-de-la-sncf-pour-le-mandat-europeen-2024-2029-01-212x300.jpg 212w, https:\/\/usagers-transports.haut-allier.eu\/wp-content\/uploads\/2024\/04\/2024_-_03_-_proposition-de-la-sncf-pour-le-mandat-europeen-2024-2029-01-723x1024.jpg 723w, https:\/\/usagers-transports.haut-allier.eu\/wp-content\/uploads\/2024\/04\/2024_-_03_-_proposition-de-la-sncf-pour-le-mandat-europeen-2024-2029-01-768x1087.jpg 768w, https:\/\/usagers-transports.haut-allier.eu\/wp-content\/uploads\/2024\/04\/2024_-_03_-_proposition-de-la-sncf-pour-le-mandat-europeen-2024-2029-01-1085x1536.jpg 1085w\" sizes=\"auto, (max-width: 1239px) 100vw, 1239px\" \/><br \/>\n<img loading=\"lazy\" decoding=\"async\" class=\" aligncenter size-full wp-image-4985\" src=\"http:\/\/5.45.101.177\/haut-allier\/usagers-transportse\/wp-content\/uploads\/2024\/04\/2024_-_03_-_proposition-de-la-sncf-pour-le-mandat-europeen-2024-2029-03.jpg\" alt=\"2024_-_03_-_proposition-de-la-sncf-pour-le-mandat-europeen-2024-2029-03.jpg\" align=\"center\" width=\"1239\" height=\"1754\" srcset=\"https:\/\/usagers-transports.haut-allier.eu\/wp-content\/uploads\/2024\/04\/2024_-_03_-_proposition-de-la-sncf-pour-le-mandat-europeen-2024-2029-03.jpg 1239w, https:\/\/usagers-transports.haut-allier.eu\/wp-content\/uploads\/2024\/04\/2024_-_03_-_proposition-de-la-sncf-pour-le-mandat-europeen-2024-2029-03-212x300.jpg 212w, https:\/\/usagers-transports.haut-allier.eu\/wp-content\/uploads\/2024\/04\/2024_-_03_-_proposition-de-la-sncf-pour-le-mandat-europeen-2024-2029-03-723x1024.jpg 723w, https:\/\/usagers-transports.haut-allier.eu\/wp-content\/uploads\/2024\/04\/2024_-_03_-_proposition-de-la-sncf-pour-le-mandat-europeen-2024-2029-03-768x1087.jpg 768w, https:\/\/usagers-transports.haut-allier.eu\/wp-content\/uploads\/2024\/04\/2024_-_03_-_proposition-de-la-sncf-pour-le-mandat-europeen-2024-2029-03-1085x1536.jpg 1085w\" sizes=\"auto, (max-width: 1239px) 100vw, 1239px\" \/><br \/>\n<img loading=\"lazy\" decoding=\"async\" class=\" aligncenter size-full wp-image-4986\" src=\"http:\/\/5.45.101.177\/haut-allier\/usagers-transportse\/wp-content\/uploads\/2024\/04\/2024_-_03_-_proposition-de-la-sncf-pour-le-mandat-europeen-2024-2029-05.jpg\" alt=\"2024_-_03_-_proposition-de-la-sncf-pour-le-mandat-europeen-2024-2029-05.jpg\" align=\"center\" width=\"1239\" height=\"1754\" srcset=\"https:\/\/usagers-transports.haut-allier.eu\/wp-content\/uploads\/2024\/04\/2024_-_03_-_proposition-de-la-sncf-pour-le-mandat-europeen-2024-2029-05.jpg 1239w, https:\/\/usagers-transports.haut-allier.eu\/wp-content\/uploads\/2024\/04\/2024_-_03_-_proposition-de-la-sncf-pour-le-mandat-europeen-2024-2029-05-212x300.jpg 212w, https:\/\/usagers-transports.haut-allier.eu\/wp-content\/uploads\/2024\/04\/2024_-_03_-_proposition-de-la-sncf-pour-le-mandat-europeen-2024-2029-05-723x1024.jpg 723w, https:\/\/usagers-transports.haut-allier.eu\/wp-content\/uploads\/2024\/04\/2024_-_03_-_proposition-de-la-sncf-pour-le-mandat-europeen-2024-2029-05-768x1087.jpg 768w, https:\/\/usagers-transports.haut-allier.eu\/wp-content\/uploads\/2024\/04\/2024_-_03_-_proposition-de-la-sncf-pour-le-mandat-europeen-2024-2029-05-1085x1536.jpg 1085w\" sizes=\"auto, (max-width: 1239px) 100vw, 1239px\" \/><br \/>\n<img loading=\"lazy\" decoding=\"async\" class=\" aligncenter size-full wp-image-4987\" src=\"http:\/\/5.45.101.177\/haut-allier\/usagers-transportse\/wp-content\/uploads\/2024\/04\/2024_-_03_-_proposition-de-la-sncf-pour-le-mandat-europeen-2024-2029-04.jpg\" alt=\"2024_-_03_-_proposition-de-la-sncf-pour-le-mandat-europeen-2024-2029-04.jpg\" align=\"center\" width=\"1239\" height=\"1754\" srcset=\"https:\/\/usagers-transports.haut-allier.eu\/wp-content\/uploads\/2024\/04\/2024_-_03_-_proposition-de-la-sncf-pour-le-mandat-europeen-2024-2029-04.jpg 1239w, https:\/\/usagers-transports.haut-allier.eu\/wp-content\/uploads\/2024\/04\/2024_-_03_-_proposition-de-la-sncf-pour-le-mandat-europeen-2024-2029-04-212x300.jpg 212w, https:\/\/usagers-transports.haut-allier.eu\/wp-content\/uploads\/2024\/04\/2024_-_03_-_proposition-de-la-sncf-pour-le-mandat-europeen-2024-2029-04-723x1024.jpg 723w, https:\/\/usagers-transports.haut-allier.eu\/wp-content\/uploads\/2024\/04\/2024_-_03_-_proposition-de-la-sncf-pour-le-mandat-europeen-2024-2029-04-768x1087.jpg 768w, https:\/\/usagers-transports.haut-allier.eu\/wp-content\/uploads\/2024\/04\/2024_-_03_-_proposition-de-la-sncf-pour-le-mandat-europeen-2024-2029-04-1085x1536.jpg 1085w\" sizes=\"auto, (max-width: 1239px) 100vw, 1239px\" \/><br \/>\n<img loading=\"lazy\" decoding=\"async\" class=\" aligncenter size-full wp-image-4988\" src=\"http:\/\/5.45.101.177\/haut-allier\/usagers-transportse\/wp-content\/uploads\/2024\/04\/2024_-_03_-_proposition-de-la-sncf-pour-le-mandat-europeen-2024-2029-06.jpg\" alt=\"2024_-_03_-_proposition-de-la-sncf-pour-le-mandat-europeen-2024-2029-06.jpg\" align=\"center\" width=\"1239\" height=\"1754\" srcset=\"https:\/\/usagers-transports.haut-allier.eu\/wp-content\/uploads\/2024\/04\/2024_-_03_-_proposition-de-la-sncf-pour-le-mandat-europeen-2024-2029-06.jpg 1239w, https:\/\/usagers-transports.haut-allier.eu\/wp-content\/uploads\/2024\/04\/2024_-_03_-_proposition-de-la-sncf-pour-le-mandat-europeen-2024-2029-06-212x300.jpg 212w, https:\/\/usagers-transports.haut-allier.eu\/wp-content\/uploads\/2024\/04\/2024_-_03_-_proposition-de-la-sncf-pour-le-mandat-europeen-2024-2029-06-723x1024.jpg 723w, https:\/\/usagers-transports.haut-allier.eu\/wp-content\/uploads\/2024\/04\/2024_-_03_-_proposition-de-la-sncf-pour-le-mandat-europeen-2024-2029-06-768x1087.jpg 768w, https:\/\/usagers-transports.haut-allier.eu\/wp-content\/uploads\/2024\/04\/2024_-_03_-_proposition-de-la-sncf-pour-le-mandat-europeen-2024-2029-06-1085x1536.jpg 1085w\" sizes=\"auto, (max-width: 1239px) 100vw, 1239px\" \/><br \/>\n<img loading=\"lazy\" decoding=\"async\" class=\" aligncenter size-full wp-image-4989\" src=\"http:\/\/5.45.101.177\/haut-allier\/usagers-transportse\/wp-content\/uploads\/2024\/04\/2024_-_03_-_proposition-de-la-sncf-pour-le-mandat-europeen-2024-2029-07.jpg\" alt=\"2024_-_03_-_proposition-de-la-sncf-pour-le-mandat-europeen-2024-2029-07.jpg\" align=\"center\" width=\"1239\" height=\"1754\" srcset=\"https:\/\/usagers-transports.haut-allier.eu\/wp-content\/uploads\/2024\/04\/2024_-_03_-_proposition-de-la-sncf-pour-le-mandat-europeen-2024-2029-07.jpg 1239w, https:\/\/usagers-transports.haut-allier.eu\/wp-content\/uploads\/2024\/04\/2024_-_03_-_proposition-de-la-sncf-pour-le-mandat-europeen-2024-2029-07-212x300.jpg 212w, https:\/\/usagers-transports.haut-allier.eu\/wp-content\/uploads\/2024\/04\/2024_-_03_-_proposition-de-la-sncf-pour-le-mandat-europeen-2024-2029-07-723x1024.jpg 723w, https:\/\/usagers-transports.haut-allier.eu\/wp-content\/uploads\/2024\/04\/2024_-_03_-_proposition-de-la-sncf-pour-le-mandat-europeen-2024-2029-07-768x1087.jpg 768w, https:\/\/usagers-transports.haut-allier.eu\/wp-content\/uploads\/2024\/04\/2024_-_03_-_proposition-de-la-sncf-pour-le-mandat-europeen-2024-2029-07-1085x1536.jpg 1085w\" sizes=\"auto, (max-width: 1239px) 100vw, 1239px\" \/><br \/>\n<img loading=\"lazy\" decoding=\"async\" class=\" aligncenter size-full wp-image-4990\" src=\"http:\/\/5.45.101.177\/haut-allier\/usagers-transportse\/wp-content\/uploads\/2024\/04\/2024_-_03_-_proposition-de-la-sncf-pour-le-mandat-europeen-2024-2029-09.jpg\" alt=\"2024_-_03_-_proposition-de-la-sncf-pour-le-mandat-europeen-2024-2029-09.jpg\" align=\"center\" width=\"1239\" height=\"1754\" srcset=\"https:\/\/usagers-transports.haut-allier.eu\/wp-content\/uploads\/2024\/04\/2024_-_03_-_proposition-de-la-sncf-pour-le-mandat-europeen-2024-2029-09.jpg 1239w, https:\/\/usagers-transports.haut-allier.eu\/wp-content\/uploads\/2024\/04\/2024_-_03_-_proposition-de-la-sncf-pour-le-mandat-europeen-2024-2029-09-212x300.jpg 212w, https:\/\/usagers-transports.haut-allier.eu\/wp-content\/uploads\/2024\/04\/2024_-_03_-_proposition-de-la-sncf-pour-le-mandat-europeen-2024-2029-09-723x1024.jpg 723w, https:\/\/usagers-transports.haut-allier.eu\/wp-content\/uploads\/2024\/04\/2024_-_03_-_proposition-de-la-sncf-pour-le-mandat-europeen-2024-2029-09-768x1087.jpg 768w, https:\/\/usagers-transports.haut-allier.eu\/wp-content\/uploads\/2024\/04\/2024_-_03_-_proposition-de-la-sncf-pour-le-mandat-europeen-2024-2029-09-1085x1536.jpg 1085w\" sizes=\"auto, (max-width: 1239px) 100vw, 1239px\" \/><br \/>\n<img loading=\"lazy\" decoding=\"async\" class=\" aligncenter size-full wp-image-4991\" src=\"http:\/\/5.45.101.177\/haut-allier\/usagers-transportse\/wp-content\/uploads\/2024\/04\/2024_-_03_-_proposition-de-la-sncf-pour-le-mandat-europeen-2024-2029-08.jpg\" alt=\"2024_-_03_-_proposition-de-la-sncf-pour-le-mandat-europeen-2024-2029-08.jpg\" align=\"center\" width=\"1239\" height=\"1754\" srcset=\"https:\/\/usagers-transports.haut-allier.eu\/wp-content\/uploads\/2024\/04\/2024_-_03_-_proposition-de-la-sncf-pour-le-mandat-europeen-2024-2029-08.jpg 1239w, https:\/\/usagers-transports.haut-allier.eu\/wp-content\/uploads\/2024\/04\/2024_-_03_-_proposition-de-la-sncf-pour-le-mandat-europeen-2024-2029-08-212x300.jpg 212w, https:\/\/usagers-transports.haut-allier.eu\/wp-content\/uploads\/2024\/04\/2024_-_03_-_proposition-de-la-sncf-pour-le-mandat-europeen-2024-2029-08-723x1024.jpg 723w, https:\/\/usagers-transports.haut-allier.eu\/wp-content\/uploads\/2024\/04\/2024_-_03_-_proposition-de-la-sncf-pour-le-mandat-europeen-2024-2029-08-768x1087.jpg 768w, https:\/\/usagers-transports.haut-allier.eu\/wp-content\/uploads\/2024\/04\/2024_-_03_-_proposition-de-la-sncf-pour-le-mandat-europeen-2024-2029-08-1085x1536.jpg 1085w\" sizes=\"auto, (max-width: 1239px) 100vw, 1239px\" \/><br \/>\n<img loading=\"lazy\" decoding=\"async\" class=\" aligncenter size-full wp-image-4992\" src=\"http:\/\/5.45.101.177\/haut-allier\/usagers-transportse\/wp-content\/uploads\/2024\/04\/2024_-_03_-_proposition-de-la-sncf-pour-le-mandat-europeen-2024-2029-10.jpg\" alt=\"2024_-_03_-_proposition-de-la-sncf-pour-le-mandat-europeen-2024-2029-10.jpg\" align=\"center\" width=\"1239\" height=\"1754\" srcset=\"https:\/\/usagers-transports.haut-allier.eu\/wp-content\/uploads\/2024\/04\/2024_-_03_-_proposition-de-la-sncf-pour-le-mandat-europeen-2024-2029-10.jpg 1239w, https:\/\/usagers-transports.haut-allier.eu\/wp-content\/uploads\/2024\/04\/2024_-_03_-_proposition-de-la-sncf-pour-le-mandat-europeen-2024-2029-10-212x300.jpg 212w, https:\/\/usagers-transports.haut-allier.eu\/wp-content\/uploads\/2024\/04\/2024_-_03_-_proposition-de-la-sncf-pour-le-mandat-europeen-2024-2029-10-723x1024.jpg 723w, https:\/\/usagers-transports.haut-allier.eu\/wp-content\/uploads\/2024\/04\/2024_-_03_-_proposition-de-la-sncf-pour-le-mandat-europeen-2024-2029-10-768x1087.jpg 768w, https:\/\/usagers-transports.haut-allier.eu\/wp-content\/uploads\/2024\/04\/2024_-_03_-_proposition-de-la-sncf-pour-le-mandat-europeen-2024-2029-10-1085x1536.jpg 1085w\" sizes=\"auto, (max-width: 1239px) 100vw, 1239px\" \/><br \/>\n<img loading=\"lazy\" decoding=\"async\" class=\" aligncenter size-full wp-image-4993\" src=\"http:\/\/5.45.101.177\/haut-allier\/usagers-transportse\/wp-content\/uploads\/2024\/04\/2024_-_03_-_proposition-de-la-sncf-pour-le-mandat-europeen-2024-2029-11.jpg\" alt=\"2024_-_03_-_proposition-de-la-sncf-pour-le-mandat-europeen-2024-2029-11.jpg\" align=\"center\" width=\"1239\" height=\"1754\" srcset=\"https:\/\/usagers-transports.haut-allier.eu\/wp-content\/uploads\/2024\/04\/2024_-_03_-_proposition-de-la-sncf-pour-le-mandat-europeen-2024-2029-11.jpg 1239w, https:\/\/usagers-transports.haut-allier.eu\/wp-content\/uploads\/2024\/04\/2024_-_03_-_proposition-de-la-sncf-pour-le-mandat-europeen-2024-2029-11-212x300.jpg 212w, https:\/\/usagers-transports.haut-allier.eu\/wp-content\/uploads\/2024\/04\/2024_-_03_-_proposition-de-la-sncf-pour-le-mandat-europeen-2024-2029-11-723x1024.jpg 723w, https:\/\/usagers-transports.haut-allier.eu\/wp-content\/uploads\/2024\/04\/2024_-_03_-_proposition-de-la-sncf-pour-le-mandat-europeen-2024-2029-11-768x1087.jpg 768w, https:\/\/usagers-transports.haut-allier.eu\/wp-content\/uploads\/2024\/04\/2024_-_03_-_proposition-de-la-sncf-pour-le-mandat-europeen-2024-2029-11-1085x1536.jpg 1085w\" sizes=\"auto, (max-width: 1239px) 100vw, 1239px\" \/><br \/>\n<img loading=\"lazy\" decoding=\"async\" class=\" aligncenter size-full wp-image-4994\" src=\"http:\/\/5.45.101.177\/haut-allier\/usagers-transportse\/wp-content\/uploads\/2024\/04\/2024_-_03_-_proposition-de-la-sncf-pour-le-mandat-europeen-2024-2029-12.jpg\" alt=\"2024_-_03_-_proposition-de-la-sncf-pour-le-mandat-europeen-2024-2029-12.jpg\" align=\"center\" width=\"1239\" height=\"1754\" srcset=\"https:\/\/usagers-transports.haut-allier.eu\/wp-content\/uploads\/2024\/04\/2024_-_03_-_proposition-de-la-sncf-pour-le-mandat-europeen-2024-2029-12.jpg 1239w, https:\/\/usagers-transports.haut-allier.eu\/wp-content\/uploads\/2024\/04\/2024_-_03_-_proposition-de-la-sncf-pour-le-mandat-europeen-2024-2029-12-212x300.jpg 212w, https:\/\/usagers-transports.haut-allier.eu\/wp-content\/uploads\/2024\/04\/2024_-_03_-_proposition-de-la-sncf-pour-le-mandat-europeen-2024-2029-12-723x1024.jpg 723w, https:\/\/usagers-transports.haut-allier.eu\/wp-content\/uploads\/2024\/04\/2024_-_03_-_proposition-de-la-sncf-pour-le-mandat-europeen-2024-2029-12-768x1087.jpg 768w, https:\/\/usagers-transports.haut-allier.eu\/wp-content\/uploads\/2024\/04\/2024_-_03_-_proposition-de-la-sncf-pour-le-mandat-europeen-2024-2029-12-1085x1536.jpg 1085w\" sizes=\"auto, (max-width: 1239px) 100vw, 1239px\" \/><br \/>\n<img loading=\"lazy\" decoding=\"async\" class=\" aligncenter size-full wp-image-4995\" src=\"http:\/\/5.45.101.177\/haut-allier\/usagers-transportse\/wp-content\/uploads\/2024\/04\/2024_-_03_-_proposition-de-la-sncf-pour-le-mandat-europeen-2024-2029-13.jpg\" alt=\"2024_-_03_-_proposition-de-la-sncf-pour-le-mandat-europeen-2024-2029-13.jpg\" align=\"center\" width=\"1239\" height=\"1754\" srcset=\"https:\/\/usagers-transports.haut-allier.eu\/wp-content\/uploads\/2024\/04\/2024_-_03_-_proposition-de-la-sncf-pour-le-mandat-europeen-2024-2029-13.jpg 1239w, https:\/\/usagers-transports.haut-allier.eu\/wp-content\/uploads\/2024\/04\/2024_-_03_-_proposition-de-la-sncf-pour-le-mandat-europeen-2024-2029-13-212x300.jpg 212w, https:\/\/usagers-transports.haut-allier.eu\/wp-content\/uploads\/2024\/04\/2024_-_03_-_proposition-de-la-sncf-pour-le-mandat-europeen-2024-2029-13-723x1024.jpg 723w, https:\/\/usagers-transports.haut-allier.eu\/wp-content\/uploads\/2024\/04\/2024_-_03_-_proposition-de-la-sncf-pour-le-mandat-europeen-2024-2029-13-768x1087.jpg 768w, https:\/\/usagers-transports.haut-allier.eu\/wp-content\/uploads\/2024\/04\/2024_-_03_-_proposition-de-la-sncf-pour-le-mandat-europeen-2024-2029-13-1085x1536.jpg 1085w\" sizes=\"auto, (max-width: 1239px) 100vw, 1239px\" \/><br \/>\n<img loading=\"lazy\" decoding=\"async\" class=\" aligncenter size-full wp-image-4996\" src=\"http:\/\/5.45.101.177\/haut-allier\/usagers-transportse\/wp-content\/uploads\/2024\/04\/2024_-_03_-_proposition-de-la-sncf-pour-le-mandat-europeen-2024-2029-14.jpg\" alt=\"2024_-_03_-_proposition-de-la-sncf-pour-le-mandat-europeen-2024-2029-14.jpg\" align=\"center\" width=\"1239\" height=\"1754\" srcset=\"https:\/\/usagers-transports.haut-allier.eu\/wp-content\/uploads\/2024\/04\/2024_-_03_-_proposition-de-la-sncf-pour-le-mandat-europeen-2024-2029-14.jpg 1239w, https:\/\/usagers-transports.haut-allier.eu\/wp-content\/uploads\/2024\/04\/2024_-_03_-_proposition-de-la-sncf-pour-le-mandat-europeen-2024-2029-14-212x300.jpg 212w, https:\/\/usagers-transports.haut-allier.eu\/wp-content\/uploads\/2024\/04\/2024_-_03_-_proposition-de-la-sncf-pour-le-mandat-europeen-2024-2029-14-723x1024.jpg 723w, https:\/\/usagers-transports.haut-allier.eu\/wp-content\/uploads\/2024\/04\/2024_-_03_-_proposition-de-la-sncf-pour-le-mandat-europeen-2024-2029-14-768x1087.jpg 768w, https:\/\/usagers-transports.haut-allier.eu\/wp-content\/uploads\/2024\/04\/2024_-_03_-_proposition-de-la-sncf-pour-le-mandat-europeen-2024-2029-14-1085x1536.jpg 1085w\" sizes=\"auto, (max-width: 1239px) 100vw, 1239px\" \/><\/p>\n","protected":false},"excerpt":{"rendered":"<p>C&rsquo;est un document hallucinant de justesse que nous l\u00e8gue l\u00e0 Jean-Pierre Farandou quelques semaines avant la fin de<\/p>\n","protected":false},"author":1,"featured_media":4982,"comment_status":"closed","ping_status":"open","sticky":false,"template":"","format":"standard","meta":{"footnotes":""},"categories":[3],"tags":[],"class_list":["post-1088","post","type-post","status-publish","format-standard","has-post-thumbnail","hentry","category-en-train"],"_links":{"self":[{"href":"https:\/\/usagers-transports.haut-allier.eu\/index.php\/wp-json\/wp\/v2\/posts\/1088","targetHints":{"allow":["GET"]}}],"collection":[{"href":"https:\/\/usagers-transports.haut-allier.eu\/index.php\/wp-json\/wp\/v2\/posts"}],"about":[{"href":"https:\/\/usagers-transports.haut-allier.eu\/index.php\/wp-json\/wp\/v2\/types\/post"}],"author":[{"embeddable":true,"href":"https:\/\/usagers-transports.haut-allier.eu\/index.php\/wp-json\/wp\/v2\/users\/1"}],"replies":[{"embeddable":true,"href":"https:\/\/usagers-transports.haut-allier.eu\/index.php\/wp-json\/wp\/v2\/comments?post=1088"}],"version-history":[{"count":0,"href":"https:\/\/usagers-transports.haut-allier.eu\/index.php\/wp-json\/wp\/v2\/posts\/1088\/revisions"}],"wp:featuredmedia":[{"embeddable":true,"href":"https:\/\/usagers-transports.haut-allier.eu\/index.php\/wp-json\/wp\/v2\/media\/4982"}],"wp:attachment":[{"href":"https:\/\/usagers-transports.haut-allier.eu\/index.php\/wp-json\/wp\/v2\/media?parent=1088"}],"wp:term":[{"taxonomy":"category","embeddable":true,"href":"https:\/\/usagers-transports.haut-allier.eu\/index.php\/wp-json\/wp\/v2\/categories?post=1088"},{"taxonomy":"post_tag","embeddable":true,"href":"https:\/\/usagers-transports.haut-allier.eu\/index.php\/wp-json\/wp\/v2\/tags?post=1088"}],"curies":[{"name":"wp","href":"https:\/\/api.w.org\/{rel}","templated":true}]}}