{"id":1089,"date":"2024-04-04T09:31:10","date_gmt":"2024-04-04T07:31:10","guid":{"rendered":"http:\/\/5.45.101.177\/haut-allier\/usagers-transportse\/index.php\/2024\/04\/04\/billets-sncf-un-pass-rail-a-491089\/"},"modified":"2026-09-01T16:05:53","modified_gmt":"2026-09-01T14:05:53","slug":"billets-sncf-un-pass-rail-a-491089","status":"publish","type":"post","link":"https:\/\/usagers-transports.haut-allier.eu\/index.php\/2024\/04\/04\/billets-sncf-un-pass-rail-a-491089\/","title":{"rendered":"Billets SNCF : un Pass Rail \u00e0 49 euros tr\u00e8s limit\u00e9 cet \u00e9t\u00e9 et les TER souhait\u00e9s au prix du covoiturage"},"content":{"rendered":"Hier 3 avril fut le th\u00e9\u00e2tre d&rsquo;un imbroglio \u00e9pique : dans la matin\u00e9e le ministre des transports communiquait via Twitter \/ X sur l&rsquo;impossibilit\u00e9 de mettre au point le \u00ab\u00a0mini\u00a0\u00bb Pass Rail dont il avait parl\u00e9 il y a quelques semaines et ce \u00e0 cause de 3 r\u00e9gions qui refusait : Auvergne Rh\u00f4ne Alpes, la Normandie et les Hauts de France.\n\n<img loading=\"lazy\" decoding=\"async\" class=\" aligncenter size-full wp-image-4998\" src=\"http:\/\/5.45.101.177\/haut-allier\/usagers-transportse\/wp-content\/uploads\/2024\/04\/pass-rail-00.png\" alt=\"pass-rail-00.png\" align=\"center\" width=\"440\" height=\"77\" srcset=\"https:\/\/usagers-transports.haut-allier.eu\/wp-content\/uploads\/2024\/04\/pass-rail-00.png 440w, https:\/\/usagers-transports.haut-allier.eu\/wp-content\/uploads\/2024\/04\/pass-rail-00-300x53.png 300w\" sizes=\"auto, (max-width: 440px) 100vw, 440px\" \/>\n\n<img loading=\"lazy\" decoding=\"async\" class=\" aligncenter size-full wp-image-4999\" src=\"http:\/\/5.45.101.177\/haut-allier\/usagers-transportse\/wp-content\/uploads\/2024\/04\/pass-rail-01.png\" alt=\"pass-rail-01.png\" align=\"center\" width=\"437\" height=\"301\" srcset=\"https:\/\/usagers-transports.haut-allier.eu\/wp-content\/uploads\/2024\/04\/pass-rail-01.png 437w, https:\/\/usagers-transports.haut-allier.eu\/wp-content\/uploads\/2024\/04\/pass-rail-01-300x207.png 300w\" sizes=\"auto, (max-width: 437px) 100vw, 437px\" \/>\n\nLes 3 r\u00e9gions point\u00e9es du doigt montaient alors au cr\u00e9neau, devinez de quel parti politique, pr\u00e9textant qu&rsquo;elles \u00e9taient pour MAIS&#8230; telle les explications alambiqu\u00e9es de la r\u00e9gion Auvergne Rh\u00f4ne Alpes : \u00ab\u00a0C&rsquo;est pas nous, c&rsquo;est la r\u00e9gion \u00cele de France qui bloque (!)\u00a0\u00bb\n\n<img loading=\"lazy\" decoding=\"async\" class=\" aligncenter size-full wp-image-5000\" src=\"http:\/\/5.45.101.177\/haut-allier\/usagers-transportse\/wp-content\/uploads\/2024\/04\/passrail-02.png\" alt=\"passrail-02.png\" align=\"center\" width=\"442\" height=\"255\" srcset=\"https:\/\/usagers-transports.haut-allier.eu\/wp-content\/uploads\/2024\/04\/passrail-02.png 442w, https:\/\/usagers-transports.haut-allier.eu\/wp-content\/uploads\/2024\/04\/passrail-02-300x173.png 300w\" sizes=\"auto, (max-width: 442px) 100vw, 442px\" \/>\n\nDe m\u00eame l&rsquo;association des R\u00e9gions de France publiait un communiqu\u00e9 :\n\n<img loading=\"lazy\" decoding=\"async\" class=\" aligncenter size-full wp-image-5001\" src=\"http:\/\/5.45.101.177\/haut-allier\/usagers-transportse\/wp-content\/uploads\/2024\/04\/gkp2khnwwaa__3x.jpg\" alt=\"gkp2khnwwaa__3x.jpg\" align=\"center\" width=\"908\" height=\"936\" srcset=\"https:\/\/usagers-transports.haut-allier.eu\/wp-content\/uploads\/2024\/04\/gkp2khnwwaa__3x.jpg 908w, https:\/\/usagers-transports.haut-allier.eu\/wp-content\/uploads\/2024\/04\/gkp2khnwwaa__3x-291x300.jpg 291w, https:\/\/usagers-transports.haut-allier.eu\/wp-content\/uploads\/2024\/04\/gkp2khnwwaa__3x-768x792.jpg 768w\" sizes=\"auto, (max-width: 908px) 100vw, 908px\" \/>\n\nCoup de th\u00e9\u00e2tre : en fin de journ\u00e9e nouveau communiqu\u00e9 du minist\u00e8re des transports et de Macron qui se r\u00e9jouissent d&rsquo;avoir trouv\u00e9 un accord&#8230; Comme quoi il suffisait de d\u00e9noncer les cancres.\n\n<img loading=\"lazy\" decoding=\"async\" class=\" aligncenter size-full wp-image-5002\" src=\"http:\/\/5.45.101.177\/haut-allier\/usagers-transportse\/wp-content\/uploads\/2024\/04\/passrail-03.png\" alt=\"passrail-03.png\" align=\"center\" width=\"445\" height=\"444\" srcset=\"https:\/\/usagers-transports.haut-allier.eu\/wp-content\/uploads\/2024\/04\/passrail-03.png 445w, https:\/\/usagers-transports.haut-allier.eu\/wp-content\/uploads\/2024\/04\/passrail-03-300x300.png 300w, https:\/\/usagers-transports.haut-allier.eu\/wp-content\/uploads\/2024\/04\/passrail-03-150x150.png 150w\" sizes=\"auto, (max-width: 445px) 100vw, 445px\" \/>\n\n<img loading=\"lazy\" decoding=\"async\" class=\" aligncenter size-full wp-image-5003\" src=\"http:\/\/5.45.101.177\/haut-allier\/usagers-transportse\/wp-content\/uploads\/2024\/04\/passrail-04.png\" alt=\"passrail-04.png\" align=\"center\" width=\"440\" height=\"76\" srcset=\"https:\/\/usagers-transports.haut-allier.eu\/wp-content\/uploads\/2024\/04\/passrail-04.png 440w, https:\/\/usagers-transports.haut-allier.eu\/wp-content\/uploads\/2024\/04\/passrail-04-300x52.png 300w\" sizes=\"auto, (max-width: 440px) 100vw, 440px\" \/>\n\n<strong>Un Pass rail limit\u00e9<\/strong>\n\nMais ce n\u2019est pas un vrai Pass rail ! Le Pass rail annonc\u00e9 par le pr\u00e9sident \u00e9tait le mod\u00e8le allemand, l\u00e0 l\u2019ambition est r\u00e9duite :\n\n&#8211; Les transports urbains en sont exclus. \n&#8211; Le ticket \u00e0 49\u20ac ne concerne plus que les moins de 27 ans.\n&#8211; Le ticket n&rsquo;est valable que l&rsquo;\u00e9t\u00e9.\n&#8211; Pas valable en r\u00e9gion parisienne.\n\nBonjour le cadeau et tant pis pour les autres.\n\nNotre collectif demande un vrai Pass Rail tel celui en vigueur en Allemagne : ouvert \u00e0 tous les \u00e2ges, toute l&rsquo;ann\u00e9e, et applicable \u00e0 tous les modes de transports en commun.\n\n<a href=\"https:\/\/www.francetvinfo.fr\/economie\/transports\/sncf\/greve-a-la-sncf\/pass-rail-toutes-les-regions-sont-finalement-d-accord-pour-cet-ete-annonce-le-ministre-delegue-charge-des-transports_6464978.html\"><em>Pr\u00e9cisions ici<\/em><\/a>.\n\n<strong>Demande de billets TER au prix du covoiturage<\/strong>\n\nD&rsquo;autre part nous militons avec le collectif Oui au Train de nuit pour une tarification uniforme des billets TER \u00e0 un prix inf\u00e9rieur ou \u00e9gal \u00e0 celui du covoiturage.\n\nOn peut signer <a href=\"https:\/\/agir.greenvoice.fr\/p\/prixduter\"><em>la p\u00e9tition ici<\/em><\/a>.\n\nNous sommes cosignataires de ce texte :\n\n<blockquote class=\"poesie\">\n\n<strong> Appel pour le TER au prix du covoiturage<\/strong>\n\n8 associations appellent les r\u00e9gions \u00e0 proposer le TER au prix du covoiturage. La r\u00e9gion Occitanie a cr\u00e9e plusieurs tarifications \u00e0 bas prix, mais soumises \u00e0 conditions. Les fran\u00e7ais veulent prendre le train, mais sur nos territoires ruraux, nous sommes plut\u00f4t habitu\u00e9s de l\u2019automobile. En vivant \u00e9loign\u00e9s des gares, beaucoup de personnes auraient usage du TER par exemple une dizaine de fois par an, ce qui ne permet pas d\u2019atteindre certains tarifs attractifs.\n\nDans ce cas, une recherche sur SNCF-connect.com fait bien souvent appara\u00eetre le plein tarif, qui est deux fois plus on\u00e9reux de la covoiturage. L\u2019effet est dissuasif : \u00ab je suis all\u00e9 \u00e0 la gare, et vu le tarif du TER, j\u2019ai pris ma voiture \u00bb, t\u00e9moigne un habitu\u00e9 de l\u2019automobile. Plusieurs sondages ont ainsi montr\u00e9 que les usagers de l\u2019automobile pensent que le train est trop cher.\n\nJean-Luc Gibelin, Vice-Pr\u00e9sident aux transports d\u2019Occitanie, a d\u00e9clar\u00e9 \u00ab nous voulons favoriser les usagers fid\u00e8les \u00bb : un nouveau tarif appel\u00e9 \u00ab +=Flex \u00bb permet dans la pratique d\u2019obtenir un prix inf\u00e9rieur au covoiturage \u00e0 condition de r\u00e9aliser au moins 5 voyages dans le mois. Il existe donc un grand \u00e9cart entre les prix bas pour les usagers \u00ab fid\u00e8les \u00bb et le plein tarif pour les voyageurs tr\u00e8s occasionnels. Cela g\u00e9n\u00e8re une in\u00e9galit\u00e9 d\u2019acc\u00e8s au service public du TER, qui d\u00e9favorise les habitants ruraux \u00e9loign\u00e9s des gares, qui ne peuvent pas utiliser le train au quotidien.\n\nAu moment o\u00f9 le carburant devient on\u00e9reux, le plein tarif dissuasif pour les voyageurs tr\u00e8s occasionnels augmente le sentiment de d\u00e9pendance \u00e0 la voiture. Il y a au contraire besoin de montrer que le service public est accessible \u00e0 tous, avec \u00ab\u00a0le TER au prix du covoiturage\u00a0\u00bb. 6000 personnes ont d\u00e9j\u00e0 sign\u00e9 la p\u00e9tition.\n\n <\/blockquote>\n\n<h2 class=\"wp-block-heading\">Documents joints<\/h2>\n\n\n\n<div class=\"wp-block-file\"><a href=\"http:\/\/5.45.101.177\/haut-allier\/usagers-transportse\/wp-content\/uploads\/2024\/03\/totem-15042024-06h00.mp3\">L&rsquo;info du Cantal 15\/04\/24 ? 06h00<\/a><\/div>\n\n\n\n<div class=\"wp-block-file\"><a href=\"http:\/\/5.45.101.177\/haut-allier\/usagers-transportse\/wp-content\/uploads\/2024\/03\/totem-15042024-06h30.mp3\">L&rsquo;info du Cantal 15\/04\/24 ? 06h29<\/a><\/div>\n\n\n\n<div class=\"wp-block-file\"><a href=\"http:\/\/5.45.101.177\/haut-allier\/usagers-transportse\/wp-content\/uploads\/2024\/03\/totem-15042024-07h30.mp3\">L&rsquo;info du Cantal 15\/04\/24 ? 07h30<\/a><\/div>\n\n\n\n<div class=\"wp-block-file\"><a href=\"http:\/\/5.45.101.177\/haut-allier\/usagers-transportse\/wp-content\/uploads\/2024\/03\/totem-15042024-08h30.mp3\">L&rsquo;info du Cantal 15\/04\/24 ? 08h29<\/a><\/div>\n\n\n\n<div class=\"wp-block-file\"><a href=\"http:\/\/5.45.101.177\/haut-allier\/usagers-transportse\/wp-content\/uploads\/2024\/03\/totem-15042024-12h00.mp3\">L&rsquo;info du Cantal 15\/04\/24 ? 12h00<\/a><\/div>\n\n\n","protected":false},"excerpt":{"rendered":"<p>Hier 3 avril fut le th\u00e9\u00e2tre d&rsquo;un imbroglio \u00e9pique : dans la matin\u00e9e le ministre des transports communiquait<\/p>\n","protected":false},"author":1,"featured_media":4997,"comment_status":"open","ping_status":"open","sticky":false,"template":"","format":"standard","meta":{"footnotes":""},"categories":[8],"tags":[],"class_list":["post-1089","post","type-post","status-publish","format-standard","has-post-thumbnail","hentry","category-communiques"],"_links":{"self":[{"href":"https:\/\/usagers-transports.haut-allier.eu\/index.php\/wp-json\/wp\/v2\/posts\/1089","targetHints":{"allow":["GET"]}}],"collection":[{"href":"https:\/\/usagers-transports.haut-allier.eu\/index.php\/wp-json\/wp\/v2\/posts"}],"about":[{"href":"https:\/\/usagers-transports.haut-allier.eu\/index.php\/wp-json\/wp\/v2\/types\/post"}],"author":[{"embeddable":true,"href":"https:\/\/usagers-transports.haut-allier.eu\/index.php\/wp-json\/wp\/v2\/users\/1"}],"replies":[{"embeddable":true,"href":"https:\/\/usagers-transports.haut-allier.eu\/index.php\/wp-json\/wp\/v2\/comments?post=1089"}],"version-history":[{"count":1,"href":"https:\/\/usagers-transports.haut-allier.eu\/index.php\/wp-json\/wp\/v2\/posts\/1089\/revisions"}],"predecessor-version":[{"id":5004,"href":"https:\/\/usagers-transports.haut-allier.eu\/index.php\/wp-json\/wp\/v2\/posts\/1089\/revisions\/5004"}],"wp:featuredmedia":[{"embeddable":true,"href":"https:\/\/usagers-transports.haut-allier.eu\/index.php\/wp-json\/wp\/v2\/media\/4997"}],"wp:attachment":[{"href":"https:\/\/usagers-transports.haut-allier.eu\/index.php\/wp-json\/wp\/v2\/media?parent=1089"}],"wp:term":[{"taxonomy":"category","embeddable":true,"href":"https:\/\/usagers-transports.haut-allier.eu\/index.php\/wp-json\/wp\/v2\/categories?post=1089"},{"taxonomy":"post_tag","embeddable":true,"href":"https:\/\/usagers-transports.haut-allier.eu\/index.php\/wp-json\/wp\/v2\/tags?post=1089"}],"curies":[{"name":"wp","href":"https:\/\/api.w.org\/{rel}","templated":true}]}}