{"id":109,"date":"2014-01-26T10:54:30","date_gmt":"2014-01-26T09:54:30","guid":{"rendered":"http:\/\/5.45.101.177\/haut-allier\/usagers-transportse\/index.php\/2014\/01\/26\/defaillante-sncf-des-qr-codes-qui109\/"},"modified":"2014-01-26T10:54:30","modified_gmt":"2014-01-26T09:54:30","slug":"defaillante-sncf-des-qr-codes-qui109","status":"publish","type":"post","link":"https:\/\/usagers-transports.haut-allier.eu\/index.php\/2014\/01\/26\/defaillante-sncf-des-qr-codes-qui109\/","title":{"rendered":"D\u00e9faillante SNCF : des QR Codes qui ne fonctionnent pas dans toutes les gares"},"content":{"rendered":"<p>Les mauvaises langues en lisant nos demandes r\u00e9p\u00e9t\u00e9es d&rsquo;affichage d&rsquo;infos en temps r\u00e9el dans les gares pourraient r\u00e9torquer : il y a bien des QR Codes sur les papiers A4 qui servent de panneaux horaires ! Les QR Codes sont ces carr\u00e9s noirs imprim\u00e9s souvent dans un coin du document avec plein d&rsquo;autres minuscules carr\u00e9s dedans. Oui, bonne chose, la SNCF utilise les QR Codes, mais, mauvaise chose&#8230;<\/p>\n<p>&nbsp;<br \/>\n<img loading=\"lazy\" decoding=\"async\" class=\" aligncenter size-full wp-image-1573\" src=\"http:\/\/5.45.101.177\/haut-allier\/usagers-transportse\/wp-content\/uploads\/2014\/01\/Affiche_travaux_Clermont-Fd_-_Nimes_du_2402_au_1403_du_2201_tcm-13-84253.jpg\" alt=\"Affiche_travaux_Clermont-Fd_-_Nimes_du_2402_au_1403_du_2201_tcm-13-84253.jpg\" align=\"center\" width=\"573\" height=\"549\" srcset=\"https:\/\/usagers-transports.haut-allier.eu\/wp-content\/uploads\/2014\/01\/Affiche_travaux_Clermont-Fd_-_Nimes_du_2402_au_1403_du_2201_tcm-13-84253.jpg 573w, https:\/\/usagers-transports.haut-allier.eu\/wp-content\/uploads\/2014\/01\/Affiche_travaux_Clermont-Fd_-_Nimes_du_2402_au_1403_du_2201_tcm-13-84253-300x287.jpg 300w\" sizes=\"auto, (max-width: 573px) 100vw, 573px\" \/><br \/>\n&nbsp;<\/p>\n<p><strong>&#8230;Ca ne marche pas tout le temps.<\/strong> <\/p>\n<p>On en trouve effectivement, qui normalement renvoient, pour les possesseurs de smartphones bien entendu, \u00e0 un site Internet SNCF d&rsquo;infos \u00e0 jour, le probl\u00e8me \u00e9tant que certaines gares du massif central ne sont pas du tout couvertes par les op\u00e9rateurs de t\u00e9l\u00e9phonie ! L&rsquo;exemple : Alleyras, qui revient encore sur le tapis. Mais pas que.<br \/>\n&nbsp;<br \/>\n<img loading=\"lazy\" decoding=\"async\" class=\" aligncenter size-full wp-image-1574\" src=\"http:\/\/5.45.101.177\/haut-allier\/usagers-transportse\/wp-content\/uploads\/2014\/01\/garealleyrascouverture2G3G.png\" alt=\"garealleyrascouverture2G3G.png\" align=\"center\" width=\"636\" height=\"281\" srcset=\"https:\/\/usagers-transports.haut-allier.eu\/wp-content\/uploads\/2014\/01\/garealleyrascouverture2G3G.png 636w, https:\/\/usagers-transports.haut-allier.eu\/wp-content\/uploads\/2014\/01\/garealleyrascouverture2G3G-300x133.png 300w\" sizes=\"auto, (max-width: 636px) 100vw, 636px\" \/><br \/>\n<em>En vert la zone de r\u00e9ception 2G. Elle n&rsquo;atteint pas la gare d&rsquo;Alleyras<\/em><br \/>\n&nbsp;<\/p>\n<p><strong>Il est donc n\u00e9cessaire que les voyageurs <\/strong><br \/>\n&nbsp;<\/p>\n<p>&#8211; poss\u00e8dent un smartphone disposant d&rsquo;un navigateur Internet<\/p>\n<p>&#8211; poss\u00e8dent un abonnement t\u00e9l\u00e9phonique incluant la data<\/p>\n<p>&#8211; sachent se servir de leur portable pour scanner le QR Code : donc avoir fait la manip de t\u00e9l\u00e9charger le programme ad\u00e9quat qui va analyser et transformer les petits carr\u00e9s en texte, ici un lien vers un site Internet. <\/p>\n<p>&#8211; aient la pr\u00e9sence d&rsquo;esprit et l&rsquo;habitude d&rsquo;utiliser ce programme. Dont certaines d\u00e9clinaisons peuvent \u00eatre&#8230; rebutantes ou peu pratiques<\/p>\n<p>&#8211; et&#8230; se trouvent dans un lieu couvert par le r\u00e9seau mobile t\u00e9l\u00e9phonique <\/p>\n<p>&nbsp;<br \/>\n<strong>C&rsquo;est tout. Un nouveau constat de l&rsquo;inadaptation des moyens d&rsquo;information chez Gares et Connexions de la SNCF.<\/strong><br \/>\n&nbsp;<\/p>\n","protected":false},"excerpt":{"rendered":"<p>Les mauvaises langues en lisant nos demandes r\u00e9p\u00e9t\u00e9es d&rsquo;affichage d&rsquo;infos en temps r\u00e9el dans les gares pourraient r\u00e9torquer<\/p>\n","protected":false},"author":1,"featured_media":1572,"comment_status":"closed","ping_status":"open","sticky":false,"template":"","format":"standard","meta":{"footnotes":""},"categories":[2],"tags":[],"class_list":["post-109","post","type-post","status-publish","format-standard","has-post-thumbnail","hentry","category-infos"],"_links":{"self":[{"href":"https:\/\/usagers-transports.haut-allier.eu\/index.php\/wp-json\/wp\/v2\/posts\/109","targetHints":{"allow":["GET"]}}],"collection":[{"href":"https:\/\/usagers-transports.haut-allier.eu\/index.php\/wp-json\/wp\/v2\/posts"}],"about":[{"href":"https:\/\/usagers-transports.haut-allier.eu\/index.php\/wp-json\/wp\/v2\/types\/post"}],"author":[{"embeddable":true,"href":"https:\/\/usagers-transports.haut-allier.eu\/index.php\/wp-json\/wp\/v2\/users\/1"}],"replies":[{"embeddable":true,"href":"https:\/\/usagers-transports.haut-allier.eu\/index.php\/wp-json\/wp\/v2\/comments?post=109"}],"version-history":[{"count":0,"href":"https:\/\/usagers-transports.haut-allier.eu\/index.php\/wp-json\/wp\/v2\/posts\/109\/revisions"}],"wp:featuredmedia":[{"embeddable":true,"href":"https:\/\/usagers-transports.haut-allier.eu\/index.php\/wp-json\/wp\/v2\/media\/1572"}],"wp:attachment":[{"href":"https:\/\/usagers-transports.haut-allier.eu\/index.php\/wp-json\/wp\/v2\/media?parent=109"}],"wp:term":[{"taxonomy":"category","embeddable":true,"href":"https:\/\/usagers-transports.haut-allier.eu\/index.php\/wp-json\/wp\/v2\/categories?post=109"},{"taxonomy":"post_tag","embeddable":true,"href":"https:\/\/usagers-transports.haut-allier.eu\/index.php\/wp-json\/wp\/v2\/tags?post=109"}],"curies":[{"name":"wp","href":"https:\/\/api.w.org\/{rel}","templated":true}]}}