{"id":1091,"date":"2024-04-12T21:40:22","date_gmt":"2024-04-12T19:40:22","guid":{"rendered":"http:\/\/5.45.101.177\/haut-allier\/usagers-transportse\/index.php\/2024\/04\/12\/ligne-du-livradois-forez-les1091\/"},"modified":"2026-09-01T16:07:07","modified_gmt":"2026-09-01T14:07:07","slug":"ligne-du-livradois-forez-les1091","status":"publish","type":"post","link":"https:\/\/usagers-transports.haut-allier.eu\/index.php\/2024\/04\/12\/ligne-du-livradois-forez-les1091\/","title":{"rendered":"Ligne du Livradois &#8211; Forez : bonnes nouvelles et \u00e9tat des lieux (vid\u00e9os)"},"content":{"rendered":"Martial Portail le cr\u00e9ateur et dirigeant de T\u00e9l\u00e9 Livradois Forez Reportages, une webtv ax\u00e9e comme son nom l&rsquo;indique sur les activit\u00e9s du Livradois Forez, entre la Chaise-Dieu (Haute-Loire) et Noir\u00e9table (Loire) dirons nous, nous a communiqu\u00e9 des nouvelles du syndicat ferroviaire du Livradois Forez qui s&rsquo;occupe de la ligne ferroviaire Pont de Dore &#8211; Ambert &#8211; Darsac. Rapide \u00e9tat des lieux en photos.\n\n<em>Gare SNCF de Darsac (Haute-Loire)\n<\/em>\n<img loading=\"lazy\" decoding=\"async\" class=\" aligncenter size-full wp-image-5007\" src=\"http:\/\/5.45.101.177\/haut-allier\/usagers-transportse\/wp-content\/uploads\/2024\/04\/img_20240412_111123-scaled.jpg\" alt=\"img_20240412_111123.jpg\" align=\"center\" width=\"2560\" height=\"1920\" srcset=\"https:\/\/usagers-transports.haut-allier.eu\/wp-content\/uploads\/2024\/04\/img_20240412_111123-scaled.jpg 2560w, https:\/\/usagers-transports.haut-allier.eu\/wp-content\/uploads\/2024\/04\/img_20240412_111123-300x225.jpg 300w, https:\/\/usagers-transports.haut-allier.eu\/wp-content\/uploads\/2024\/04\/img_20240412_111123-1024x768.jpg 1024w, https:\/\/usagers-transports.haut-allier.eu\/wp-content\/uploads\/2024\/04\/img_20240412_111123-768x576.jpg 768w, https:\/\/usagers-transports.haut-allier.eu\/wp-content\/uploads\/2024\/04\/img_20240412_111123-1536x1152.jpg 1536w, https:\/\/usagers-transports.haut-allier.eu\/wp-content\/uploads\/2024\/04\/img_20240412_111123-2048x1536.jpg 2048w\" sizes=\"auto, (max-width: 2560px) 100vw, 2560px\" \/>\n<img loading=\"lazy\" decoding=\"async\" class=\" aligncenter size-full wp-image-5008\" src=\"http:\/\/5.45.101.177\/haut-allier\/usagers-transportse\/wp-content\/uploads\/2024\/04\/img_20240412_110231-scaled.jpg\" alt=\"img_20240412_110231.jpg\" align=\"center\" width=\"2560\" height=\"1920\" srcset=\"https:\/\/usagers-transports.haut-allier.eu\/wp-content\/uploads\/2024\/04\/img_20240412_110231-scaled.jpg 2560w, https:\/\/usagers-transports.haut-allier.eu\/wp-content\/uploads\/2024\/04\/img_20240412_110231-300x225.jpg 300w, https:\/\/usagers-transports.haut-allier.eu\/wp-content\/uploads\/2024\/04\/img_20240412_110231-1024x768.jpg 1024w, https:\/\/usagers-transports.haut-allier.eu\/wp-content\/uploads\/2024\/04\/img_20240412_110231-768x576.jpg 768w, https:\/\/usagers-transports.haut-allier.eu\/wp-content\/uploads\/2024\/04\/img_20240412_110231-1536x1152.jpg 1536w, https:\/\/usagers-transports.haut-allier.eu\/wp-content\/uploads\/2024\/04\/img_20240412_110231-2048x1536.jpg 2048w\" sizes=\"auto, (max-width: 2560px) 100vw, 2560px\" \/>\n<a href=\"http:\/\/5.45.101.177\/haut-allier\/usagers-transportse\/wp-content\/uploads\/2024\/04\/vid_20240412_113852-720p-44100.mp4\">vid_20240412_113852-720p-44100.mp4<\/a>\n\n<em>Gare d&rsquo;All\u00e8gre (Haute-Loire)\n<\/em>\n<img loading=\"lazy\" decoding=\"async\" class=\" aligncenter size-full wp-image-5010\" src=\"http:\/\/5.45.101.177\/haut-allier\/usagers-transportse\/wp-content\/uploads\/2024\/04\/img_20240412_121235-scaled.jpg\" alt=\"img_20240412_121235.jpg\" align=\"center\" width=\"2560\" height=\"1920\" srcset=\"https:\/\/usagers-transports.haut-allier.eu\/wp-content\/uploads\/2024\/04\/img_20240412_121235-scaled.jpg 2560w, https:\/\/usagers-transports.haut-allier.eu\/wp-content\/uploads\/2024\/04\/img_20240412_121235-300x225.jpg 300w, https:\/\/usagers-transports.haut-allier.eu\/wp-content\/uploads\/2024\/04\/img_20240412_121235-1024x768.jpg 1024w, https:\/\/usagers-transports.haut-allier.eu\/wp-content\/uploads\/2024\/04\/img_20240412_121235-768x576.jpg 768w, https:\/\/usagers-transports.haut-allier.eu\/wp-content\/uploads\/2024\/04\/img_20240412_121235-1536x1152.jpg 1536w, https:\/\/usagers-transports.haut-allier.eu\/wp-content\/uploads\/2024\/04\/img_20240412_121235-2048x1536.jpg 2048w\" sizes=\"auto, (max-width: 2560px) 100vw, 2560px\" \/>\n\n<em>La voie descendant des for\u00eats de Sembadel\n<\/em>\n<img loading=\"lazy\" decoding=\"async\" class=\" aligncenter size-full wp-image-5011\" src=\"http:\/\/5.45.101.177\/haut-allier\/usagers-transportse\/wp-content\/uploads\/2024\/04\/img_20240412_120422-scaled.jpg\" alt=\"img_20240412_120422.jpg\" align=\"center\" width=\"2560\" height=\"1920\" srcset=\"https:\/\/usagers-transports.haut-allier.eu\/wp-content\/uploads\/2024\/04\/img_20240412_120422-scaled.jpg 2560w, https:\/\/usagers-transports.haut-allier.eu\/wp-content\/uploads\/2024\/04\/img_20240412_120422-300x225.jpg 300w, https:\/\/usagers-transports.haut-allier.eu\/wp-content\/uploads\/2024\/04\/img_20240412_120422-1024x768.jpg 1024w, https:\/\/usagers-transports.haut-allier.eu\/wp-content\/uploads\/2024\/04\/img_20240412_120422-768x576.jpg 768w, https:\/\/usagers-transports.haut-allier.eu\/wp-content\/uploads\/2024\/04\/img_20240412_120422-1536x1152.jpg 1536w, https:\/\/usagers-transports.haut-allier.eu\/wp-content\/uploads\/2024\/04\/img_20240412_120422-2048x1536.jpg 2048w\" sizes=\"auto, (max-width: 2560px) 100vw, 2560px\" \/>\n\n<em>Gare de Sembadel (Haute-Loire)\n<\/em>\n<img loading=\"lazy\" decoding=\"async\" class=\" aligncenter size-full wp-image-5012\" src=\"http:\/\/5.45.101.177\/haut-allier\/usagers-transportse\/wp-content\/uploads\/2024\/04\/img_20240412_122302r-scaled.jpg\" alt=\"img_20240412_122302r.jpg\" align=\"center\" width=\"2560\" height=\"1421\" srcset=\"https:\/\/usagers-transports.haut-allier.eu\/wp-content\/uploads\/2024\/04\/img_20240412_122302r-scaled.jpg 2560w, https:\/\/usagers-transports.haut-allier.eu\/wp-content\/uploads\/2024\/04\/img_20240412_122302r-300x166.jpg 300w, https:\/\/usagers-transports.haut-allier.eu\/wp-content\/uploads\/2024\/04\/img_20240412_122302r-1024x568.jpg 1024w, https:\/\/usagers-transports.haut-allier.eu\/wp-content\/uploads\/2024\/04\/img_20240412_122302r-768x426.jpg 768w, https:\/\/usagers-transports.haut-allier.eu\/wp-content\/uploads\/2024\/04\/img_20240412_122302r-1536x852.jpg 1536w, https:\/\/usagers-transports.haut-allier.eu\/wp-content\/uploads\/2024\/04\/img_20240412_122302r-2048x1137.jpg 2048w\" sizes=\"auto, (max-width: 2560px) 100vw, 2560px\" \/>\n<img loading=\"lazy\" decoding=\"async\" class=\" aligncenter size-full wp-image-5013\" src=\"http:\/\/5.45.101.177\/haut-allier\/usagers-transportse\/wp-content\/uploads\/2024\/04\/img_20240412_122427-scaled.jpg\" alt=\"img_20240412_122427.jpg\" align=\"center\" width=\"2560\" height=\"1920\" srcset=\"https:\/\/usagers-transports.haut-allier.eu\/wp-content\/uploads\/2024\/04\/img_20240412_122427-scaled.jpg 2560w, https:\/\/usagers-transports.haut-allier.eu\/wp-content\/uploads\/2024\/04\/img_20240412_122427-300x225.jpg 300w, https:\/\/usagers-transports.haut-allier.eu\/wp-content\/uploads\/2024\/04\/img_20240412_122427-1024x768.jpg 1024w, https:\/\/usagers-transports.haut-allier.eu\/wp-content\/uploads\/2024\/04\/img_20240412_122427-768x576.jpg 768w, https:\/\/usagers-transports.haut-allier.eu\/wp-content\/uploads\/2024\/04\/img_20240412_122427-1536x1152.jpg 1536w, https:\/\/usagers-transports.haut-allier.eu\/wp-content\/uploads\/2024\/04\/img_20240412_122427-2048x1536.jpg 2048w\" sizes=\"auto, (max-width: 2560px) 100vw, 2560px\" \/>\n\n<em>Gare de la Chaise Dieu (Haute-Loire)\n<\/em>\n<img loading=\"lazy\" decoding=\"async\" class=\" aligncenter size-full wp-image-5014\" src=\"http:\/\/5.45.101.177\/haut-allier\/usagers-transportse\/wp-content\/uploads\/2024\/04\/img_20240412_123342-scaled.jpg\" alt=\"img_20240412_123342.jpg\" align=\"center\" width=\"2560\" height=\"1920\" srcset=\"https:\/\/usagers-transports.haut-allier.eu\/wp-content\/uploads\/2024\/04\/img_20240412_123342-scaled.jpg 2560w, https:\/\/usagers-transports.haut-allier.eu\/wp-content\/uploads\/2024\/04\/img_20240412_123342-300x225.jpg 300w, https:\/\/usagers-transports.haut-allier.eu\/wp-content\/uploads\/2024\/04\/img_20240412_123342-1024x768.jpg 1024w, https:\/\/usagers-transports.haut-allier.eu\/wp-content\/uploads\/2024\/04\/img_20240412_123342-768x576.jpg 768w, https:\/\/usagers-transports.haut-allier.eu\/wp-content\/uploads\/2024\/04\/img_20240412_123342-1536x1152.jpg 1536w, https:\/\/usagers-transports.haut-allier.eu\/wp-content\/uploads\/2024\/04\/img_20240412_123342-2048x1536.jpg 2048w\" sizes=\"auto, (max-width: 2560px) 100vw, 2560px\" \/>\n\n<em>Gare d&rsquo;Alyre pr\u00e8s Arlanc et viaduc de Germalanges (Puy de D\u00f4me)\n<\/em>\n<img loading=\"lazy\" decoding=\"async\" class=\" aligncenter size-full wp-image-5015\" src=\"http:\/\/5.45.101.177\/haut-allier\/usagers-transportse\/wp-content\/uploads\/2024\/04\/img_20240412_130722-scaled.jpg\" alt=\"img_20240412_130722.jpg\" align=\"center\" width=\"2560\" height=\"1920\" srcset=\"https:\/\/usagers-transports.haut-allier.eu\/wp-content\/uploads\/2024\/04\/img_20240412_130722-scaled.jpg 2560w, https:\/\/usagers-transports.haut-allier.eu\/wp-content\/uploads\/2024\/04\/img_20240412_130722-300x225.jpg 300w, https:\/\/usagers-transports.haut-allier.eu\/wp-content\/uploads\/2024\/04\/img_20240412_130722-1024x768.jpg 1024w, https:\/\/usagers-transports.haut-allier.eu\/wp-content\/uploads\/2024\/04\/img_20240412_130722-768x576.jpg 768w, https:\/\/usagers-transports.haut-allier.eu\/wp-content\/uploads\/2024\/04\/img_20240412_130722-1536x1152.jpg 1536w, https:\/\/usagers-transports.haut-allier.eu\/wp-content\/uploads\/2024\/04\/img_20240412_130722-2048x1536.jpg 2048w\" sizes=\"auto, (max-width: 2560px) 100vw, 2560px\" \/>\n<img loading=\"lazy\" decoding=\"async\" class=\" aligncenter size-full wp-image-5016\" src=\"http:\/\/5.45.101.177\/haut-allier\/usagers-transportse\/wp-content\/uploads\/2024\/04\/img_20240412_130029-scaled.jpg\" alt=\"img_20240412_130029.jpg\" align=\"center\" width=\"2560\" height=\"1920\" srcset=\"https:\/\/usagers-transports.haut-allier.eu\/wp-content\/uploads\/2024\/04\/img_20240412_130029-scaled.jpg 2560w, https:\/\/usagers-transports.haut-allier.eu\/wp-content\/uploads\/2024\/04\/img_20240412_130029-300x225.jpg 300w, https:\/\/usagers-transports.haut-allier.eu\/wp-content\/uploads\/2024\/04\/img_20240412_130029-1024x768.jpg 1024w, https:\/\/usagers-transports.haut-allier.eu\/wp-content\/uploads\/2024\/04\/img_20240412_130029-768x576.jpg 768w, https:\/\/usagers-transports.haut-allier.eu\/wp-content\/uploads\/2024\/04\/img_20240412_130029-1536x1152.jpg 1536w, https:\/\/usagers-transports.haut-allier.eu\/wp-content\/uploads\/2024\/04\/img_20240412_130029-2048x1536.jpg 2048w\" sizes=\"auto, (max-width: 2560px) 100vw, 2560px\" \/>\n\n<em>Gare de Saint Sauveur la Sagne et tunnel de Besse (Puy de D\u00f4me)\n<\/em>\n<img loading=\"lazy\" decoding=\"async\" class=\" aligncenter size-full wp-image-5017\" src=\"http:\/\/5.45.101.177\/haut-allier\/usagers-transportse\/wp-content\/uploads\/2024\/04\/img_20240412_125521r.jpg\" alt=\"img_20240412_125521r.jpg\" align=\"center\" width=\"2108\" height=\"1208\" srcset=\"https:\/\/usagers-transports.haut-allier.eu\/wp-content\/uploads\/2024\/04\/img_20240412_125521r.jpg 2108w, https:\/\/usagers-transports.haut-allier.eu\/wp-content\/uploads\/2024\/04\/img_20240412_125521r-300x172.jpg 300w, https:\/\/usagers-transports.haut-allier.eu\/wp-content\/uploads\/2024\/04\/img_20240412_125521r-1024x587.jpg 1024w, https:\/\/usagers-transports.haut-allier.eu\/wp-content\/uploads\/2024\/04\/img_20240412_125521r-768x440.jpg 768w, https:\/\/usagers-transports.haut-allier.eu\/wp-content\/uploads\/2024\/04\/img_20240412_125521r-1536x880.jpg 1536w, https:\/\/usagers-transports.haut-allier.eu\/wp-content\/uploads\/2024\/04\/img_20240412_125521r-2048x1174.jpg 2048w\" sizes=\"auto, (max-width: 2108px) 100vw, 2108px\" \/>\n<img loading=\"lazy\" decoding=\"async\" class=\" aligncenter size-full wp-image-5018\" src=\"http:\/\/5.45.101.177\/haut-allier\/usagers-transportse\/wp-content\/uploads\/2024\/04\/img_20240412_125756-scaled.jpg\" alt=\"img_20240412_125756.jpg\" align=\"center\" width=\"2560\" height=\"1920\" srcset=\"https:\/\/usagers-transports.haut-allier.eu\/wp-content\/uploads\/2024\/04\/img_20240412_125756-scaled.jpg 2560w, https:\/\/usagers-transports.haut-allier.eu\/wp-content\/uploads\/2024\/04\/img_20240412_125756-300x225.jpg 300w, https:\/\/usagers-transports.haut-allier.eu\/wp-content\/uploads\/2024\/04\/img_20240412_125756-1024x768.jpg 1024w, https:\/\/usagers-transports.haut-allier.eu\/wp-content\/uploads\/2024\/04\/img_20240412_125756-768x576.jpg 768w, https:\/\/usagers-transports.haut-allier.eu\/wp-content\/uploads\/2024\/04\/img_20240412_125756-1536x1152.jpg 1536w, https:\/\/usagers-transports.haut-allier.eu\/wp-content\/uploads\/2024\/04\/img_20240412_125756-2048x1536.jpg 2048w\" sizes=\"auto, (max-width: 2560px) 100vw, 2560px\" \/>\n\n<em>Gare d&rsquo;Arlanc (Puy de D\u00f4me)\n<\/em>\n<img loading=\"lazy\" decoding=\"async\" class=\" aligncenter size-full wp-image-5019\" src=\"http:\/\/5.45.101.177\/haut-allier\/usagers-transportse\/wp-content\/uploads\/2024\/04\/img_20240412_132341-scaled.jpg\" alt=\"img_20240412_132341.jpg\" align=\"center\" width=\"2560\" height=\"1920\" srcset=\"https:\/\/usagers-transports.haut-allier.eu\/wp-content\/uploads\/2024\/04\/img_20240412_132341-scaled.jpg 2560w, https:\/\/usagers-transports.haut-allier.eu\/wp-content\/uploads\/2024\/04\/img_20240412_132341-300x225.jpg 300w, https:\/\/usagers-transports.haut-allier.eu\/wp-content\/uploads\/2024\/04\/img_20240412_132341-1024x768.jpg 1024w, https:\/\/usagers-transports.haut-allier.eu\/wp-content\/uploads\/2024\/04\/img_20240412_132341-768x576.jpg 768w, https:\/\/usagers-transports.haut-allier.eu\/wp-content\/uploads\/2024\/04\/img_20240412_132341-1536x1152.jpg 1536w, https:\/\/usagers-transports.haut-allier.eu\/wp-content\/uploads\/2024\/04\/img_20240412_132341-2048x1536.jpg 2048w\" sizes=\"auto, (max-width: 2560px) 100vw, 2560px\" \/>\n<img loading=\"lazy\" decoding=\"async\" class=\" aligncenter size-full wp-image-5020\" src=\"http:\/\/5.45.101.177\/haut-allier\/usagers-transportse\/wp-content\/uploads\/2024\/04\/img_20240412_132532-scaled.jpg\" alt=\"img_20240412_132532.jpg\" align=\"center\" width=\"2560\" height=\"1920\" srcset=\"https:\/\/usagers-transports.haut-allier.eu\/wp-content\/uploads\/2024\/04\/img_20240412_132532-scaled.jpg 2560w, https:\/\/usagers-transports.haut-allier.eu\/wp-content\/uploads\/2024\/04\/img_20240412_132532-300x225.jpg 300w, https:\/\/usagers-transports.haut-allier.eu\/wp-content\/uploads\/2024\/04\/img_20240412_132532-1024x768.jpg 1024w, https:\/\/usagers-transports.haut-allier.eu\/wp-content\/uploads\/2024\/04\/img_20240412_132532-768x576.jpg 768w, https:\/\/usagers-transports.haut-allier.eu\/wp-content\/uploads\/2024\/04\/img_20240412_132532-1536x1152.jpg 1536w, https:\/\/usagers-transports.haut-allier.eu\/wp-content\/uploads\/2024\/04\/img_20240412_132532-2048x1536.jpg 2048w\" sizes=\"auto, (max-width: 2560px) 100vw, 2560px\" \/>\n<img loading=\"lazy\" decoding=\"async\" class=\" aligncenter size-full wp-image-5021\" src=\"http:\/\/5.45.101.177\/haut-allier\/usagers-transportse\/wp-content\/uploads\/2024\/04\/img_20240412_132501-scaled.jpg\" alt=\"img_20240412_132501.jpg\" align=\"center\" width=\"2560\" height=\"1920\" srcset=\"https:\/\/usagers-transports.haut-allier.eu\/wp-content\/uploads\/2024\/04\/img_20240412_132501-scaled.jpg 2560w, https:\/\/usagers-transports.haut-allier.eu\/wp-content\/uploads\/2024\/04\/img_20240412_132501-300x225.jpg 300w, https:\/\/usagers-transports.haut-allier.eu\/wp-content\/uploads\/2024\/04\/img_20240412_132501-1024x768.jpg 1024w, https:\/\/usagers-transports.haut-allier.eu\/wp-content\/uploads\/2024\/04\/img_20240412_132501-768x576.jpg 768w, https:\/\/usagers-transports.haut-allier.eu\/wp-content\/uploads\/2024\/04\/img_20240412_132501-1536x1152.jpg 1536w, https:\/\/usagers-transports.haut-allier.eu\/wp-content\/uploads\/2024\/04\/img_20240412_132501-2048x1536.jpg 2048w\" sizes=\"auto, (max-width: 2560px) 100vw, 2560px\" \/>\n\n<em>Gare de Marsac en Livradois (Puy de D\u00f4me)\n<\/em>\n<img loading=\"lazy\" decoding=\"async\" class=\" aligncenter size-full wp-image-5022\" src=\"http:\/\/5.45.101.177\/haut-allier\/usagers-transportse\/wp-content\/uploads\/2024\/04\/img_20240412_134038-scaled.jpg\" alt=\"img_20240412_134038.jpg\" align=\"center\" width=\"2560\" height=\"1920\" srcset=\"https:\/\/usagers-transports.haut-allier.eu\/wp-content\/uploads\/2024\/04\/img_20240412_134038-scaled.jpg 2560w, https:\/\/usagers-transports.haut-allier.eu\/wp-content\/uploads\/2024\/04\/img_20240412_134038-300x225.jpg 300w, https:\/\/usagers-transports.haut-allier.eu\/wp-content\/uploads\/2024\/04\/img_20240412_134038-1024x768.jpg 1024w, https:\/\/usagers-transports.haut-allier.eu\/wp-content\/uploads\/2024\/04\/img_20240412_134038-768x576.jpg 768w, https:\/\/usagers-transports.haut-allier.eu\/wp-content\/uploads\/2024\/04\/img_20240412_134038-1536x1152.jpg 1536w, https:\/\/usagers-transports.haut-allier.eu\/wp-content\/uploads\/2024\/04\/img_20240412_134038-2048x1536.jpg 2048w\" sizes=\"auto, (max-width: 2560px) 100vw, 2560px\" \/>\n<img loading=\"lazy\" decoding=\"async\" class=\" aligncenter size-full wp-image-5023\" src=\"http:\/\/5.45.101.177\/haut-allier\/usagers-transportse\/wp-content\/uploads\/2024\/04\/img_20240412_133607-scaled.jpg\" alt=\"img_20240412_133607.jpg\" align=\"center\" width=\"2560\" height=\"1920\" srcset=\"https:\/\/usagers-transports.haut-allier.eu\/wp-content\/uploads\/2024\/04\/img_20240412_133607-scaled.jpg 2560w, https:\/\/usagers-transports.haut-allier.eu\/wp-content\/uploads\/2024\/04\/img_20240412_133607-300x225.jpg 300w, https:\/\/usagers-transports.haut-allier.eu\/wp-content\/uploads\/2024\/04\/img_20240412_133607-1024x768.jpg 1024w, https:\/\/usagers-transports.haut-allier.eu\/wp-content\/uploads\/2024\/04\/img_20240412_133607-768x576.jpg 768w, https:\/\/usagers-transports.haut-allier.eu\/wp-content\/uploads\/2024\/04\/img_20240412_133607-1536x1152.jpg 1536w, https:\/\/usagers-transports.haut-allier.eu\/wp-content\/uploads\/2024\/04\/img_20240412_133607-2048x1536.jpg 2048w\" sizes=\"auto, (max-width: 2560px) 100vw, 2560px\" \/>\n\n<em>Gare d&rsquo;Ambert (Puy de D\u00f4me)\n<\/em>\n<img loading=\"lazy\" decoding=\"async\" class=\" aligncenter size-full wp-image-5024\" src=\"http:\/\/5.45.101.177\/haut-allier\/usagers-transportse\/wp-content\/uploads\/2024\/04\/img_20240412_135916-scaled.jpg\" alt=\"img_20240412_135916.jpg\" align=\"center\" width=\"2560\" height=\"1920\" srcset=\"https:\/\/usagers-transports.haut-allier.eu\/wp-content\/uploads\/2024\/04\/img_20240412_135916-scaled.jpg 2560w, https:\/\/usagers-transports.haut-allier.eu\/wp-content\/uploads\/2024\/04\/img_20240412_135916-300x225.jpg 300w, https:\/\/usagers-transports.haut-allier.eu\/wp-content\/uploads\/2024\/04\/img_20240412_135916-1024x768.jpg 1024w, https:\/\/usagers-transports.haut-allier.eu\/wp-content\/uploads\/2024\/04\/img_20240412_135916-768x576.jpg 768w, https:\/\/usagers-transports.haut-allier.eu\/wp-content\/uploads\/2024\/04\/img_20240412_135916-1536x1152.jpg 1536w, https:\/\/usagers-transports.haut-allier.eu\/wp-content\/uploads\/2024\/04\/img_20240412_135916-2048x1536.jpg 2048w\" sizes=\"auto, (max-width: 2560px) 100vw, 2560px\" \/>\n<img loading=\"lazy\" decoding=\"async\" class=\" aligncenter size-full wp-image-5025\" src=\"http:\/\/5.45.101.177\/haut-allier\/usagers-transportse\/wp-content\/uploads\/2024\/04\/img_20240412_135829-scaled.jpg\" alt=\"img_20240412_135829.jpg\" align=\"center\" width=\"2560\" height=\"1920\" srcset=\"https:\/\/usagers-transports.haut-allier.eu\/wp-content\/uploads\/2024\/04\/img_20240412_135829-scaled.jpg 2560w, https:\/\/usagers-transports.haut-allier.eu\/wp-content\/uploads\/2024\/04\/img_20240412_135829-300x225.jpg 300w, https:\/\/usagers-transports.haut-allier.eu\/wp-content\/uploads\/2024\/04\/img_20240412_135829-1024x768.jpg 1024w, https:\/\/usagers-transports.haut-allier.eu\/wp-content\/uploads\/2024\/04\/img_20240412_135829-768x576.jpg 768w, https:\/\/usagers-transports.haut-allier.eu\/wp-content\/uploads\/2024\/04\/img_20240412_135829-1536x1152.jpg 1536w, https:\/\/usagers-transports.haut-allier.eu\/wp-content\/uploads\/2024\/04\/img_20240412_135829-2048x1536.jpg 2048w\" sizes=\"auto, (max-width: 2560px) 100vw, 2560px\" \/>\n<img loading=\"lazy\" decoding=\"async\" class=\" aligncenter size-full wp-image-5026\" src=\"http:\/\/5.45.101.177\/haut-allier\/usagers-transportse\/wp-content\/uploads\/2024\/04\/img_20240412_135736-scaled.jpg\" alt=\"img_20240412_135736.jpg\" align=\"center\" width=\"2560\" height=\"1920\" srcset=\"https:\/\/usagers-transports.haut-allier.eu\/wp-content\/uploads\/2024\/04\/img_20240412_135736-scaled.jpg 2560w, https:\/\/usagers-transports.haut-allier.eu\/wp-content\/uploads\/2024\/04\/img_20240412_135736-300x225.jpg 300w, https:\/\/usagers-transports.haut-allier.eu\/wp-content\/uploads\/2024\/04\/img_20240412_135736-1024x768.jpg 1024w, https:\/\/usagers-transports.haut-allier.eu\/wp-content\/uploads\/2024\/04\/img_20240412_135736-768x576.jpg 768w, https:\/\/usagers-transports.haut-allier.eu\/wp-content\/uploads\/2024\/04\/img_20240412_135736-1536x1152.jpg 1536w, https:\/\/usagers-transports.haut-allier.eu\/wp-content\/uploads\/2024\/04\/img_20240412_135736-2048x1536.jpg 2048w\" sizes=\"auto, (max-width: 2560px) 100vw, 2560px\" \/>\n\n<em>Gare de l&rsquo;Utopie Vertolaye (Puy de D\u00f4me)\n<\/em>\n<img loading=\"lazy\" decoding=\"async\" class=\" aligncenter size-full wp-image-5027\" src=\"http:\/\/5.45.101.177\/haut-allier\/usagers-transportse\/wp-content\/uploads\/2024\/04\/img_20240412_141414-scaled.jpg\" alt=\"img_20240412_141414.jpg\" align=\"center\" width=\"2560\" height=\"1920\" srcset=\"https:\/\/usagers-transports.haut-allier.eu\/wp-content\/uploads\/2024\/04\/img_20240412_141414-scaled.jpg 2560w, https:\/\/usagers-transports.haut-allier.eu\/wp-content\/uploads\/2024\/04\/img_20240412_141414-300x225.jpg 300w, https:\/\/usagers-transports.haut-allier.eu\/wp-content\/uploads\/2024\/04\/img_20240412_141414-1024x768.jpg 1024w, https:\/\/usagers-transports.haut-allier.eu\/wp-content\/uploads\/2024\/04\/img_20240412_141414-768x576.jpg 768w, https:\/\/usagers-transports.haut-allier.eu\/wp-content\/uploads\/2024\/04\/img_20240412_141414-1536x1152.jpg 1536w, https:\/\/usagers-transports.haut-allier.eu\/wp-content\/uploads\/2024\/04\/img_20240412_141414-2048x1536.jpg 2048w\" sizes=\"auto, (max-width: 2560px) 100vw, 2560px\" \/>\n<img loading=\"lazy\" decoding=\"async\" class=\" aligncenter size-full wp-image-5028\" src=\"http:\/\/5.45.101.177\/haut-allier\/usagers-transportse\/wp-content\/uploads\/2024\/04\/img_20240412_141327-scaled.jpg\" alt=\"img_20240412_141327.jpg\" align=\"center\" width=\"2560\" height=\"1920\" srcset=\"https:\/\/usagers-transports.haut-allier.eu\/wp-content\/uploads\/2024\/04\/img_20240412_141327-scaled.jpg 2560w, https:\/\/usagers-transports.haut-allier.eu\/wp-content\/uploads\/2024\/04\/img_20240412_141327-300x225.jpg 300w, https:\/\/usagers-transports.haut-allier.eu\/wp-content\/uploads\/2024\/04\/img_20240412_141327-1024x768.jpg 1024w, https:\/\/usagers-transports.haut-allier.eu\/wp-content\/uploads\/2024\/04\/img_20240412_141327-768x576.jpg 768w, https:\/\/usagers-transports.haut-allier.eu\/wp-content\/uploads\/2024\/04\/img_20240412_141327-1536x1152.jpg 1536w, https:\/\/usagers-transports.haut-allier.eu\/wp-content\/uploads\/2024\/04\/img_20240412_141327-2048x1536.jpg 2048w\" sizes=\"auto, (max-width: 2560px) 100vw, 2560px\" \/>\n\n<em>Gare d&rsquo;Olliergues (Puy de D\u00f4me)\n<\/em>\n<img loading=\"lazy\" decoding=\"async\" class=\" aligncenter size-full wp-image-5029\" src=\"http:\/\/5.45.101.177\/haut-allier\/usagers-transportse\/wp-content\/uploads\/2024\/04\/img_20240412_142530-scaled.jpg\" alt=\"img_20240412_142530.jpg\" align=\"center\" width=\"2560\" height=\"1920\" srcset=\"https:\/\/usagers-transports.haut-allier.eu\/wp-content\/uploads\/2024\/04\/img_20240412_142530-scaled.jpg 2560w, https:\/\/usagers-transports.haut-allier.eu\/wp-content\/uploads\/2024\/04\/img_20240412_142530-300x225.jpg 300w, https:\/\/usagers-transports.haut-allier.eu\/wp-content\/uploads\/2024\/04\/img_20240412_142530-1024x768.jpg 1024w, https:\/\/usagers-transports.haut-allier.eu\/wp-content\/uploads\/2024\/04\/img_20240412_142530-768x576.jpg 768w, https:\/\/usagers-transports.haut-allier.eu\/wp-content\/uploads\/2024\/04\/img_20240412_142530-1536x1152.jpg 1536w, https:\/\/usagers-transports.haut-allier.eu\/wp-content\/uploads\/2024\/04\/img_20240412_142530-2048x1536.jpg 2048w\" sizes=\"auto, (max-width: 2560px) 100vw, 2560px\" \/>\n<img loading=\"lazy\" decoding=\"async\" class=\" aligncenter size-full wp-image-5030\" src=\"http:\/\/5.45.101.177\/haut-allier\/usagers-transportse\/wp-content\/uploads\/2024\/04\/img_20240412_142433-scaled.jpg\" alt=\"img_20240412_142433.jpg\" align=\"center\" width=\"2560\" height=\"1920\" srcset=\"https:\/\/usagers-transports.haut-allier.eu\/wp-content\/uploads\/2024\/04\/img_20240412_142433-scaled.jpg 2560w, https:\/\/usagers-transports.haut-allier.eu\/wp-content\/uploads\/2024\/04\/img_20240412_142433-300x225.jpg 300w, https:\/\/usagers-transports.haut-allier.eu\/wp-content\/uploads\/2024\/04\/img_20240412_142433-1024x768.jpg 1024w, https:\/\/usagers-transports.haut-allier.eu\/wp-content\/uploads\/2024\/04\/img_20240412_142433-768x576.jpg 768w, https:\/\/usagers-transports.haut-allier.eu\/wp-content\/uploads\/2024\/04\/img_20240412_142433-1536x1152.jpg 1536w, https:\/\/usagers-transports.haut-allier.eu\/wp-content\/uploads\/2024\/04\/img_20240412_142433-2048x1536.jpg 2048w\" sizes=\"auto, (max-width: 2560px) 100vw, 2560px\" \/>\n\n<em>Gare de Courpi\u00e8re (Puy de D\u00f4me)\n<\/em>\n<img loading=\"lazy\" decoding=\"async\" class=\" aligncenter size-full wp-image-5031\" src=\"http:\/\/5.45.101.177\/haut-allier\/usagers-transportse\/wp-content\/uploads\/2024\/04\/img_20240412_145340r-scaled.jpg\" alt=\"img_20240412_145340r.jpg\" align=\"center\" width=\"2560\" height=\"1540\" srcset=\"https:\/\/usagers-transports.haut-allier.eu\/wp-content\/uploads\/2024\/04\/img_20240412_145340r-scaled.jpg 2560w, https:\/\/usagers-transports.haut-allier.eu\/wp-content\/uploads\/2024\/04\/img_20240412_145340r-300x180.jpg 300w, https:\/\/usagers-transports.haut-allier.eu\/wp-content\/uploads\/2024\/04\/img_20240412_145340r-1024x616.jpg 1024w, https:\/\/usagers-transports.haut-allier.eu\/wp-content\/uploads\/2024\/04\/img_20240412_145340r-768x462.jpg 768w, https:\/\/usagers-transports.haut-allier.eu\/wp-content\/uploads\/2024\/04\/img_20240412_145340r-1536x924.jpg 1536w, https:\/\/usagers-transports.haut-allier.eu\/wp-content\/uploads\/2024\/04\/img_20240412_145340r-2048x1232.jpg 2048w\" sizes=\"auto, (max-width: 2560px) 100vw, 2560px\" \/>\n<img loading=\"lazy\" decoding=\"async\" class=\" aligncenter size-full wp-image-5032\" src=\"http:\/\/5.45.101.177\/haut-allier\/usagers-transportse\/wp-content\/uploads\/2024\/04\/img_20240412_145505-scaled.jpg\" alt=\"img_20240412_145505.jpg\" align=\"center\" width=\"2560\" height=\"1920\" srcset=\"https:\/\/usagers-transports.haut-allier.eu\/wp-content\/uploads\/2024\/04\/img_20240412_145505-scaled.jpg 2560w, https:\/\/usagers-transports.haut-allier.eu\/wp-content\/uploads\/2024\/04\/img_20240412_145505-300x225.jpg 300w, https:\/\/usagers-transports.haut-allier.eu\/wp-content\/uploads\/2024\/04\/img_20240412_145505-1024x768.jpg 1024w, https:\/\/usagers-transports.haut-allier.eu\/wp-content\/uploads\/2024\/04\/img_20240412_145505-768x576.jpg 768w, https:\/\/usagers-transports.haut-allier.eu\/wp-content\/uploads\/2024\/04\/img_20240412_145505-1536x1152.jpg 1536w, https:\/\/usagers-transports.haut-allier.eu\/wp-content\/uploads\/2024\/04\/img_20240412_145505-2048x1536.jpg 2048w\" sizes=\"auto, (max-width: 2560px) 100vw, 2560px\" \/>\n\n<em>Gare de Pont de Dore (Puy de D\u00f4me)\n<\/em>\n<img loading=\"lazy\" decoding=\"async\" class=\" aligncenter size-full wp-image-5033\" src=\"http:\/\/5.45.101.177\/haut-allier\/usagers-transportse\/wp-content\/uploads\/2024\/04\/img_20240412_164647-scaled.jpg\" alt=\"img_20240412_164647.jpg\" align=\"center\" width=\"2560\" height=\"1920\" srcset=\"https:\/\/usagers-transports.haut-allier.eu\/wp-content\/uploads\/2024\/04\/img_20240412_164647-scaled.jpg 2560w, https:\/\/usagers-transports.haut-allier.eu\/wp-content\/uploads\/2024\/04\/img_20240412_164647-300x225.jpg 300w, https:\/\/usagers-transports.haut-allier.eu\/wp-content\/uploads\/2024\/04\/img_20240412_164647-1024x768.jpg 1024w, https:\/\/usagers-transports.haut-allier.eu\/wp-content\/uploads\/2024\/04\/img_20240412_164647-768x576.jpg 768w, https:\/\/usagers-transports.haut-allier.eu\/wp-content\/uploads\/2024\/04\/img_20240412_164647-1536x1152.jpg 1536w, https:\/\/usagers-transports.haut-allier.eu\/wp-content\/uploads\/2024\/04\/img_20240412_164647-2048x1536.jpg 2048w\" sizes=\"auto, (max-width: 2560px) 100vw, 2560px\" \/>\n<img loading=\"lazy\" decoding=\"async\" class=\" aligncenter size-full wp-image-5034\" src=\"http:\/\/5.45.101.177\/haut-allier\/usagers-transportse\/wp-content\/uploads\/2024\/04\/img_20240412_165500-scaled.jpg\" alt=\"img_20240412_165500.jpg\" align=\"center\" width=\"2560\" height=\"1920\" srcset=\"https:\/\/usagers-transports.haut-allier.eu\/wp-content\/uploads\/2024\/04\/img_20240412_165500-scaled.jpg 2560w, https:\/\/usagers-transports.haut-allier.eu\/wp-content\/uploads\/2024\/04\/img_20240412_165500-300x225.jpg 300w, https:\/\/usagers-transports.haut-allier.eu\/wp-content\/uploads\/2024\/04\/img_20240412_165500-1024x768.jpg 1024w, https:\/\/usagers-transports.haut-allier.eu\/wp-content\/uploads\/2024\/04\/img_20240412_165500-768x576.jpg 768w, https:\/\/usagers-transports.haut-allier.eu\/wp-content\/uploads\/2024\/04\/img_20240412_165500-1536x1152.jpg 1536w, https:\/\/usagers-transports.haut-allier.eu\/wp-content\/uploads\/2024\/04\/img_20240412_165500-2048x1536.jpg 2048w\" sizes=\"auto, (max-width: 2560px) 100vw, 2560px\" \/>\n<img loading=\"lazy\" decoding=\"async\" class=\" aligncenter size-full wp-image-5035\" src=\"http:\/\/5.45.101.177\/haut-allier\/usagers-transportse\/wp-content\/uploads\/2024\/04\/vlcsnap-2024-04-12-21h21m40s123.png\" alt=\"vlcsnap-2024-04-12-21h21m40s123.png\" align=\"center\" width=\"1280\" height=\"720\" srcset=\"https:\/\/usagers-transports.haut-allier.eu\/wp-content\/uploads\/2024\/04\/vlcsnap-2024-04-12-21h21m40s123.png 1280w, https:\/\/usagers-transports.haut-allier.eu\/wp-content\/uploads\/2024\/04\/vlcsnap-2024-04-12-21h21m40s123-300x169.png 300w, https:\/\/usagers-transports.haut-allier.eu\/wp-content\/uploads\/2024\/04\/vlcsnap-2024-04-12-21h21m40s123-1024x576.png 1024w, https:\/\/usagers-transports.haut-allier.eu\/wp-content\/uploads\/2024\/04\/vlcsnap-2024-04-12-21h21m40s123-768x432.png 768w\" sizes=\"auto, (max-width: 1280px) 100vw, 1280px\" \/>\n<a href=\"http:\/\/5.45.101.177\/haut-allier\/usagers-transportse\/wp-content\/uploads\/2024\/04\/vid_20240412_165217-720p-44100.mp4\">vid_20240412_165217-720p-44100.mp4<\/a>\n\n<em>Le passage d&rsquo;un TER Auvergne Rh\u00f4ne Alpes sur le viaduc de la Dore avant l&#8217;embranchement vers Vichy, en direction de Thiers\n<\/em>\n<a href=\"http:\/\/5.45.101.177\/haut-allier\/usagers-transportse\/wp-content\/uploads\/2024\/04\/dji_0023-720.mp4\">dji_0023-720.mp4<\/a>\n\n<em>A la demande g\u00e9n\u00e9rale le trac\u00e9 technique de la ligne St Germain des Foss\u00e9s &#8211; Darsac (source : Wikip\u00e9dia)\n<\/em>\n<img loading=\"lazy\" decoding=\"async\" class=\" aligncenter size-full wp-image-5038\" src=\"http:\/\/5.45.101.177\/haut-allier\/usagers-transportse\/wp-content\/uploads\/2024\/04\/schema-de-la-ligne-de-saint-germain-des-fosses-a-darsac-_-wikipedia.png\" alt=\"schema-de-la-ligne-de-saint-germain-des-fosses-a-darsac-_-wikipedia.png\" align=\"center\" width=\"653\" height=\"2454\" srcset=\"https:\/\/usagers-transports.haut-allier.eu\/wp-content\/uploads\/2024\/04\/schema-de-la-ligne-de-saint-germain-des-fosses-a-darsac-_-wikipedia.png 653w, https:\/\/usagers-transports.haut-allier.eu\/wp-content\/uploads\/2024\/04\/schema-de-la-ligne-de-saint-germain-des-fosses-a-darsac-_-wikipedia-80x300.png 80w, https:\/\/usagers-transports.haut-allier.eu\/wp-content\/uploads\/2024\/04\/schema-de-la-ligne-de-saint-germain-des-fosses-a-darsac-_-wikipedia-409x1536.png 409w, https:\/\/usagers-transports.haut-allier.eu\/wp-content\/uploads\/2024\/04\/schema-de-la-ligne-de-saint-germain-des-fosses-a-darsac-_-wikipedia-545x2048.png 545w\" sizes=\"auto, (max-width: 653px) 100vw, 653px\" \/>\n\n&lsquo;Une nouvelle dynamique est en train de se mettre en place pour la sauvegarde et le d\u00e9veloppement de la ligne ferroviaire Livradois-Forez-Velay :\n\nL\u2019Etat a particip\u00e9 r\u00e9cemment \u00e0 la remise en \u00e9tat de la voie \u00e0 hauteur de 400 000 \u20ac pour la reprise du fret entre Giroux et Courpi\u00e8re, et celui-ci, en cours de finalisation des n\u00e9gociations, devrait reprendre tr\u00e8s bient\u00f4t.\n\n<em>Papeteries de Giroux \/ Rossmann\n<\/em>\n<img loading=\"lazy\" decoding=\"async\" class=\" aligncenter size-full wp-image-5039\" src=\"http:\/\/5.45.101.177\/haut-allier\/usagers-transportse\/wp-content\/uploads\/2024\/04\/img_20240412_143544r-scaled.jpg\" alt=\"img_20240412_143544r.jpg\" align=\"center\" width=\"2560\" height=\"1540\" srcset=\"https:\/\/usagers-transports.haut-allier.eu\/wp-content\/uploads\/2024\/04\/img_20240412_143544r-scaled.jpg 2560w, https:\/\/usagers-transports.haut-allier.eu\/wp-content\/uploads\/2024\/04\/img_20240412_143544r-300x180.jpg 300w, https:\/\/usagers-transports.haut-allier.eu\/wp-content\/uploads\/2024\/04\/img_20240412_143544r-1024x616.jpg 1024w, https:\/\/usagers-transports.haut-allier.eu\/wp-content\/uploads\/2024\/04\/img_20240412_143544r-768x462.jpg 768w, https:\/\/usagers-transports.haut-allier.eu\/wp-content\/uploads\/2024\/04\/img_20240412_143544r-1536x924.jpg 1536w, https:\/\/usagers-transports.haut-allier.eu\/wp-content\/uploads\/2024\/04\/img_20240412_143544r-2048x1232.jpg 2048w\" sizes=\"auto, (max-width: 2560px) 100vw, 2560px\" \/>\n\nD\u2019autres projets sont en train de se mettre en place pour faire vivre d\u2019autres segments de cette voie. Bref, \u00e7a bouge en Livradois-Forez pour le ferroviaire !\n\nL&rsquo;interview du Pr\u00e9sident du Syndicat du r\u00e9seau ferr\u00e9 Jean-Beno\u00eet Girodet :\n\n<iframe loading=\"lazy\" width=\"560\" height=\"315\" src=\"https:\/\/www.youtube.com\/embed\/mNUzj2QEBuQ?si=FDtc-IdDnX-PGmjY\" title=\"YouTube video player\" frameborder=\"0\" allow=\"accelerometer; autoplay; clipboard-write; encrypted-media; gyroscope; picture-in-picture; web-share\" referrerpolicy=\"strict-origin-when-cross-origin\" allowfullscreen><\/iframe>\n&nbsp;\n&nbsp;\nPour \u00eatre plus amplement inform\u00e9s et en temps r\u00e9el, on peut aller sur le site web du R\u00e9seau Ferr\u00e9 Livradois Forez Velay :\n\n<a href=\"https:\/\/reseau-ferre-livradois-forez-velay.fr\/la-ligne-ferroviaire\/\">https:\/\/reseau-ferre-livradois-forez-velay.fr\/la-ligne-ferroviaire\/<\/a>\n\net si vous voulez \u00e9galement suivre les reportages de TLF vous pouvez aller sur la page Youtube :\n\n<a href=\"https:\/\/www.youtube.com\/@telelivradoisforezreportages\">https:\/\/www.youtube.com\/@telelivradoisforezreportages<\/a>\n\n<p>&nbsp;<\/p>\n\n\t<figure class=\"wp-block-gallery columns-1 is-cropped wp-block-gallery-1 is-layout-flex wp-block-gallery-is-layout-flex\">\n\t\t<ul class=\"blocks-gallery-grid\">\n\t\t\t<li class=\"blocks-gallery-item\">\n\t\t\t\t<figure>\n\t\t\t\t\t\t\t\t\t\t\t<img loading=\"lazy\" decoding=\"async\" width=\"1280\" height=\"720\" src=\"http:\/\/5.45.101.177\/haut-allier\/usagers-transportse\/wp-content\/uploads\/2024\/04\/vlcsnap-2024-04-12-21h21m05s359.png\"\n\t\t\t\t\t\t alt=\"vlcsnap-2024-04-12-21h21m05s359.png\"\n\t\t\t\t\t\t data-id=\"5040\"\n\t\t\t\t\t\t data-full-url=\"http:\/\/5.45.101.177\/haut-allier\/usagers-transportse\/wp-content\/uploads\/2024\/04\/vlcsnap-2024-04-12-21h21m05s359.png\"\n\t\t\t\t\t\t data-link=\"http:\/\/5.45.101.177\/haut-allier\/usagers-transportse\/attachment-vlcsnap-2024-04-12-21h21m05s359-png\/\"\n\t\t\t\t\t\t class=\"wp-image-5040\" srcset=\"https:\/\/usagers-transports.haut-allier.eu\/wp-content\/uploads\/2024\/04\/vlcsnap-2024-04-12-21h21m05s359.png 1280w, https:\/\/usagers-transports.haut-allier.eu\/wp-content\/uploads\/2024\/04\/vlcsnap-2024-04-12-21h21m05s359-300x169.png 300w, https:\/\/usagers-transports.haut-allier.eu\/wp-content\/uploads\/2024\/04\/vlcsnap-2024-04-12-21h21m05s359-1024x576.png 1024w, https:\/\/usagers-transports.haut-allier.eu\/wp-content\/uploads\/2024\/04\/vlcsnap-2024-04-12-21h21m05s359-768x432.png 768w\" sizes=\"auto, (max-width: 1280px) 100vw, 1280px\" \/>\n\t\t\t\t<\/figure>\n\t\t\t<\/li>\n\t\t<\/ul>\n\t<\/figure>\n","protected":false},"excerpt":{"rendered":"<p>Martial Portail le cr\u00e9ateur et dirigeant de T\u00e9l\u00e9 Livradois Forez Reportages, une webtv ax\u00e9e comme son nom l&rsquo;indique<\/p>\n","protected":false},"author":1,"featured_media":5006,"comment_status":"open","ping_status":"open","sticky":false,"template":"","format":"standard","meta":{"footnotes":""},"categories":[3],"tags":[],"class_list":["post-1091","post","type-post","status-publish","format-standard","has-post-thumbnail","hentry","category-en-train"],"_links":{"self":[{"href":"https:\/\/usagers-transports.haut-allier.eu\/index.php\/wp-json\/wp\/v2\/posts\/1091","targetHints":{"allow":["GET"]}}],"collection":[{"href":"https:\/\/usagers-transports.haut-allier.eu\/index.php\/wp-json\/wp\/v2\/posts"}],"about":[{"href":"https:\/\/usagers-transports.haut-allier.eu\/index.php\/wp-json\/wp\/v2\/types\/post"}],"author":[{"embeddable":true,"href":"https:\/\/usagers-transports.haut-allier.eu\/index.php\/wp-json\/wp\/v2\/users\/1"}],"replies":[{"embeddable":true,"href":"https:\/\/usagers-transports.haut-allier.eu\/index.php\/wp-json\/wp\/v2\/comments?post=1091"}],"version-history":[{"count":1,"href":"https:\/\/usagers-transports.haut-allier.eu\/index.php\/wp-json\/wp\/v2\/posts\/1091\/revisions"}],"predecessor-version":[{"id":5041,"href":"https:\/\/usagers-transports.haut-allier.eu\/index.php\/wp-json\/wp\/v2\/posts\/1091\/revisions\/5041"}],"wp:featuredmedia":[{"embeddable":true,"href":"https:\/\/usagers-transports.haut-allier.eu\/index.php\/wp-json\/wp\/v2\/media\/5006"}],"wp:attachment":[{"href":"https:\/\/usagers-transports.haut-allier.eu\/index.php\/wp-json\/wp\/v2\/media?parent=1091"}],"wp:term":[{"taxonomy":"category","embeddable":true,"href":"https:\/\/usagers-transports.haut-allier.eu\/index.php\/wp-json\/wp\/v2\/categories?post=1091"},{"taxonomy":"post_tag","embeddable":true,"href":"https:\/\/usagers-transports.haut-allier.eu\/index.php\/wp-json\/wp\/v2\/tags?post=1091"}],"curies":[{"name":"wp","href":"https:\/\/api.w.org\/{rel}","templated":true}]}}