{"id":1092,"date":"2024-04-12T08:17:40","date_gmt":"2024-04-12T06:17:40","guid":{"rendered":"http:\/\/5.45.101.177\/haut-allier\/usagers-transportse\/index.php\/2024\/04\/12\/clermont-ferrand-laqueuille-en1092\/"},"modified":"2024-04-12T08:17:40","modified_gmt":"2024-04-12T06:17:40","slug":"clermont-ferrand-laqueuille-en1092","status":"publish","type":"post","link":"https:\/\/usagers-transports.haut-allier.eu\/index.php\/2024\/04\/12\/clermont-ferrand-laqueuille-en1092\/","title":{"rendered":"Clermont Ferrand &#8211; Laqueuille en train \u00e0 vapeur le 20 avril"},"content":{"rendered":"<p>Le \u00ab\u00a0Thermal Express\u00a0\u00bb c&rsquo;est son nom, circulera de la capitale auvergnate vers la Bourboule avec transbordement en bus de Laqueuille \u00e0 la Bourboule. Autrefois, un train de premi\u00e8re classe saisonnier au d\u00e9part de Paris desservait les stations thermales de l\u2019Auvergne. La derni\u00e8re fois, c\u2019\u00e9tait en 2005 lors d\u2019un train sp\u00e9cial. Il n&rsquo;est plus r\u00e9gulier depuis les ann\u00e9es 60. <\/p>\n<p><em>Affiche du \u00ab\u00a0voyage\u00a0\u00bb :<\/em><br \/>\n<img loading=\"lazy\" decoding=\"async\" class=\" aligncenter size-full wp-image-5043\" src=\"http:\/\/5.45.101.177\/haut-allier\/usagers-transportse\/wp-content\/uploads\/2024\/04\/affiche_thermal_express_vapeur_20-04-2024-600x848.jpg\" alt=\"affiche_thermal_express_vapeur_20-04-2024-600x848.jpg\" align=\"center\" width=\"1684\" height=\"2381\" srcset=\"https:\/\/usagers-transports.haut-allier.eu\/wp-content\/uploads\/2024\/04\/affiche_thermal_express_vapeur_20-04-2024-600x848.jpg 1684w, https:\/\/usagers-transports.haut-allier.eu\/wp-content\/uploads\/2024\/04\/affiche_thermal_express_vapeur_20-04-2024-600x848-212x300.jpg 212w, https:\/\/usagers-transports.haut-allier.eu\/wp-content\/uploads\/2024\/04\/affiche_thermal_express_vapeur_20-04-2024-600x848-724x1024.jpg 724w, https:\/\/usagers-transports.haut-allier.eu\/wp-content\/uploads\/2024\/04\/affiche_thermal_express_vapeur_20-04-2024-600x848-768x1086.jpg 768w, https:\/\/usagers-transports.haut-allier.eu\/wp-content\/uploads\/2024\/04\/affiche_thermal_express_vapeur_20-04-2024-600x848-1086x1536.jpg 1086w, https:\/\/usagers-transports.haut-allier.eu\/wp-content\/uploads\/2024\/04\/affiche_thermal_express_vapeur_20-04-2024-600x848-1448x2048.jpg 1448w\" sizes=\"auto, (max-width: 1684px) 100vw, 1684px\" \/><\/p>\n<p>Un train \u00e0 vapeur donc, une locomotive 140C27 de l&rsquo;ADEFT, suivie de voitures \u00ab\u00a0historiques\u00a0\u00bb sur la ligne montant auparavant jusqu\u2019au Mont-Dore qui s&rsquo;arr\u00eatera \u00e0 Laqueuille avant un transvasement par bus, le tout pour 70 euros.<\/p>\n<p>Les modalit\u00e9s d&rsquo;inscription sont sur l&rsquo;affiche.<\/p>\n<p>Rappelons que la r\u00e9ouverture de cette ligne jusqu&rsquo;au MontDore et vers Brive jusqu&rsquo;\u00e0 Tulle est d\u00e9fendue par la tr\u00e8s active association <a href=\"https:\/\/www.traindesvolcans.fr\/\"><em>RTV<\/em><\/a> Retour du train des volcans qui actuellement travaille \u00e0 la constitution d&rsquo;une f\u00e9d\u00e9ration de tous les acteurs et \u00e9lus de Tulle \u00e0 Clermont. <\/p>\n<p>Cet axe jusqu&rsquo;\u00e0 Tulle permettait la liaison Gen\u00e8ve Lyon Saint-Etienne Clermont Tulle Brive Bordeaux il y a encore quelques dizaines d&rsquo;ann\u00e9es lorsque ce tron\u00e7on ainsi que celui de Thiers &#8211; Bo\u00ebn \u00e9taient ouverts.<\/p>\n<p>L&rsquo;axe Lyon Bordeaux est un des plus fr\u00e9quent\u00e9 de France en liaison a\u00e9rienne. Le projet Railcoop voulait r\u00e9installer une offre ferroviaire par Limoges. Si la pression est suffisante pour que ces deux tron\u00e7ons manquants rouvrent, il ne fait aucun doute que le succ\u00e8s de fr\u00e9quentation sera l\u00e0.<\/p>\n<p>Lignes a\u00e9riennes les plus fr\u00e9quent\u00e9es en France :<\/p>\n<div class=\"infogram-embed\" data-id=\"0aea9067-6316-4900-b893-6342f59a58c0\" data-type=\"interactive\" data-title=\"Lignes a\u00e9riennes domestiques les plus fr\u00e9quent\u00e9es en France 2022\"><\/div>\n<p><script>!function(e,n,i,s)<em>var d=\"InfogramEmbeds\";var o=e.getElementsByTagName(n)[0];if(window[d]&&window[d].initialized)window[d].process&&window[d].process();else if(!e.getElementById(i))<em>var r=e.createElement(n);r.async=1,r.id=i,r.src=s,o.parentNode.insertBefore(r,o)<\/strong>(document,\"script\",\"infogram-async\",\"https:\/\/e.infogram.com\/js\/dist\/embed-loader-min.js\");<\/script><\/p>\n<p>Les propositions de r\u00e9ouvertures du site <a href=\"https:\/\/www.revolution-energetique.com\/dossiers\/quelles-lignes-ferroviaires-construire-pour-en-finir-avec-les-vols-interieurs-en-france\/\">R\u00e9volution Energ\u00e9tique<\/a> pour \u00ab\u00a0en finir avec les vols a\u00e9riens int\u00e9rieurs\u00a0\u00bb :<\/p>\n<p><img loading=\"lazy\" decoding=\"async\" class=\" aligncenter size-full wp-image-5044\" src=\"http:\/\/5.45.101.177\/haut-allier\/usagers-transportse\/wp-content\/uploads\/2024\/04\/carte-lgv-concurrencer-avion-france-revolution-energetique-768x605.jpg\" alt=\"carte-lgv-concurrencer-avion-france-revolution-energetique-768x605.jpg\" align=\"center\" width=\"800\" height=\"630\" srcset=\"https:\/\/usagers-transports.haut-allier.eu\/wp-content\/uploads\/2024\/04\/carte-lgv-concurrencer-avion-france-revolution-energetique-768x605.jpg 800w, https:\/\/usagers-transports.haut-allier.eu\/wp-content\/uploads\/2024\/04\/carte-lgv-concurrencer-avion-france-revolution-energetique-768x605-300x236.jpg 300w, https:\/\/usagers-transports.haut-allier.eu\/wp-content\/uploads\/2024\/04\/carte-lgv-concurrencer-avion-france-revolution-energetique-768x605-768x605.jpg 768w\" sizes=\"auto, (max-width: 800px) 100vw, 800px\" \/><\/p>\n<p>On y voit parfaitement l&rsquo;int\u00e9r\u00eat du r\u00e9tablissement d&rsquo;une liaison ferroviaire directe Lyon Bordeaux, m\u00eame lente. La ligne desservirait \u00e9galement Saint-Etienne, Thiers, Clermont Ferrand, Tulle, Brive, Cahors&#8230; une vraie ligne de desserte transversale.<\/p>\n","protected":false},"excerpt":{"rendered":"<p>Le \u00ab\u00a0Thermal Express\u00a0\u00bb c&rsquo;est son nom, circulera de la capitale auvergnate vers la Bourboule avec transbordement en bus<\/p>\n","protected":false},"author":1,"featured_media":5042,"comment_status":"open","ping_status":"open","sticky":false,"template":"","format":"standard","meta":{"footnotes":""},"categories":[3],"tags":[],"class_list":["post-1092","post","type-post","status-publish","format-standard","has-post-thumbnail","hentry","category-en-train"],"_links":{"self":[{"href":"https:\/\/usagers-transports.haut-allier.eu\/index.php\/wp-json\/wp\/v2\/posts\/1092","targetHints":{"allow":["GET"]}}],"collection":[{"href":"https:\/\/usagers-transports.haut-allier.eu\/index.php\/wp-json\/wp\/v2\/posts"}],"about":[{"href":"https:\/\/usagers-transports.haut-allier.eu\/index.php\/wp-json\/wp\/v2\/types\/post"}],"author":[{"embeddable":true,"href":"https:\/\/usagers-transports.haut-allier.eu\/index.php\/wp-json\/wp\/v2\/users\/1"}],"replies":[{"embeddable":true,"href":"https:\/\/usagers-transports.haut-allier.eu\/index.php\/wp-json\/wp\/v2\/comments?post=1092"}],"version-history":[{"count":0,"href":"https:\/\/usagers-transports.haut-allier.eu\/index.php\/wp-json\/wp\/v2\/posts\/1092\/revisions"}],"wp:featuredmedia":[{"embeddable":true,"href":"https:\/\/usagers-transports.haut-allier.eu\/index.php\/wp-json\/wp\/v2\/media\/5042"}],"wp:attachment":[{"href":"https:\/\/usagers-transports.haut-allier.eu\/index.php\/wp-json\/wp\/v2\/media?parent=1092"}],"wp:term":[{"taxonomy":"category","embeddable":true,"href":"https:\/\/usagers-transports.haut-allier.eu\/index.php\/wp-json\/wp\/v2\/categories?post=1092"},{"taxonomy":"post_tag","embeddable":true,"href":"https:\/\/usagers-transports.haut-allier.eu\/index.php\/wp-json\/wp\/v2\/tags?post=1092"}],"curies":[{"name":"wp","href":"https:\/\/api.w.org\/{rel}","templated":true}]}}