{"id":1093,"date":"2024-04-18T08:47:26","date_gmt":"2024-04-18T06:47:26","guid":{"rendered":"http:\/\/5.45.101.177\/haut-allier\/usagers-transportse\/index.php\/2024\/04\/18\/ligne-des-cevennes-sud-les-fiches1093\/"},"modified":"2026-09-01T16:07:10","modified_gmt":"2026-09-01T14:07:10","slug":"ligne-des-cevennes-sud-les-fiches1093","status":"publish","type":"post","link":"https:\/\/usagers-transports.haut-allier.eu\/index.php\/2024\/04\/18\/ligne-des-cevennes-sud-les-fiches1093\/","title":{"rendered":"Ligne des C\u00e9vennes sud : les fiches horaires pendant les travaux du pont \u00e9croul\u00e9 de Chamborigaud"},"content":{"rendered":"La SNCF s&rsquo;est adapt\u00e9e c\u00f4t\u00e9 Occitanie pour offrir plus de dessertes de la commune qui a vu le pont routier principal <a href=\"https:\/\/usagers-transports.haut-allier.eu\/?pont-routier-ecroule-de,1081\"><em>s&rsquo;effondrer le 17 mars dernier<\/em><\/a>. Un pont provisoire est en construction <a href=\"https:\/\/usagers-transports.haut-allier.eu\/?ligne-des-cevennes-le-maintien,1085\"><em>depuis le 26 mars<\/em><\/a> mais les circulations routi\u00e8res ne sont pas r\u00e9tablies.\n&nbsp;\nSNCF TER LiO vient de publier sa fiche travaux avec les horaires des trains et bus desservant Chamborigaud pour la p\u00e9riode du 22 au 28 avril. La voici :\n\n<img loading=\"lazy\" decoding=\"async\" class=\" aligncenter size-full wp-image-5046\" src=\"http:\/\/5.45.101.177\/haut-allier\/usagers-transportse\/wp-content\/uploads\/2024\/04\/v_arret_supplementaires_chamborigaud_22_au_28_avrilxls-r.jpg\" alt=\"v_arret_supplementaires_chamborigaud_22_au_28_avrilxls-r.jpg\" align=\"center\" width=\"1058\" height=\"1496\" srcset=\"https:\/\/usagers-transports.haut-allier.eu\/wp-content\/uploads\/2024\/04\/v_arret_supplementaires_chamborigaud_22_au_28_avrilxls-r.jpg 1058w, https:\/\/usagers-transports.haut-allier.eu\/wp-content\/uploads\/2024\/04\/v_arret_supplementaires_chamborigaud_22_au_28_avrilxls-r-212x300.jpg 212w, https:\/\/usagers-transports.haut-allier.eu\/wp-content\/uploads\/2024\/04\/v_arret_supplementaires_chamborigaud_22_au_28_avrilxls-r-724x1024.jpg 724w, https:\/\/usagers-transports.haut-allier.eu\/wp-content\/uploads\/2024\/04\/v_arret_supplementaires_chamborigaud_22_au_28_avrilxls-r-768x1086.jpg 768w\" sizes=\"auto, (max-width: 1058px) 100vw, 1058px\" \/>\n\n<img loading=\"lazy\" decoding=\"async\" class=\" aligncenter size-full wp-image-5047\" src=\"http:\/\/5.45.101.177\/haut-allier\/usagers-transportse\/wp-content\/uploads\/2024\/04\/v_arret_supplementaires_chamborigaud_22_au_28_avrilxls-v.jpg\" alt=\"v_arret_supplementaires_chamborigaud_22_au_28_avrilxls-v.jpg\" align=\"center\" width=\"1058\" height=\"1496\" srcset=\"https:\/\/usagers-transports.haut-allier.eu\/wp-content\/uploads\/2024\/04\/v_arret_supplementaires_chamborigaud_22_au_28_avrilxls-v.jpg 1058w, https:\/\/usagers-transports.haut-allier.eu\/wp-content\/uploads\/2024\/04\/v_arret_supplementaires_chamborigaud_22_au_28_avrilxls-v-212x300.jpg 212w, https:\/\/usagers-transports.haut-allier.eu\/wp-content\/uploads\/2024\/04\/v_arret_supplementaires_chamborigaud_22_au_28_avrilxls-v-724x1024.jpg 724w, https:\/\/usagers-transports.haut-allier.eu\/wp-content\/uploads\/2024\/04\/v_arret_supplementaires_chamborigaud_22_au_28_avrilxls-v-768x1086.jpg 768w\" sizes=\"auto, (max-width: 1058px) 100vw, 1058px\" \/>\n\nMerci \u00e0 Alexandre du Collectif de d\u00e9fense de la gare de Villefort de son envoi.<p>&nbsp;<\/p>\n\n\t<figure class=\"wp-block-gallery columns-1 is-cropped wp-block-gallery-1 is-layout-flex wp-block-gallery-is-layout-flex\">\n\t\t<ul class=\"blocks-gallery-grid\">\n\t\t\t<li class=\"blocks-gallery-item\">\n\t\t\t\t<figure>\n\t\t\t\t\t\t\t\t\t\t\t<img loading=\"lazy\" decoding=\"async\" width=\"1058\" height=\"1496\" src=\"http:\/\/5.45.101.177\/haut-allier\/usagers-transportse\/wp-content\/uploads\/2024\/04\/v_arret_supplementaires_chamborigaud_22_au_28_avrilxls-r-2.jpg\"\n\t\t\t\t\t\t alt=\"v_arret_supplementaires_chamborigaud_22_au_28_avrilxls-r-2.jpg\"\n\t\t\t\t\t\t data-id=\"5048\"\n\t\t\t\t\t\t data-full-url=\"http:\/\/5.45.101.177\/haut-allier\/usagers-transportse\/wp-content\/uploads\/2024\/04\/v_arret_supplementaires_chamborigaud_22_au_28_avrilxls-r-2.jpg\"\n\t\t\t\t\t\t data-link=\"http:\/\/5.45.101.177\/haut-allier\/usagers-transportse\/attachment-v_arret_supplementaires_chamborigaud_22_au_28_avrilxls-r-2-jpg\/\"\n\t\t\t\t\t\t class=\"wp-image-5048\" srcset=\"https:\/\/usagers-transports.haut-allier.eu\/wp-content\/uploads\/2024\/04\/v_arret_supplementaires_chamborigaud_22_au_28_avrilxls-r-2.jpg 1058w, https:\/\/usagers-transports.haut-allier.eu\/wp-content\/uploads\/2024\/04\/v_arret_supplementaires_chamborigaud_22_au_28_avrilxls-r-2-212x300.jpg 212w, https:\/\/usagers-transports.haut-allier.eu\/wp-content\/uploads\/2024\/04\/v_arret_supplementaires_chamborigaud_22_au_28_avrilxls-r-2-724x1024.jpg 724w, https:\/\/usagers-transports.haut-allier.eu\/wp-content\/uploads\/2024\/04\/v_arret_supplementaires_chamborigaud_22_au_28_avrilxls-r-2-768x1086.jpg 768w\" sizes=\"auto, (max-width: 1058px) 100vw, 1058px\" \/>\n\t\t\t\t<\/figure>\n\t\t\t<\/li>\n\t\t<\/ul>\n\t<\/figure>\n","protected":false},"excerpt":{"rendered":"<p>La SNCF s&rsquo;est adapt\u00e9e c\u00f4t\u00e9 Occitanie pour offrir plus de dessertes de la commune qui a vu le<\/p>\n","protected":false},"author":1,"featured_media":5045,"comment_status":"closed","ping_status":"open","sticky":false,"template":"","format":"standard","meta":{"footnotes":""},"categories":[3],"tags":[],"class_list":["post-1093","post","type-post","status-publish","format-standard","has-post-thumbnail","hentry","category-en-train"],"_links":{"self":[{"href":"https:\/\/usagers-transports.haut-allier.eu\/index.php\/wp-json\/wp\/v2\/posts\/1093","targetHints":{"allow":["GET"]}}],"collection":[{"href":"https:\/\/usagers-transports.haut-allier.eu\/index.php\/wp-json\/wp\/v2\/posts"}],"about":[{"href":"https:\/\/usagers-transports.haut-allier.eu\/index.php\/wp-json\/wp\/v2\/types\/post"}],"author":[{"embeddable":true,"href":"https:\/\/usagers-transports.haut-allier.eu\/index.php\/wp-json\/wp\/v2\/users\/1"}],"replies":[{"embeddable":true,"href":"https:\/\/usagers-transports.haut-allier.eu\/index.php\/wp-json\/wp\/v2\/comments?post=1093"}],"version-history":[{"count":1,"href":"https:\/\/usagers-transports.haut-allier.eu\/index.php\/wp-json\/wp\/v2\/posts\/1093\/revisions"}],"predecessor-version":[{"id":5049,"href":"https:\/\/usagers-transports.haut-allier.eu\/index.php\/wp-json\/wp\/v2\/posts\/1093\/revisions\/5049"}],"wp:featuredmedia":[{"embeddable":true,"href":"https:\/\/usagers-transports.haut-allier.eu\/index.php\/wp-json\/wp\/v2\/media\/5045"}],"wp:attachment":[{"href":"https:\/\/usagers-transports.haut-allier.eu\/index.php\/wp-json\/wp\/v2\/media?parent=1093"}],"wp:term":[{"taxonomy":"category","embeddable":true,"href":"https:\/\/usagers-transports.haut-allier.eu\/index.php\/wp-json\/wp\/v2\/categories?post=1093"},{"taxonomy":"post_tag","embeddable":true,"href":"https:\/\/usagers-transports.haut-allier.eu\/index.php\/wp-json\/wp\/v2\/tags?post=1093"}],"curies":[{"name":"wp","href":"https:\/\/api.w.org\/{rel}","templated":true}]}}