{"id":1094,"date":"2024-04-18T10:00:51","date_gmt":"2024-04-18T08:00:51","guid":{"rendered":"http:\/\/5.45.101.177\/haut-allier\/usagers-transportse\/index.php\/2024\/04\/18\/train-le-matin-avant-11h-sur-la1094\/"},"modified":"2024-04-18T10:00:51","modified_gmt":"2024-04-18T08:00:51","slug":"train-le-matin-avant-11h-sur-la1094","status":"publish","type":"post","link":"https:\/\/usagers-transports.haut-allier.eu\/index.php\/2024\/04\/18\/train-le-matin-avant-11h-sur-la1094\/","title":{"rendered":"Train le matin avant 11h sur la ligne des C\u00e9vennes dans le haut Allier : la r\u00e9gion Auvergne Rh\u00f4ne Alpes dit niet"},"content":{"rendered":"<p>Vous le savez peut-\u00eatre si vous lisez nos articles nous demandons un train le matin avant 11h entre La Bastide Saint-Laurent les Bains et Brioude puisque celui-ci n&rsquo;existe pas et emp\u00eache les citoyens d&rsquo;utiliser le train pour leur travail ou pour leurs occupations le matin.<\/p>\n<p>Un train qui serait en correspondance \u00e0 La Bastide avec le TER 877703 Lio Mende &#8211; N\u00eemes  qui y passe \u00e0 5h55 pour arriver vers 10h et quelques \u00e0 Clermont Ferrand.<\/p>\n<p><em>Notre lettre de juin 2023<br \/>\n<\/em><br \/>\n<img loading=\"lazy\" decoding=\"async\" class=\" aligncenter size-full wp-image-5051\" src=\"http:\/\/5.45.101.177\/haut-allier\/usagers-transportse\/wp-content\/uploads\/2024\/04\/lettre-aomr-absence-desserte-haut-allier-lematin-aura.jpg\" alt=\"lettre-aomr-absence-desserte-haut-allier-lematin-aura.jpg\" align=\"center\" width=\"826\" height=\"1169\" srcset=\"https:\/\/usagers-transports.haut-allier.eu\/wp-content\/uploads\/2024\/04\/lettre-aomr-absence-desserte-haut-allier-lematin-aura.jpg 826w, https:\/\/usagers-transports.haut-allier.eu\/wp-content\/uploads\/2024\/04\/lettre-aomr-absence-desserte-haut-allier-lematin-aura-212x300.jpg 212w, https:\/\/usagers-transports.haut-allier.eu\/wp-content\/uploads\/2024\/04\/lettre-aomr-absence-desserte-haut-allier-lematin-aura-724x1024.jpg 724w, https:\/\/usagers-transports.haut-allier.eu\/wp-content\/uploads\/2024\/04\/lettre-aomr-absence-desserte-haut-allier-lematin-aura-768x1087.jpg 768w\" sizes=\"auto, (max-width: 826px) 100vw, 826px\" \/><\/p>\n<p>Notre demande a \u00e9t\u00e9 faite d&rsquo;abord aupr\u00e8s de la SNCF r\u00e9gionale AuRA d\u00e8s 2019, qui nous a r\u00e9pondu ne pas la comprendre (!?), puis aupr\u00e8s de la r\u00e9gion Auvergne Rh\u00f4ne Alpes en r\u00e9union de comit\u00e9s d&rsquo;usagers, puis aupr\u00e8s de cette m\u00eame r\u00e9gion et d&rsquo;Occitanie par courrier en juin 2023 (ci dessus). Le nouveau trajet demand\u00e9 \u00e9tant \u00e0 cheval sur les deux r\u00e9gions, les premi\u00e8res r\u00e9ponses ont \u00e9t\u00e9 un renvoi de balle : \u00ab\u00a0\u00e7a ne d\u00e9pend pas de nous mais de l&rsquo;autre r\u00e9gion\u00a0\u00bb, et r\u00e9ciproquement de la part d&rsquo;Occitanie.<\/p>\n<p>Nous venons de recevoir ce 17 avril une r\u00e9ponse disons&#8230; plus circonstanci\u00e9e de la part de la r\u00e9gion AuRA :<\/p>\n<blockquote class=\"poesie\">\n<p><em>Nous avons bien not\u00e9 votre demande du 2 juin 2023 concernant la cr\u00e9ation d&rsquo;un train entre La Bastide Saint-Laurent \/ Langeac\/Clermont-Ferrand pour une arriv\u00e9e \u00e0 Clermont-Ferrand en milieu de matin\u00e9e. Les services de la R\u00e9gion Auvergne-Rh\u00f4ne-Alpes ont bien pris en compte votre demande dans le cadre des r\u00e9flexions relatives \u00e0 l&rsquo;\u00e9volution des prochains services annuels d&rsquo;exploitation. <\/p>\n<p>Dans l&rsquo;imm\u00e9diat, nous regrettons de ne pouvoir donner une suite favorable \u00e0 votre demande, le manque de disponibilit\u00e9 de mat\u00e9riel ne permet pas en effet d&rsquo;envisager de nouvelles circulations. Cependant, votre demande sera \u00e9tudi\u00e9e dans le cadre de l&rsquo;instruction du projet de desserte li\u00e9 \u00e0 l&rsquo;ouverture \u00e0 la concurrence.<\/p>\n<p>Esp\u00e9rant avoir r\u00e9pondu \u00e0 vos interrogations, nous vous prions de recevoir nos cordiales salutations.<\/em><\/p>\n<\/blockquote>\n<p>Notons que la porte n&rsquo;est pas totalement ferm\u00e9e et qu&rsquo;on promet que la demande sera int\u00e9gr\u00e9e dans les appels d&rsquo;offre que la r\u00e9gion AuRA doit passer <strong>avant 2033<\/strong>.<\/p>\n<p>Celle-ci doit organiser en effet avant cette date l&rsquo;ouverture \u00e0 la concurrence de ses services TER en Auvergne.<\/p>\n<p><a href=\"https:\/\/actu.fr\/auvergne-rhone-alpes\/lyon_69123\/ter-auvergne-rhone-alpes-la-sncf-mise-en-concurrence-ce-qui-va-changer_59776666.html#:&nbsp;:text=La%20r%C3%A9gion%20Auvergne%2DRh%C3%B4ne%2DAlpes%20va%20passer%20une%20convention%20avec,2033%20%C2%BB%2C%20pr%C3%A9cise%20Fr%C3%A9d%C3%A9ric%20Aguilera.\"><em>Des pr\u00e9cisions ici<\/em><\/a>.<\/p>\n<p>Donc rien ne viendra de la r\u00e9gion AuRA avant cette date pour les usagers du haut Allier.  A suivre pour ceux et celles qui en ont le courage.<\/p>\n<p><em>[Notre logo : Malgr\u00e9 une r\u00e9habilitation en mars 2022 la gare de Langogne restera vide le matin pour les destinations vers Clermont] <\/em> <\/p>\n","protected":false},"excerpt":{"rendered":"<p>Vous le savez peut-\u00eatre si vous lisez nos articles nous demandons un train le matin avant 11h entre<\/p>\n","protected":false},"author":1,"featured_media":5050,"comment_status":"closed","ping_status":"open","sticky":false,"template":"","format":"standard","meta":{"footnotes":""},"categories":[3],"tags":[],"class_list":["post-1094","post","type-post","status-publish","format-standard","has-post-thumbnail","hentry","category-en-train"],"_links":{"self":[{"href":"https:\/\/usagers-transports.haut-allier.eu\/index.php\/wp-json\/wp\/v2\/posts\/1094","targetHints":{"allow":["GET"]}}],"collection":[{"href":"https:\/\/usagers-transports.haut-allier.eu\/index.php\/wp-json\/wp\/v2\/posts"}],"about":[{"href":"https:\/\/usagers-transports.haut-allier.eu\/index.php\/wp-json\/wp\/v2\/types\/post"}],"author":[{"embeddable":true,"href":"https:\/\/usagers-transports.haut-allier.eu\/index.php\/wp-json\/wp\/v2\/users\/1"}],"replies":[{"embeddable":true,"href":"https:\/\/usagers-transports.haut-allier.eu\/index.php\/wp-json\/wp\/v2\/comments?post=1094"}],"version-history":[{"count":0,"href":"https:\/\/usagers-transports.haut-allier.eu\/index.php\/wp-json\/wp\/v2\/posts\/1094\/revisions"}],"wp:featuredmedia":[{"embeddable":true,"href":"https:\/\/usagers-transports.haut-allier.eu\/index.php\/wp-json\/wp\/v2\/media\/5050"}],"wp:attachment":[{"href":"https:\/\/usagers-transports.haut-allier.eu\/index.php\/wp-json\/wp\/v2\/media?parent=1094"}],"wp:term":[{"taxonomy":"category","embeddable":true,"href":"https:\/\/usagers-transports.haut-allier.eu\/index.php\/wp-json\/wp\/v2\/categories?post=1094"},{"taxonomy":"post_tag","embeddable":true,"href":"https:\/\/usagers-transports.haut-allier.eu\/index.php\/wp-json\/wp\/v2\/tags?post=1094"}],"curies":[{"name":"wp","href":"https:\/\/api.w.org\/{rel}","templated":true}]}}