{"id":1095,"date":"2024-04-19T15:12:20","date_gmt":"2024-04-19T13:12:20","guid":{"rendered":"http:\/\/5.45.101.177\/haut-allier\/usagers-transportse\/index.php\/2024\/04\/19\/train-de-nuit-paris-clermont-nimes1095\/"},"modified":"2024-04-19T15:12:20","modified_gmt":"2024-04-19T13:12:20","slug":"train-de-nuit-paris-clermont-nimes1095","status":"publish","type":"post","link":"https:\/\/usagers-transports.haut-allier.eu\/index.php\/2024\/04\/19\/train-de-nuit-paris-clermont-nimes1095\/","title":{"rendered":"Train de nuit Paris Clermont N\u00eemes Marseille : le ministre nous r\u00e9pond"},"content":{"rendered":"<p>Nous avions <a href=\"https:\/\/usagers-transports.haut-allier.eu\/?trains-de-nuit-42-elus-et-conseils,1080\"><em>redemand\u00e9 le 14 mars dernier<\/em><\/a> \u00e0 Patrice Vergriette, le nouveau ministre des transports avec 39 communes, avec les \u00e9lus, avec Destination Trains de nuit, ce que comptait faire le gouvernement au sujet du retour de ce train de nuit essentiel pour la vitalit\u00e9 de notre Auvergne, de nos C\u00e9vennes.<\/p>\n<p>La r\u00e9ponse est re\u00e7ue ce jour, nous vous la r\u00e9sumons :<strong> <em>\u00ab\u00a0L&rsquo;Etat en a fait assez pour le Massif central avec le financement entier de la r\u00e9fection de la section Saint-Ch\u00e9ly d&rsquo;Apcher Neussargues afin d&rsquo;\u00e9viter sa fermeture. De plus les n\u00e9gociations actuelles sur la modernisation des 2 lignes Aubrac et des C\u00e9vennes avec les 2 r\u00e9gions n&rsquo;ont pas abouti.\u00a0\u00bb<\/strong><\/em><\/p>\n<p>Une fin de non recevoir. Aucun espoir ne nous est donn\u00e9. <\/p>\n<p>Voici la lettre :<\/p>\n<p><img loading=\"lazy\" decoding=\"async\" class=\" aligncenter size-full wp-image-5053\" src=\"http:\/\/5.45.101.177\/haut-allier\/usagers-transportse\/wp-content\/uploads\/2024\/04\/scan-lmttdnr-1500.jpg\" alt=\"scan-lmttdnr-1500.jpg\" align=\"center\" width=\"975\" height=\"1500\" srcset=\"https:\/\/usagers-transports.haut-allier.eu\/wp-content\/uploads\/2024\/04\/scan-lmttdnr-1500.jpg 975w, https:\/\/usagers-transports.haut-allier.eu\/wp-content\/uploads\/2024\/04\/scan-lmttdnr-1500-195x300.jpg 195w, https:\/\/usagers-transports.haut-allier.eu\/wp-content\/uploads\/2024\/04\/scan-lmttdnr-1500-666x1024.jpg 666w, https:\/\/usagers-transports.haut-allier.eu\/wp-content\/uploads\/2024\/04\/scan-lmttdnr-1500-768x1182.jpg 768w\" sizes=\"auto, (max-width: 975px) 100vw, 975px\" \/><\/p>\n<p><img loading=\"lazy\" decoding=\"async\" class=\" aligncenter size-full wp-image-5054\" src=\"http:\/\/5.45.101.177\/haut-allier\/usagers-transportse\/wp-content\/uploads\/2024\/04\/scan-lmttdnv-1500.jpg\" alt=\"scan-lmttdnv-1500.jpg\" align=\"center\" width=\"1005\" height=\"1500\" srcset=\"https:\/\/usagers-transports.haut-allier.eu\/wp-content\/uploads\/2024\/04\/scan-lmttdnv-1500.jpg 1005w, https:\/\/usagers-transports.haut-allier.eu\/wp-content\/uploads\/2024\/04\/scan-lmttdnv-1500-201x300.jpg 201w, https:\/\/usagers-transports.haut-allier.eu\/wp-content\/uploads\/2024\/04\/scan-lmttdnv-1500-686x1024.jpg 686w, https:\/\/usagers-transports.haut-allier.eu\/wp-content\/uploads\/2024\/04\/scan-lmttdnv-1500-768x1146.jpg 768w\" sizes=\"auto, (max-width: 1005px) 100vw, 1005px\" \/><\/p>\n","protected":false},"excerpt":{"rendered":"<p>Nous avions redemand\u00e9 le 14 mars dernier \u00e0 Patrice Vergriette, le nouveau ministre des transports avec 39 communes,<\/p>\n","protected":false},"author":1,"featured_media":5052,"comment_status":"closed","ping_status":"open","sticky":false,"template":"","format":"standard","meta":{"footnotes":""},"categories":[3],"tags":[],"class_list":["post-1095","post","type-post","status-publish","format-standard","has-post-thumbnail","hentry","category-en-train"],"_links":{"self":[{"href":"https:\/\/usagers-transports.haut-allier.eu\/index.php\/wp-json\/wp\/v2\/posts\/1095","targetHints":{"allow":["GET"]}}],"collection":[{"href":"https:\/\/usagers-transports.haut-allier.eu\/index.php\/wp-json\/wp\/v2\/posts"}],"about":[{"href":"https:\/\/usagers-transports.haut-allier.eu\/index.php\/wp-json\/wp\/v2\/types\/post"}],"author":[{"embeddable":true,"href":"https:\/\/usagers-transports.haut-allier.eu\/index.php\/wp-json\/wp\/v2\/users\/1"}],"replies":[{"embeddable":true,"href":"https:\/\/usagers-transports.haut-allier.eu\/index.php\/wp-json\/wp\/v2\/comments?post=1095"}],"version-history":[{"count":0,"href":"https:\/\/usagers-transports.haut-allier.eu\/index.php\/wp-json\/wp\/v2\/posts\/1095\/revisions"}],"wp:featuredmedia":[{"embeddable":true,"href":"https:\/\/usagers-transports.haut-allier.eu\/index.php\/wp-json\/wp\/v2\/media\/5052"}],"wp:attachment":[{"href":"https:\/\/usagers-transports.haut-allier.eu\/index.php\/wp-json\/wp\/v2\/media?parent=1095"}],"wp:term":[{"taxonomy":"category","embeddable":true,"href":"https:\/\/usagers-transports.haut-allier.eu\/index.php\/wp-json\/wp\/v2\/categories?post=1095"},{"taxonomy":"post_tag","embeddable":true,"href":"https:\/\/usagers-transports.haut-allier.eu\/index.php\/wp-json\/wp\/v2\/tags?post=1095"}],"curies":[{"name":"wp","href":"https:\/\/api.w.org\/{rel}","templated":true}]}}