{"id":1096,"date":"2024-04-20T07:35:23","date_gmt":"2024-04-20T05:35:23","guid":{"rendered":"http:\/\/5.45.101.177\/haut-allier\/usagers-transportse\/index.php\/2024\/04\/20\/trains-de-nuit-la-sncf-freine-des1096\/"},"modified":"2024-04-20T07:35:23","modified_gmt":"2024-04-20T05:35:23","slug":"trains-de-nuit-la-sncf-freine-des1096","status":"publish","type":"post","link":"https:\/\/usagers-transports.haut-allier.eu\/index.php\/2024\/04\/20\/trains-de-nuit-la-sncf-freine-des1096\/","title":{"rendered":"Trains de nuit : la SNCF freine des 4 fers"},"content":{"rendered":"<p>On vient de le remarquer dans la r\u00e9ponse qu&rsquo;a fait le ministre \u00e0 notre demande de retour du train nocturne Marseille N\u00eemes Clermont Paris, il n&rsquo;y a aucune volont\u00e9 ni au gouvernement ni \u00e0 la SNCF de d\u00e9velopper le train de nuit et nous pourrons ajouter le train du quotidien, mais aujourd&rsquo;hui la preuve est sous nos yeux : SNCF Voyageurs vient de licencier le groupe de 5 personnes qui s&rsquo;occupaient du train de nuit !<\/p>\n<p>C&rsquo;est ce que nous a appris hier <a href=\"https:\/\/www.mobilettre.com\/\"><em>Mobilettre<\/em><\/a> une publication r\u00e9serv\u00e9e aux professionnels de la mobilit\u00e9. Voici le passage :<\/p>\n<blockquote class=\"poesie\"><p>\n<em><br \/>\n<strong>SNCF Voyageurs: l\u2019\u00e9quipe de nuit dissoute !<\/strong><\/p>\n<p>On ne sait pas si les trains continuent de susciter des nuits dissolues, dans la lign\u00e9e des l\u00e9gendes ferroviaires, en tout cas SNCF Voyageurs vient d\u2019inventer l\u2019\u00e9quipe de nuit\u2026 dissoute! Selon nos informations, une petite \u00e9quipe de trois personnes cr\u00e9\u00e9e il y a environ trois ans pour booster l\u2019activit\u00e9, au sein de SNCF Voyageurs, ne se r\u00e9unit plus chaque trimestre avec les pontes de SNCF R\u00e9seau, et pour cause: elle n\u2019existe plus\u2026<\/p>\n<p>C\u2019est d\u2019autant plus surprenant que les chiffres sont flatteurs : 350000 voyageurs en 2019, avant la crise Covid, 770000 en 2023, soit +120%! Les taux d\u2019occupation moyens atteignent d\u00e9sormais 70%. L\u2019activit\u00e9 est port\u00e9e par le Paris-Nice et le Paris-Toulouse, qui selon nos propres observations battent tous les records depuis quelques mois. Trains de jour satur\u00e9s et\/ou trop chers + envie de train = un nouvel espace pour le train de nuit !<\/p>\n<p>Mais revenons \u00e0 la disparition de cette \u00e9quipe d\u00e9di\u00e9e \u00e0 la nuit. Elle ne se contentait pas d\u2019imaginer et de concevoir le d\u00e9veloppement de l\u2019activit\u00e9 et les futurs \u00abproduits\u00bb, elle s\u2019attachait aussi bien avec SNCF R\u00e9seau qu\u2019avec les directions op\u00e9rationnelles de SNCF Voyageurs \u00e0 assurer la meilleure qualit\u00e9 de service possible. A savoir la permanence des circulations malgr\u00e9 les travaux (en imaginant des itin\u00e9raires alternatifs), mais aussi l\u2019am\u00e9lioration continue de la fameuse exp\u00e9rience voyage.<\/p>\n<p>Loin des radars des statistiques de la ponctualit\u00e9, la suppression (parfois tr\u00e8s tardive) des trains de nuit\u2026 nuit, c\u2019est le cas de le dire, \u00e0 leur r\u00e9putation. Ainsi le Paris-Berlin, dont le retour a \u00e9t\u00e9 inaugur\u00e9 en grandes pompes l\u2019ann\u00e9e derni\u00e8re : il est devenu \u00e0 peu pr\u00e8s aussi rare qu\u2019un cadre de Renaissance confiant avant les \u00e9lections europ\u00e9ennes du 9 juin. La p\u00e9rennit\u00e9 des trains de nuit, pourtant, ne peut rimer avec irr\u00e9gularit\u00e9, leur lente \u00e9rosion depuis les ann\u00e9es 2000 en t\u00e9moigne.<\/p>\n<p>SNCF Voyageurs voyait d\u2019un tr\u00e8s mauvais \u0153il le retour des trains de nuit, au sortir de la crise Covid : leur mod\u00e8le \u00e9conomique \u00e9tait jug\u00e9 impossible, en tout cas leurs marges sont ridicules par rapport aux TGV. Pourtant les injonctions gouvernementales l\u2019ont oblig\u00e9e \u00e0 s\u2019y recoller, notamment via cette petite \u00e9quipe d\u00e9di\u00e9e. La disparition de cette derni\u00e8re, aujourd\u2019hui, est d\u2019autant plus surprenante, et paradoxale eu \u00e9gard l\u2019engouement du public.<\/p>\n<p>On en est r\u00e9duit aux conjectures : fait-elle les frais d\u2019une priorit\u00e9 absolue aux Intercit\u00e9s de jour, apr\u00e8s la crise de mi-janvier sur le Paris-Clermont ? Prenait-elle trop d\u2019\u00e9nergie aux directions op\u00e9rationnelles ? Est-ce une \u00abanecdote\u00bb de gouvernance interne \u00e0 SNCF Voyageurs dont on peinera \u00e0 comprendre les ressorts ?<br \/>\n<\/em><\/p>\n<\/blockquote>\n<p>Chacun en conclura ce qu&rsquo;il voudra mais les dysfonctionnements r\u00e9p\u00e9titifs de ces lignes propres \u00e0 d\u00e9courager les voyageurs ne sont pas pr\u00eats de se terminer.<\/p>\n","protected":false},"excerpt":{"rendered":"<p>On vient de le remarquer dans la r\u00e9ponse qu&rsquo;a fait le ministre \u00e0 notre demande de retour du<\/p>\n","protected":false},"author":1,"featured_media":5055,"comment_status":"closed","ping_status":"open","sticky":false,"template":"","format":"standard","meta":{"footnotes":""},"categories":[3],"tags":[],"class_list":["post-1096","post","type-post","status-publish","format-standard","has-post-thumbnail","hentry","category-en-train"],"_links":{"self":[{"href":"https:\/\/usagers-transports.haut-allier.eu\/index.php\/wp-json\/wp\/v2\/posts\/1096","targetHints":{"allow":["GET"]}}],"collection":[{"href":"https:\/\/usagers-transports.haut-allier.eu\/index.php\/wp-json\/wp\/v2\/posts"}],"about":[{"href":"https:\/\/usagers-transports.haut-allier.eu\/index.php\/wp-json\/wp\/v2\/types\/post"}],"author":[{"embeddable":true,"href":"https:\/\/usagers-transports.haut-allier.eu\/index.php\/wp-json\/wp\/v2\/users\/1"}],"replies":[{"embeddable":true,"href":"https:\/\/usagers-transports.haut-allier.eu\/index.php\/wp-json\/wp\/v2\/comments?post=1096"}],"version-history":[{"count":0,"href":"https:\/\/usagers-transports.haut-allier.eu\/index.php\/wp-json\/wp\/v2\/posts\/1096\/revisions"}],"wp:featuredmedia":[{"embeddable":true,"href":"https:\/\/usagers-transports.haut-allier.eu\/index.php\/wp-json\/wp\/v2\/media\/5055"}],"wp:attachment":[{"href":"https:\/\/usagers-transports.haut-allier.eu\/index.php\/wp-json\/wp\/v2\/media?parent=1096"}],"wp:term":[{"taxonomy":"category","embeddable":true,"href":"https:\/\/usagers-transports.haut-allier.eu\/index.php\/wp-json\/wp\/v2\/categories?post=1096"},{"taxonomy":"post_tag","embeddable":true,"href":"https:\/\/usagers-transports.haut-allier.eu\/index.php\/wp-json\/wp\/v2\/tags?post=1096"}],"curies":[{"name":"wp","href":"https:\/\/api.w.org\/{rel}","templated":true}]}}