{"id":1097,"date":"2024-04-22T09:26:56","date_gmt":"2024-04-22T07:26:56","guid":{"rendered":"http:\/\/5.45.101.177\/haut-allier\/usagers-transportse\/index.php\/2024\/04\/22\/150eme-anniversaire-de-la-ligne-le1097\/"},"modified":"2024-04-22T09:26:56","modified_gmt":"2024-04-22T07:26:56","slug":"150eme-anniversaire-de-la-ligne-le1097","status":"publish","type":"post","link":"https:\/\/usagers-transports.haut-allier.eu\/index.php\/2024\/04\/22\/150eme-anniversaire-de-la-ligne-le1097\/","title":{"rendered":"150\u00e8me anniversaire de la ligne Le Puy &#8211; Saint-Georges-d&rsquo;Aurac : le programme"},"content":{"rendered":"<p><strong>1) Exposition organis\u00e9e par l&rsquo;EPISERM en partenariat avec la mairie de Vernassal<br \/>\n<\/strong><\/p>\n<p>\u00ab\u00a0150\u00e8me anniversaire de la voie ferr\u00e9e Le Puy &#8211; Saint-Georges-d&rsquo;Aurac\u00a0\u00bb<\/p>\n<p><em>Lignes Le Puy \u2013 Saint-Georges-d&rsquo;Aurac et Le Puy &#8211; Darsac &#8211; Vichy<br \/>\n<\/em><\/p>\n<p>Plusieurs centaines de photos et documents sur les lignes Le Puy \u2013 Saint-Georges-d&rsquo;Aurac et Le Puy \u2013 Darsac \u2013 Sembadel &#8211; La Chaise-Dieu &#8211; Ambert &#8211; Vichy, avec appendices sur Craponne &#8211; Sembadel et Clermont -Thiers.<\/p>\n<p><strong>Dates : du samedi 27 juillet au mardi 6 ao\u00fbt 2024.<br \/>\n<\/strong><\/p>\n<p>Horaire : tous les jours de 15 heures \u00e0 18 heures.<\/p>\n<p>Entr\u00e9e gratuite.<\/p>\n<p><em>L&rsquo;\u00e9quipe de la gare de Saint-Georges-d&rsquo;Aurac-Gare, ann\u00e9es 1950-1960, Coll. G\u00e9rard Belin (\u00e0 identifier si quelqu&rsquo;un reconnait les employ\u00e9s) <\/em><br \/>\n<img loading=\"lazy\" decoding=\"async\" class=\" aligncenter size-full wp-image-5057\" src=\"http:\/\/5.45.101.177\/haut-allier\/usagers-transportse\/wp-content\/uploads\/2024\/04\/episerm_1_-_l_equipe_de_la_gare_de_saint-georges_d_aurac_gare_annees_1950-1960_coll._gerard_belin_sga_annees_1950-60_.jpg\" alt=\"episerm_1_-_l_equipe_de_la_gare_de_saint-georges_d_aurac_gare_annees_1950-1960_coll._gerard_belin_sga_annees_1950-60_.jpg\" align=\"center\" width=\"451\" height=\"429\" srcset=\"https:\/\/usagers-transports.haut-allier.eu\/wp-content\/uploads\/2024\/04\/episerm_1_-_l_equipe_de_la_gare_de_saint-georges_d_aurac_gare_annees_1950-1960_coll._gerard_belin_sga_annees_1950-60_.jpg 451w, https:\/\/usagers-transports.haut-allier.eu\/wp-content\/uploads\/2024\/04\/episerm_1_-_l_equipe_de_la_gare_de_saint-georges_d_aurac_gare_annees_1950-1960_coll._gerard_belin_sga_annees_1950-60_-300x285.jpg 300w\" sizes=\"auto, (max-width: 451px) 100vw, 451px\" \/><\/p>\n<p><strong>2)  R\u00e9\u00e9dition du livre: \u00ab\u00a0L&rsquo;Histoire sur rails:  ligne Le Puy &#8211; Saint-Georges-d&rsquo;Aurac\u00a0\u00bb, Germain Bonnet-Winckler, 272 pages couleur 21 x 29,7, EPISERM 2021<br \/>\n<\/strong><\/p>\n<p><img loading=\"lazy\" decoding=\"async\" class=\" aligncenter size-full wp-image-5058\" src=\"http:\/\/5.45.101.177\/haut-allier\/usagers-transportse\/wp-content\/uploads\/2024\/04\/episerm_couverture_du_livre_voie_ferree_2021-scaled.jpg\" alt=\"episerm_couverture_du_livre_voie_ferree_2021.jpg\" align=\"center\" width=\"1847\" height=\"2560\" srcset=\"https:\/\/usagers-transports.haut-allier.eu\/wp-content\/uploads\/2024\/04\/episerm_couverture_du_livre_voie_ferree_2021-scaled.jpg 1847w, https:\/\/usagers-transports.haut-allier.eu\/wp-content\/uploads\/2024\/04\/episerm_couverture_du_livre_voie_ferree_2021-216x300.jpg 216w, https:\/\/usagers-transports.haut-allier.eu\/wp-content\/uploads\/2024\/04\/episerm_couverture_du_livre_voie_ferree_2021-739x1024.jpg 739w, https:\/\/usagers-transports.haut-allier.eu\/wp-content\/uploads\/2024\/04\/episerm_couverture_du_livre_voie_ferree_2021-768x1064.jpg 768w, https:\/\/usagers-transports.haut-allier.eu\/wp-content\/uploads\/2024\/04\/episerm_couverture_du_livre_voie_ferree_2021-1108x1536.jpg 1108w, https:\/\/usagers-transports.haut-allier.eu\/wp-content\/uploads\/2024\/04\/episerm_couverture_du_livre_voie_ferree_2021-1478x2048.jpg 1478w\" sizes=\"auto, (max-width: 1847px) 100vw, 1847px\" \/><\/p>\n<p><strong>3)  Edition du livre: \u00ab\u00a0L&rsquo;Histoire sur rails: ligne Le Puy -Darsac &#8211; Ambert &#8211; Vichy\u00a0\u00bb, Germain Bonnet-Winckler et Pierre Simonet,<br \/>\n<\/strong><\/p>\n<p>352 pages couleur 21 x 29,7, EPISERM<\/p>\n<p>D&rsquo;autres initiatives pourront se greffer \u00e0 ces manifestations.<\/p>\n<p><em>Lucien Giraud, m\u00e9canicien de route en 1937, sur sa machine avec son fils au d\u00e9p\u00f4t de Langeac (Coll. Jean-Claude Giraud)<\/em><br \/>\n<img loading=\"lazy\" decoding=\"async\" class=\" aligncenter size-full wp-image-5059\" src=\"http:\/\/5.45.101.177\/haut-allier\/usagers-transportse\/wp-content\/uploads\/2024\/04\/episerm_3_-_lucien_giraud_mecanicien_de_route_en_1937_sur_sa_machine_avec_son_fils_au_depot_de_langeac_coll._jean-claude_giraud.jpg\" alt=\"episerm_3_-_lucien_giraud_mecanicien_de_route_en_1937_sur_sa_machine_avec_son_fils_au_depot_de_langeac_coll._jean-claude_giraud.jpg\" align=\"center\" width=\"606\" height=\"913\" srcset=\"https:\/\/usagers-transports.haut-allier.eu\/wp-content\/uploads\/2024\/04\/episerm_3_-_lucien_giraud_mecanicien_de_route_en_1937_sur_sa_machine_avec_son_fils_au_depot_de_langeac_coll._jean-claude_giraud.jpg 606w, https:\/\/usagers-transports.haut-allier.eu\/wp-content\/uploads\/2024\/04\/episerm_3_-_lucien_giraud_mecanicien_de_route_en_1937_sur_sa_machine_avec_son_fils_au_depot_de_langeac_coll._jean-claude_giraud-199x300.jpg 199w\" sizes=\"auto, (max-width: 606px) 100vw, 606px\" \/><\/p>\n<p>Appel : nous restons en recherche de photos et documents sur ces deux lignes pour illustrer l&rsquo;exposition et\/ou le livre et notamment  de t\u00e9moignages et d&rsquo;archives familiales sur les cheminots et les voyageurs, la vie des gares, etc&#8230;<br \/>\n> mail :episerm@orange.fr<br \/>\n> tel : 06.15.65.93.09<\/p>\n<p><em>[Logo : Darsac (Coll Pierre Simonet) ]<\/em><\/p>\n","protected":false},"excerpt":{"rendered":"<p>1) Exposition organis\u00e9e par l&rsquo;EPISERM en partenariat avec la mairie de Vernassal \u00ab\u00a0150\u00e8me anniversaire de la voie ferr\u00e9e<\/p>\n","protected":false},"author":1,"featured_media":5056,"comment_status":"closed","ping_status":"open","sticky":false,"template":"","format":"standard","meta":{"footnotes":""},"categories":[3],"tags":[],"class_list":["post-1097","post","type-post","status-publish","format-standard","has-post-thumbnail","hentry","category-en-train"],"_links":{"self":[{"href":"https:\/\/usagers-transports.haut-allier.eu\/index.php\/wp-json\/wp\/v2\/posts\/1097","targetHints":{"allow":["GET"]}}],"collection":[{"href":"https:\/\/usagers-transports.haut-allier.eu\/index.php\/wp-json\/wp\/v2\/posts"}],"about":[{"href":"https:\/\/usagers-transports.haut-allier.eu\/index.php\/wp-json\/wp\/v2\/types\/post"}],"author":[{"embeddable":true,"href":"https:\/\/usagers-transports.haut-allier.eu\/index.php\/wp-json\/wp\/v2\/users\/1"}],"replies":[{"embeddable":true,"href":"https:\/\/usagers-transports.haut-allier.eu\/index.php\/wp-json\/wp\/v2\/comments?post=1097"}],"version-history":[{"count":0,"href":"https:\/\/usagers-transports.haut-allier.eu\/index.php\/wp-json\/wp\/v2\/posts\/1097\/revisions"}],"wp:featuredmedia":[{"embeddable":true,"href":"https:\/\/usagers-transports.haut-allier.eu\/index.php\/wp-json\/wp\/v2\/media\/5056"}],"wp:attachment":[{"href":"https:\/\/usagers-transports.haut-allier.eu\/index.php\/wp-json\/wp\/v2\/media?parent=1097"}],"wp:term":[{"taxonomy":"category","embeddable":true,"href":"https:\/\/usagers-transports.haut-allier.eu\/index.php\/wp-json\/wp\/v2\/categories?post=1097"},{"taxonomy":"post_tag","embeddable":true,"href":"https:\/\/usagers-transports.haut-allier.eu\/index.php\/wp-json\/wp\/v2\/tags?post=1097"}],"curies":[{"name":"wp","href":"https:\/\/api.w.org\/{rel}","templated":true}]}}