{"id":1098,"date":"2024-05-03T13:21:24","date_gmt":"2024-05-03T11:21:24","guid":{"rendered":"http:\/\/5.45.101.177\/haut-allier\/usagers-transportse\/index.php\/2024\/05\/03\/cop-aura-reunion-technique-2-a1098\/"},"modified":"2024-05-03T13:21:24","modified_gmt":"2024-05-03T11:21:24","slug":"cop-aura-reunion-technique-2-a1098","status":"publish","type":"post","link":"https:\/\/usagers-transports.haut-allier.eu\/index.php\/2024\/05\/03\/cop-aura-reunion-technique-2-a1098\/","title":{"rendered":"R\u00e9union technique COP AuRA \u00e0 Lyon : efficace ?"},"content":{"rendered":"<p>Nous avons particip\u00e9 \u00e0 cet \u00e9pisode dans les locaux de la DREAL apr\u00e8s le \u00ab\u00a0show\u00a0\u00bb en visio qui nous a \u00e9t\u00e9 donn\u00e9 le 27 mars. Nous \u00e9tions trois au nom du collectif AuRAil, Jean-Bernard Lemoine de AlpRail, Delphine Cabelguenne du Train634269 et Marc Gouttebroze des Usagers des transports du Haut Allier.<\/p>\n<p>Rapidement la t\u00e2che \u00e0 r\u00e9aliser fut indiqu\u00e9e et plusieurs groupes de travail form\u00e9s pour r\u00e9diger 5 \u00e0 6 \u00ab\u00a0d\u00e9fis\u00a0\u00bb compos\u00e9s de plusieurs \u00ab\u00a0actions\u00a0\u00bb pr\u00e9par\u00e9es lors de la 1\u00e8re r\u00e9union de d\u00e9cembre 2023. <\/p>\n<p><img loading=\"lazy\" decoding=\"async\" class=\" aligncenter size-full wp-image-5061\" src=\"http:\/\/5.45.101.177\/haut-allier\/usagers-transportse\/wp-content\/uploads\/2024\/05\/img_20240502_141425a-scaled.jpg\" alt=\"img_20240502_141425a.jpg\" align=\"center\" width=\"2560\" height=\"1438\" srcset=\"https:\/\/usagers-transports.haut-allier.eu\/wp-content\/uploads\/2024\/05\/img_20240502_141425a-scaled.jpg 2560w, https:\/\/usagers-transports.haut-allier.eu\/wp-content\/uploads\/2024\/05\/img_20240502_141425a-300x168.jpg 300w, https:\/\/usagers-transports.haut-allier.eu\/wp-content\/uploads\/2024\/05\/img_20240502_141425a-1024x575.jpg 1024w, https:\/\/usagers-transports.haut-allier.eu\/wp-content\/uploads\/2024\/05\/img_20240502_141425a-768x431.jpg 768w, https:\/\/usagers-transports.haut-allier.eu\/wp-content\/uploads\/2024\/05\/img_20240502_141425a-1536x863.jpg 1536w, https:\/\/usagers-transports.haut-allier.eu\/wp-content\/uploads\/2024\/05\/img_20240502_141425a-2048x1150.jpg 2048w\" sizes=\"auto, (max-width: 2560px) 100vw, 2560px\" \/><\/p>\n<p>Le premier \u00ab\u00a0d\u00e9fi\u00a0\u00bb \u00e9tait : r\u00e9duire les d\u00e9placements (agir pour). Dans ce groupe de 4 personnes s&rsquo;est inscrite Delphine. Il a mis en avant des actions int\u00e9ressantes (\u00e9couter le compte-rendu audio en fin d&rsquo;enregistrement).<\/p>\n<p>Le deuxi\u00e8me \u00ab\u00a0d\u00e9fi\u00a0\u00bb avait pour th\u00e8me le ferroviaire. Marc et Jean-Bernard s&rsquo;y sont coll\u00e9s. Il y avait d&rsquo;autres groupes qui concernaient moins le train par exemple un sur la fameuse d\u00e9carbonation des transports en commun.<\/p>\n<p>Le groupe sur le ferroviaire \u00e9tait form\u00e9 de 6 personnes dont l&rsquo;animatrice, une personne de la R\u00e9gion Auvergne Rh\u00f4ne Alpes et une autre tr\u00e8s pr\u00e9sente de SNCF R\u00e9seau.<\/p>\n<p>Notre tableau de travail comportait des \u00ab\u00a0actions\u00a0\u00bb qui avaient \u00e9t\u00e9 choisies ant\u00e9rieurement et parmi elles des solutions farfelues : d\u00e9velopper les bus BHNS (alors que c&rsquo;est acquis et que la r\u00e9gion ne jure que par \u00e7a),  d\u00e9velopper les SERM (alors que c&rsquo;est partout d\u00e9j\u00e0 engag\u00e9), d\u00e9velopper le covoiturage, d\u00e9velopper les solutions Maas, assister les collectivit\u00e9s dans la mise en oeuvre du covoiturage et du v\u00e9lo, former \u00e0 la pratique du v\u00e9lo et \u00e0 la marche&#8230; autant de voies qui soit sont d\u00e9j\u00e0 en cours, soit ne co\u00fbtent que tr\u00e8s peu \u00e0 la r\u00e9gion ou sont n\u00e9gligeables. Voir ci dessous : <\/p>\n<p><img loading=\"lazy\" decoding=\"async\" class=\" aligncenter size-full wp-image-5062\" src=\"http:\/\/5.45.101.177\/haut-allier\/usagers-transportse\/wp-content\/uploads\/2024\/05\/img_20240502_151523ar-scaled.jpg\" alt=\"img_20240502_151523ar.jpg\" align=\"center\" width=\"2560\" height=\"2084\" srcset=\"https:\/\/usagers-transports.haut-allier.eu\/wp-content\/uploads\/2024\/05\/img_20240502_151523ar-scaled.jpg 2560w, https:\/\/usagers-transports.haut-allier.eu\/wp-content\/uploads\/2024\/05\/img_20240502_151523ar-300x244.jpg 300w, https:\/\/usagers-transports.haut-allier.eu\/wp-content\/uploads\/2024\/05\/img_20240502_151523ar-1024x834.jpg 1024w, https:\/\/usagers-transports.haut-allier.eu\/wp-content\/uploads\/2024\/05\/img_20240502_151523ar-768x625.jpg 768w, https:\/\/usagers-transports.haut-allier.eu\/wp-content\/uploads\/2024\/05\/img_20240502_151523ar-1536x1251.jpg 1536w, https:\/\/usagers-transports.haut-allier.eu\/wp-content\/uploads\/2024\/05\/img_20240502_151523ar-2048x1667.jpg 2048w\" sizes=\"auto, (max-width: 2560px) 100vw, 2560px\" \/><\/p>\n<p>T\u00f4t les deux personnes cit\u00e9es plus haut d\u00e9cid\u00e8rent de limiter notre champ de r\u00e9flexion avec des propos tels que \u00ab\u00a0il faut penser l&rsquo;am\u00e9lioration dans le cadre de la politique de la r\u00e9gion\u00a0\u00bb \u00ab\u00a0non les bus \u00e0 haut niveau de service peuvent \u00eatre la bonne solution\u00a0\u00bb&#8230; Ce qui nous a rapidement fait protester. <\/p>\n<p>Et il a \u00e9t\u00e9 tr\u00e8s difficile de par exemple :<br \/>\n&#8211; chaque fois que nous parlions de ferroviaire faire remplacer le terme \u00ab\u00a0maintenir\u00a0\u00bb par \u00ab\u00a0d\u00e9velopper\u00a0\u00bb, alors que dans tous les domaines on sait que l&rsquo;offre et l&rsquo;\u00e9tat des infrastructures sont insuffisantes.<br \/>\n&#8211; faire accepter qu&rsquo;il fallait interdire la mise en concurrence des modes de transports sur un m\u00eame trajet, et plut\u00f4t favoriser la compl\u00e9mentarit\u00e9.<\/p>\n<p>Les mots d&rsquo;ordre avaient bien \u00e9t\u00e9 assimil\u00e9s par les repr\u00e9sentants de ces deux organismes : il n&rsquo;est pas question que la COP mette en cause les -mauvaises- poltiques de la R\u00e9gion et de SNCF R\u00e9seau concernant le train.<\/p>\n<p>Ainsi vous pouvez \u00e9couter l&rsquo;extr\u00eamement mi\u00e8vre compte-rendu du travail de notre groupe par la repr\u00e9sentante de la r\u00e9gion (les deux derni\u00e8res interventions).<\/p>\n<p><a href=\"http:\/\/5.45.101.177\/haut-allier\/usagers-transportse\/wp-content\/uploads\/2024\/05\/2024-05-02_2014.08.50-m.mp3\">2024-05-02_2014.08.50-m.mp3<\/a><\/p>\n<p>Il est clair que sur la plupart des actions \u00e0 mener, v\u00e9los, autopartage et le reste la r\u00e9gion AuRa est en retard de 5 ans minimum sur le reste du pays. 5 ans de wauquisme en quelque sorte.<\/p>\n<p>Dans ce cadre nous confirmons notre premi\u00e8re impression : ces travaux sur la COP r\u00e9gionale AuRA sont destin\u00e9s \u00e0 faire perdre du temps aux activistes et il n&rsquo;en sortira aucune d\u00e9cision majeure pour l&rsquo;am\u00e9lioration de l&rsquo;impact environnemental du transport.<\/p>\n","protected":false},"excerpt":{"rendered":"<p>Nous avons particip\u00e9 \u00e0 cet \u00e9pisode dans les locaux de la DREAL apr\u00e8s le \u00ab\u00a0show\u00a0\u00bb en visio qui<\/p>\n","protected":false},"author":1,"featured_media":5060,"comment_status":"closed","ping_status":"open","sticky":false,"template":"","format":"standard","meta":{"footnotes":""},"categories":[3],"tags":[],"class_list":["post-1098","post","type-post","status-publish","format-standard","has-post-thumbnail","hentry","category-en-train"],"_links":{"self":[{"href":"https:\/\/usagers-transports.haut-allier.eu\/index.php\/wp-json\/wp\/v2\/posts\/1098","targetHints":{"allow":["GET"]}}],"collection":[{"href":"https:\/\/usagers-transports.haut-allier.eu\/index.php\/wp-json\/wp\/v2\/posts"}],"about":[{"href":"https:\/\/usagers-transports.haut-allier.eu\/index.php\/wp-json\/wp\/v2\/types\/post"}],"author":[{"embeddable":true,"href":"https:\/\/usagers-transports.haut-allier.eu\/index.php\/wp-json\/wp\/v2\/users\/1"}],"replies":[{"embeddable":true,"href":"https:\/\/usagers-transports.haut-allier.eu\/index.php\/wp-json\/wp\/v2\/comments?post=1098"}],"version-history":[{"count":0,"href":"https:\/\/usagers-transports.haut-allier.eu\/index.php\/wp-json\/wp\/v2\/posts\/1098\/revisions"}],"wp:featuredmedia":[{"embeddable":true,"href":"https:\/\/usagers-transports.haut-allier.eu\/index.php\/wp-json\/wp\/v2\/media\/5060"}],"wp:attachment":[{"href":"https:\/\/usagers-transports.haut-allier.eu\/index.php\/wp-json\/wp\/v2\/media?parent=1098"}],"wp:term":[{"taxonomy":"category","embeddable":true,"href":"https:\/\/usagers-transports.haut-allier.eu\/index.php\/wp-json\/wp\/v2\/categories?post=1098"},{"taxonomy":"post_tag","embeddable":true,"href":"https:\/\/usagers-transports.haut-allier.eu\/index.php\/wp-json\/wp\/v2\/tags?post=1098"}],"curies":[{"name":"wp","href":"https:\/\/api.w.org\/{rel}","templated":true}]}}