{"id":11,"date":"2012-11-11T12:40:00","date_gmt":"2012-11-11T11:40:00","guid":{"rendered":"http:\/\/5.45.101.177\/haut-allier\/usagers-transportse\/index.php\/2012\/11\/11\/manifs-d-arles-et-nimes-pour-le011\/"},"modified":"2012-11-11T12:40:00","modified_gmt":"2012-11-11T11:40:00","slug":"manifs-d-arles-et-nimes-pour-le011","status":"publish","type":"post","link":"https:\/\/usagers-transports.haut-allier.eu\/index.php\/2012\/11\/11\/manifs-d-arles-et-nimes-pour-le011\/","title":{"rendered":"Manifs d&rsquo;Arles et N\u00eemes pour le maintien du C\u00e9venol jusqu&rsquo;\u00e0 Marseille"},"content":{"rendered":"<p>Vauzelle \u00e0 Arles, 300 manifestants \u00e0 N\u00eemes, un rassemblement \u00e0 Miramas : \u00e9taient organis\u00e9es hier trois manifestations pour le maintien du train C\u00e9venol jusqu&rsquo;\u00e0 Marseille puisque la SNCF veut co\u00fbte que co\u00fbte l&rsquo;amputer de sa destination premi\u00e8re et l&rsquo;arr\u00eater \u00e0 N\u00eemes d\u00e8s le 7 d\u00e9cembre prochain.<\/p>\n<p>&#8211; <strong>Pour Arles<\/strong><br \/>\nVoici le reportage de France 3 Provences Alpes o\u00f9 le pr\u00e9sident de la r\u00e9gion PACA souligne l&rsquo;importance de la desserte car les trains entre le Gard Arles et Marseille deviennent extr\u00eamement rares (NON messieurs les technocrates de la SNCF les n\u00eemois et al\u00e9siens n&rsquo;iront pas pour vos beaux yeux jusqu&rsquo;\u00e0 Avignon pour sauter dans un train de la vall\u00e9e du Rh\u00f4ne !) et le manquement de la SNCF \u00e0 respecter les contrats moraux que lui ont confi\u00e9 ses dirigeants pr\u00e9c\u00e9dents et des g\u00e9n\u00e9rations d&rsquo;acteurs qui ont travaill\u00e9 dur pour cette ligne Paris Marseille par le massif central.<\/p>\n<p><iframe loading=\"lazy\" frameborder=\"0\" width=\"640\" height=\"362\" src=\"http:\/\/api.dmcloud.net\/player\/embed\/4f3d114d94a6f66945000325\/509e8bb406361d5186025586\/124938bb96e643a58013634a4a8fb894?exported=1\"><\/iframe><\/p>\n<p>Egalement l&rsquo;interview de Sandrine Gaubiac d&rsquo;une association arl\u00e9sienne d&rsquo;usagers qui souffrent de l&rsquo;absence d&rsquo;un vrai service entre N\u00eemes et Arles par exemple :<\/p>\n<p><iframe loading=\"lazy\" frameborder=\"0\" width=\"640\" height=\"362\" src=\"http:\/\/api.dmcloud.net\/player\/embed\/4f3d114d94a6f66945000325\/509e8b8106361d51830258a5\/be46beda40bc456099b3da23d8d93db3?exported=1\"><\/iframe><\/p>\n<p>&#8211; <strong>Pour N\u00eemes<\/strong><\/p>\n<p>300 personnes devant la gare \u00e0 l&rsquo;appel de l&rsquo;association des \u00e9lus pour la d\u00e9fense du C\u00e9venol. <\/p>\n<p>Le compte-rendu de <a href=\"http:\/\/www.midilibre.fr\/2012\/11\/10\/dma-trois-cents-personnes-pour-la-defense-du-cevenol,592091.php\">Midi Libre<\/a>.<br \/>\nLe compte-rendu de l&rsquo;AFP via le <a href=\"http:\/\/www.leparisien.fr\/marseille-13000\/trois-cents-manifestants-et-elus-de-tous-bords-pour-defendre-le-train-cevenol-10-11-2012-2310727.php\">Parisien<\/a>.<\/p>\n<p>Le <strong>sujet de <a href=\"http:\/\/alleyras.capitale.dulibre.net\/alleyras-capitale-info-2012-11-11-08h04m-FranceBleuGardLozere.mp3\">France Bleu Gard Loz\u00e8re<\/a><\/strong> dans leur journal de 8 heures du 11 novembre.<\/p>\n<p>Le <strong>sujet de France Bleu Auvergne<\/strong> le 11 novembre. Intervention de JJ Faucher maire de Brioude.<\/p>\n<p><object height=\"81\" width=\"100%\"><param name=\"movie\" value=\"https:\/\/player.soundcloud.com\/player.swf?url=http%3A%2F%2Fapi.soundcloud.com%2Ftracks%2F66969170&#038;show_comments=false&#038;auto_play=false&#038;color=ff004c\"><\/param><param name=\"allowscriptaccess\" value=\"always\"><\/param><embed allowscriptaccess=\"always\" height=\"81\" src=\"https:\/\/player.soundcloud.com\/player.swf?url=http%3A%2F%2Fapi.soundcloud.com%2Ftracks%2F66969170&#038;show_comments=false&#038;auto_play=false&#038;color=ff004c\" type=\"application\/x-shockwave-flash\" width=\"100%\"><\/embed><\/object> <\/p>\n<p>Le sujet de <strong>TV Sud N\u00eemes et Montpellier<\/strong> du lundi 12 novembre dont voici la retranscription :<\/p>\n<p>[(<br \/>\nIls ne veulent pas que leur liaison ferroviaire disparaisse. Samedi apr\u00e8s-midi en gare de N\u00eemes, ils \u00e9taient 300 \u00e0 manifester contre la suppression de la ligne N\u00eemes-Marseille assur\u00e9 par le C\u00e9venol. Usagers mais aussi \u00e9lus et cheminots, ils craignent que cette liaison historique, actuellement interrompue pour maintenance, ne soit d\u00e9finitivement supprim\u00e9e. Explications.<\/p>\n<p>Usagers, cheminots et \u00e9lus, ils \u00e9taient samedi 300 \u00e0 manifester contre la suppression de la liaison N\u00eemes-Marseille du C\u00e9venol. Cr\u00e9\u00e9e en 1955, ce train reliait Marseille \u00e0 Paris via le massif Central. En 2007, il s\u2019est arr\u00eat\u00e9 \u00e0 Clermont Ferrand et aujourd&rsquo;hui les usagers craignent de le voir devenir un train r\u00e9gional.<\/p>\n<p><em>Denis Fesquet, vice-pr\u00e9sident des usagers :<\/em><br \/>\n<strong>\u00ab\u00a0C&rsquo;est-\u00e0-dire qu\u2019aujourd&rsquo;hui le fait de raccourcir le service \u00e9videment dessert de moins en moins les territoires. Et on a surtout de grosses inqui\u00e9tudes parce qu\u2019on se rend compte que dans la partie nord actuelle de ce trajet-l\u00e0 aussi, au-del\u00e0 d\u2019Al\u00e8s, entre Al\u00e8s et Clermont Ferrand, il y a d\u2019\u00e9normes difficult\u00e9s avec des arr\u00eats sans cesse du service pour des raisons de maintenance etc. Bon, on craint qu\u2019\u00e0 terme finalement le terminus finisse par \u00eatre peut-\u00eatre \u00e0 Al\u00e8s. Et surtout on craint que le C\u00e9venol ne soit d\u00e9class\u00e9 d\u2019un train national qu\u2019il est aujourd&rsquo;hui en train express r\u00e9gional par la suite.\u00a0\u00bb<\/strong><\/p>\n<p>Un train pourtant class\u00e9 par convention entre Etat et SNCF depuis d\u00e9cembre 2010, train d\u2019Equilibre du territoire. Une convention cens\u00e9e garantir l\u2019avenir de 40 liaisons en France.<\/p>\n<p><em>Jean-Jacques Faucher, pr\u00e9sident de l\u2019association des \u00e9lus pour le d\u00e9fense du C\u00e9venol :<\/em><br \/>\n<strong>\u00ab\u00a0Pour toute la r\u00e9gion des C\u00e9vennes, pour le sud de la Haute Loire, pour la Loz\u00e8re, pour le nord du Gard, c\u2019est la seule voie infrastructure moderne qui permet de d\u00e9senclaver ces territoires. Donc c\u2019est un v\u00e9ritable sujet, au-del\u00e0 du transport, un v\u00e9ritable sujet d\u2019am\u00e9nagement du territoire.\u00a0\u00bb<\/strong><\/p>\n<p>Une d\u00e9l\u00e9gation a \u00e9t\u00e9 re\u00e7ue par le pr\u00e9fet du Gard auquel elle a remis une motion adress\u00e9e \u00e0 Fr\u00e9d\u00e9ric Cuvillier, ministre d\u00e9l\u00e9gu\u00e9 en charge des transports.<\/p>\n<p>)]<\/p>\n<p>La vid\u00e9o du journal, le sujet est \u00e0 7&rsquo;42\u00a0\u00bb :<\/p>\n<p><iframe loading=\"lazy\" frameborder=\"0\" width=\"480\" height=\"270\" src=\"http:\/\/www.dailymotion.com\/embed\/video\/xv1kw4\"><\/iframe><\/p>\n<p>Le sujet de <strong>France 3 Sud Pays Gardois<\/strong> du 12 novembre :<\/p>\n<p><a href=\"http:\/\/alleyras.capitale.dulibre.net\/alleyras-capitale-info-12nov2012-f3-pays-gardois-manif-train-cevenol.avi\"><img decoding=\"async\" src=\"IMG\/jpg\/usagers-transports-haut-allier-04092015-communique-de-presse.jpg\" alt=\"usagers-transports-haut-allier-04092015-communique-de-presse.jpg\" align=\"left\" \/><\/a><\/p>\n<p>&#8211; <strong>Pour N\u00eemes, Arles et Miramas<\/strong><\/p>\n<p>Le bon article de la <a href=\"http:\/\/www.laprovence.com\/article\/actualites\/gros-rassemblement-pour-le-maintien-du-cevenol\">Provence<\/a> du 11 novembre : Gros rassemblement pour le maintien du C\u00e9venol.<\/p>\n<p><strong>Malgr\u00e9 une couverture m\u00e9diatique timide \u00e0 N\u00eemes notamment, car pas de sujet F3 Languedoc Roussilon (mais un sujet en local sur F3 Pays Gardois le lundi) ni Auvergne, esp\u00e9rons que cette mobilisation pour la premi\u00e8re fois des trois r\u00e9gions obligera P\u00e9py et le ministre des transports de revoir rapidement leur copie.<\/strong><\/p>\n","protected":false},"excerpt":{"rendered":"<p>Vauzelle \u00e0 Arles, 300 manifestants \u00e0 N\u00eemes, un rassemblement \u00e0 Miramas : \u00e9taient organis\u00e9es hier trois manifestations pour<\/p>\n","protected":false},"author":1,"featured_media":0,"comment_status":"closed","ping_status":"open","sticky":false,"template":"","format":"standard","meta":{"footnotes":""},"categories":[2],"tags":[],"class_list":["post-11","post","type-post","status-publish","format-standard","hentry","category-infos"],"_links":{"self":[{"href":"https:\/\/usagers-transports.haut-allier.eu\/index.php\/wp-json\/wp\/v2\/posts\/11","targetHints":{"allow":["GET"]}}],"collection":[{"href":"https:\/\/usagers-transports.haut-allier.eu\/index.php\/wp-json\/wp\/v2\/posts"}],"about":[{"href":"https:\/\/usagers-transports.haut-allier.eu\/index.php\/wp-json\/wp\/v2\/types\/post"}],"author":[{"embeddable":true,"href":"https:\/\/usagers-transports.haut-allier.eu\/index.php\/wp-json\/wp\/v2\/users\/1"}],"replies":[{"embeddable":true,"href":"https:\/\/usagers-transports.haut-allier.eu\/index.php\/wp-json\/wp\/v2\/comments?post=11"}],"version-history":[{"count":0,"href":"https:\/\/usagers-transports.haut-allier.eu\/index.php\/wp-json\/wp\/v2\/posts\/11\/revisions"}],"wp:attachment":[{"href":"https:\/\/usagers-transports.haut-allier.eu\/index.php\/wp-json\/wp\/v2\/media?parent=11"}],"wp:term":[{"taxonomy":"category","embeddable":true,"href":"https:\/\/usagers-transports.haut-allier.eu\/index.php\/wp-json\/wp\/v2\/categories?post=11"},{"taxonomy":"post_tag","embeddable":true,"href":"https:\/\/usagers-transports.haut-allier.eu\/index.php\/wp-json\/wp\/v2\/tags?post=11"}],"curies":[{"name":"wp","href":"https:\/\/api.w.org\/{rel}","templated":true}]}}