{"id":1100,"date":"2024-05-17T12:31:41","date_gmt":"2024-05-17T10:31:41","guid":{"rendered":"http:\/\/5.45.101.177\/haut-allier\/usagers-transportse\/index.php\/2024\/05\/17\/urgence-climatique-les-transports1100\/"},"modified":"2024-05-17T12:31:41","modified_gmt":"2024-05-17T10:31:41","slug":"urgence-climatique-les-transports1100","status":"publish","type":"post","link":"https:\/\/usagers-transports.haut-allier.eu\/index.php\/2024\/05\/17\/urgence-climatique-les-transports1100\/","title":{"rendered":"Urgence climatique : les transports ignor\u00e9s de certaines \u00ab\u00a0COP\u00a0\u00bb d\u00e9partementales"},"content":{"rendered":"<p>La France serait, nous dit-on, dans les premiers pays \u00e0 d\u00e9cliner au niveau des r\u00e9gions la COP (la conf\u00e9rence des parties) internationale, afin de se doter d&rsquo;une strat\u00e9gie de planification \u00e9cologique et du changement climatique. <\/p>\n<p>Ainsi le ministre de la transition \u00e9cologique et de la coh\u00e9sion des territoires, Christophe B\u00e9chu, les a lanc\u00e9 en 2023 dans les r\u00e9gions, et les pr\u00e9fets sont invit\u00e9s \u00e0 les d\u00e9cliner chacun dans les d\u00e9partements. Un <a href=\"https:\/\/territoires-en-transition.ecologie.gouv.fr\/upload\/communecter\/organizations\/5ca1b2bb40bb4e9352ba351b\/file\/62a6eccbc1cd104b3b4e5ba1\/65081b3e9f75390df21e7348\/RIM-TerritorialisationGuide--Annexe-1.pdf\"><em>opuscule officiel<\/em><\/a> a m\u00eame \u00e9t\u00e9 \u00e9dit\u00e9 par son minist\u00e8re pour leur mise en place.<\/p>\n<p>Nous avons \u00e9t\u00e9 invit\u00e9s au sein du <a href=\"https:\/\/aurail.canalblog.com\/\"><em>Collectif AuRAil<\/em><\/a> dont notre collectif fait partie \u00e0 participer \u00e0 celui de la r\u00e9gion Auvergne Rh\u00f4ne Alpes. Une invitation apr\u00e8s l&rsquo;<a href=\"http:\/\/aurail.canalblog.com\/archives\/2024\/02\/05\/40197513.html\"><em>entrevue<\/em><\/a> de d\u00e9but janvier 2024 avec Fabienne Buccio, Pr\u00e9f\u00e8te de r\u00e9gion. Et m\u00eame si le th\u00e8me des transports a bien \u00e9t\u00e9 incorpor\u00e9 dans les travaux, du chemin reste \u00e0 faire pour la prise en compte des propositions de tous, celles \u00e9manant des citoyens et des organisations ind\u00e9pendantes comme nous l&rsquo;indiquions dans ce <a href=\"http:\/\/aurail.canalblog.com\/2024\/05\/reunion-technique-cop-auvergne-rhone-alpes-a-lyon-compte-rendu.html\"><em>compte-rendu<\/em><\/a>.<\/p>\n<p>Les pr\u00e9fets ont donc eu pour mission de d\u00e9cliner ces conf\u00e9rences dans chaque d\u00e9partement et certains l&rsquo;ont fait dans le m\u00eame esprit d&rsquo;ouverture des COP internationales, exemple le pr\u00e9fet d&rsquo;Ard\u00e8che, dont la COP d\u00e9partementale prend bien en compte les transports dont le ferroviaire et les citoyens puisque le collectif CUPSA07 n&rsquo;a not\u00e9 aucun rejet de leur proposition de r\u00e9ouverture aux voyageurs de la rive droite du Rh\u00f4ne.<\/p>\n<p>D&rsquo;autres par contre n&rsquo;ont soit pas encore initi\u00e9 le d\u00e9bat, comme le Cantal, le Puy de D\u00f4me, soit l&rsquo;ont referm\u00e9 d&rsquo;entr\u00e9e ou n&rsquo;ont pas bien compris quelle \u00e9tait sa mission environnementale, pour exemple toujours dans la r\u00e9gion AuRA, l&rsquo;Is\u00e8re ou la Haute-Loire.<\/p>\n<p>Concernant la Haute-Loire voici en t\u00e9moignage quels ont \u00e9t\u00e9 les invit\u00e9s \u00e0 ces discussions pour la 1\u00e8re <a href=\"https:\/\/www.haute-loire.gouv.fr\/Actualites\/COP-Departementale\/Concertation-du-18-01-2024\"><em>r\u00e9union du 18 janvier 2024<\/em><\/a> :<\/p>\n<p>&#8211; la scierie Moulin (Duni\u00e8res) : industrie du bois et gestion durable des forets,<br \/>\n&#8211; le PETR Pays de la Jeune-Loire,<br \/>\n&#8211; les services de l\u2019\u00c9tat : D\u00e9veloppement des \u00c9nergies renouvelables (DREAL).<\/p>\n<p>Et voici qui pilote les 3 groupes de travail mis en place :<\/p>\n<p>&#8211; B\u00e2timent : FFB (F\u00e9d\u00e9ration Fran\u00e7aise du B\u00e2timent) et CAPEB (le syndicat patronal de l\u2019artisanat du b\u00e2timent)<br \/>\n&#8211; Agriculture : Chambre Agriculture<br \/>\n&#8211; Industrie : CCI<\/p>\n<p>&#8230;des organismes connus pour la grande pr\u00e9occupation pour l&rsquo;\u00e9cologie et l&rsquo;environnement en Haute-Loire. <strong>Mani\u00e8re de bien verrouiller les d\u00e9bats, de les limiter \u00e0 des propositions cosm\u00e9tiques et d&rsquo;exclure le secteur des transports, le sujet qui f\u00e2che puisque premier \u00e9metteur de CO2.<\/strong><\/p>\n<p>Au menu du programme de la 2\u00e8me r\u00e9union de ce vendredi 17 mai au Puy en Velay :<\/p>\n<p>&#8211; pr\u00e9sentation des r\u00e9sultats de la consultation des collectivit\u00e9s locales,<br \/>\n&#8211; pr\u00e9sentation de l&rsquo;\u00e9tat des lieux et les d\u00e9fis identifi\u00e9s lors des r\u00e9unions sectorielles r\u00e9gionales et d\u00e9partementales,<br \/>\n&#8211; \u00e9change et d\u00e9bat sur ces diagnostics territoriaux et d\u00e9fis et actions identifi\u00e9es.<\/p>\n<p>La liste des invit\u00e9s ne comprenait que des \u00e9lus, des collectivit\u00e9s, des organisations officielles ou des organisations d\u00e9pourvues de repr\u00e9sentants en Haute-Loire.<\/p>\n<p>Le Collectif des Usagers du Haut Allier, dont le si\u00e8ge est en Haute-Loire, a demand\u00e9 par deux fois \u00e0 la pr\u00e9fecture d&rsquo;y \u00eatre associ\u00e9. Pas de r\u00e9ponse. Nous regrettons fortement l&rsquo;\u00e9viction de la repr\u00e9sentation des citoyens. Un communiqu\u00e9 de presse d\u00e9non\u00e7ant ce point vient d&rsquo;\u00eatre diffus\u00e9.<\/p>\n","protected":false},"excerpt":{"rendered":"<p>La France serait, nous dit-on, dans les premiers pays \u00e0 d\u00e9cliner au niveau des r\u00e9gions la COP (la<\/p>\n","protected":false},"author":1,"featured_media":5067,"comment_status":"closed","ping_status":"open","sticky":false,"template":"","format":"standard","meta":{"footnotes":""},"categories":[3],"tags":[],"class_list":["post-1100","post","type-post","status-publish","format-standard","has-post-thumbnail","hentry","category-en-train"],"_links":{"self":[{"href":"https:\/\/usagers-transports.haut-allier.eu\/index.php\/wp-json\/wp\/v2\/posts\/1100","targetHints":{"allow":["GET"]}}],"collection":[{"href":"https:\/\/usagers-transports.haut-allier.eu\/index.php\/wp-json\/wp\/v2\/posts"}],"about":[{"href":"https:\/\/usagers-transports.haut-allier.eu\/index.php\/wp-json\/wp\/v2\/types\/post"}],"author":[{"embeddable":true,"href":"https:\/\/usagers-transports.haut-allier.eu\/index.php\/wp-json\/wp\/v2\/users\/1"}],"replies":[{"embeddable":true,"href":"https:\/\/usagers-transports.haut-allier.eu\/index.php\/wp-json\/wp\/v2\/comments?post=1100"}],"version-history":[{"count":0,"href":"https:\/\/usagers-transports.haut-allier.eu\/index.php\/wp-json\/wp\/v2\/posts\/1100\/revisions"}],"wp:featuredmedia":[{"embeddable":true,"href":"https:\/\/usagers-transports.haut-allier.eu\/index.php\/wp-json\/wp\/v2\/media\/5067"}],"wp:attachment":[{"href":"https:\/\/usagers-transports.haut-allier.eu\/index.php\/wp-json\/wp\/v2\/media?parent=1100"}],"wp:term":[{"taxonomy":"category","embeddable":true,"href":"https:\/\/usagers-transports.haut-allier.eu\/index.php\/wp-json\/wp\/v2\/categories?post=1100"},{"taxonomy":"post_tag","embeddable":true,"href":"https:\/\/usagers-transports.haut-allier.eu\/index.php\/wp-json\/wp\/v2\/tags?post=1100"}],"curies":[{"name":"wp","href":"https:\/\/api.w.org\/{rel}","templated":true}]}}