{"id":1103,"date":"2024-05-22T08:44:33","date_gmt":"2024-05-22T06:44:33","guid":{"rendered":"http:\/\/5.45.101.177\/haut-allier\/usagers-transportse\/index.php\/2024\/05\/22\/ligne-des-cevennes-et-reseau1103\/"},"modified":"2024-05-22T08:44:33","modified_gmt":"2024-05-22T06:44:33","slug":"ligne-des-cevennes-et-reseau1103","status":"publish","type":"post","link":"https:\/\/usagers-transports.haut-allier.eu\/index.php\/2024\/05\/22\/ligne-des-cevennes-et-reseau1103\/","title":{"rendered":"Ligne des C\u00e9vennes et r\u00e9seau Occitanie : les billets \u00e0 1 euro en vente pour les 1er et 2 juin"},"content":{"rendered":"<p>Il faut profiter de la r\u00e9ouverture de la ligne du Train C\u00e9venol particuli\u00e8rement le samedi 1er et le dimanche 2 juin jours durant lesquels l&rsquo;acc\u00e8s aux trains LIO s&rsquo;effectuera avec un euro.<\/p>\n<p><strong>Attention les places partent vite et une fois le nombre de places maximum de la rame vendus impossible d&rsquo;acheter un billet, les syst\u00e8mes de r\u00e9servation Internet affichent \u00ab\u00a0Train complet\u00a0\u00bb.<\/strong><\/p>\n<p>Il faut donc anticiper et \u00e7a se passe ici :<\/p>\n<p>&#8211; sur <a href=\"https:\/\/www.ter.sncf.com\/occitanie\/tarifs-cartes\/bons-plans\/premier-week-end-un-euro\"><em>le site TER SNCF Occitanie<\/em><\/a><br \/>\n&#8211; sur <a href=\"https:\/\/www.sncf-connect.com\/\"><em>SNCF Connect<\/em><\/a><\/p>\n<p>Par exemple pour le samedi 1er juin sur la <strong>ligne des C\u00e9vennes<\/strong> seuls sont concern\u00e9s les trains<\/p>\n<p>&#8211; TER 873990 d\u00e9part 8h14 de N\u00eemes Centre<br \/>\n&#8211; TER 877952 d\u00e9part 14h21 de N\u00eemes Centre<br \/>\n&#8211; TER 873993 d\u00e9part 7h35 de Clermont-Ferrand<br \/>\n&#8211; TER 877957 d\u00e9part 12h56 de Clermont-Ferrand<br \/>\n&#8211; TER 873995 d\u00e9part 16h40 de Clermont-Ferrand<\/p>\n<p><img loading=\"lazy\" decoding=\"async\" class=\" aligncenter size-full wp-image-5077\" src=\"http:\/\/5.45.101.177\/haut-allier\/usagers-transportse\/wp-content\/uploads\/2024\/05\/sncf-connect-resultats-d-itineraires-aller-3.png\" alt=\"sncf-connect-resultats-d-itineraires-aller-3.png\" align=\"center\" width=\"1034\" height=\"156\" srcset=\"https:\/\/usagers-transports.haut-allier.eu\/wp-content\/uploads\/2024\/05\/sncf-connect-resultats-d-itineraires-aller-3.png 1034w, https:\/\/usagers-transports.haut-allier.eu\/wp-content\/uploads\/2024\/05\/sncf-connect-resultats-d-itineraires-aller-3-300x45.png 300w, https:\/\/usagers-transports.haut-allier.eu\/wp-content\/uploads\/2024\/05\/sncf-connect-resultats-d-itineraires-aller-3-1024x154.png 1024w, https:\/\/usagers-transports.haut-allier.eu\/wp-content\/uploads\/2024\/05\/sncf-connect-resultats-d-itineraires-aller-3-768x116.png 768w\" sizes=\"auto, (max-width: 1034px) 100vw, 1034px\" \/><\/p>\n<p><img loading=\"lazy\" decoding=\"async\" class=\" aligncenter size-full wp-image-5078\" src=\"http:\/\/5.45.101.177\/haut-allier\/usagers-transportse\/wp-content\/uploads\/2024\/05\/sncf-connect-resultats-d-itineraires-aller2.png\" alt=\"sncf-connect-resultats-d-itineraires-aller2.png\" align=\"center\" width=\"1033\" height=\"148\" srcset=\"https:\/\/usagers-transports.haut-allier.eu\/wp-content\/uploads\/2024\/05\/sncf-connect-resultats-d-itineraires-aller2.png 1033w, https:\/\/usagers-transports.haut-allier.eu\/wp-content\/uploads\/2024\/05\/sncf-connect-resultats-d-itineraires-aller2-300x43.png 300w, https:\/\/usagers-transports.haut-allier.eu\/wp-content\/uploads\/2024\/05\/sncf-connect-resultats-d-itineraires-aller2-1024x147.png 1024w, https:\/\/usagers-transports.haut-allier.eu\/wp-content\/uploads\/2024\/05\/sncf-connect-resultats-d-itineraires-aller2-768x110.png 768w\" sizes=\"auto, (max-width: 1033px) 100vw, 1033px\" \/><\/p>\n<p>Ensuite tout le r\u00e9seau occitan est \u00e0 un euro, d&rsquo;Avignon centre \u00e0 Perpignan, de Pau \u00e0 Agen, de Rodez \u00e0 la Tour de Carol, de Pont St-Esprit au Grau du Roi. Le petit train jaune des Pyr\u00e9nes catalanes est \u00e9galement accessible\u00e0 ce tarif. Ci dessous la carte des possibilit\u00e9s :<\/p>\n<p><img loading=\"lazy\" decoding=\"async\" class=\" aligncenter size-full wp-image-5079\" src=\"http:\/\/5.45.101.177\/haut-allier\/usagers-transportse\/wp-content\/uploads\/2024\/05\/reseau-ferroviaire-occitanie-2022-scaled.jpg\" alt=\"reseau-ferroviaire-occitanie-2022.jpg\" align=\"center\" width=\"2560\" height=\"2455\" srcset=\"https:\/\/usagers-transports.haut-allier.eu\/wp-content\/uploads\/2024\/05\/reseau-ferroviaire-occitanie-2022-scaled.jpg 2560w, https:\/\/usagers-transports.haut-allier.eu\/wp-content\/uploads\/2024\/05\/reseau-ferroviaire-occitanie-2022-300x288.jpg 300w, https:\/\/usagers-transports.haut-allier.eu\/wp-content\/uploads\/2024\/05\/reseau-ferroviaire-occitanie-2022-1024x982.jpg 1024w, https:\/\/usagers-transports.haut-allier.eu\/wp-content\/uploads\/2024\/05\/reseau-ferroviaire-occitanie-2022-768x736.jpg 768w, https:\/\/usagers-transports.haut-allier.eu\/wp-content\/uploads\/2024\/05\/reseau-ferroviaire-occitanie-2022-1536x1473.jpg 1536w, https:\/\/usagers-transports.haut-allier.eu\/wp-content\/uploads\/2024\/05\/reseau-ferroviaire-occitanie-2022-2048x1964.jpg 2048w\" sizes=\"auto, (max-width: 2560px) 100vw, 2560px\" \/><\/p>\n","protected":false},"excerpt":{"rendered":"<p>Il faut profiter de la r\u00e9ouverture de la ligne du Train C\u00e9venol particuli\u00e8rement le samedi 1er et le<\/p>\n","protected":false},"author":1,"featured_media":5076,"comment_status":"closed","ping_status":"open","sticky":false,"template":"","format":"standard","meta":{"footnotes":""},"categories":[3],"tags":[],"class_list":["post-1103","post","type-post","status-publish","format-standard","has-post-thumbnail","hentry","category-en-train"],"_links":{"self":[{"href":"https:\/\/usagers-transports.haut-allier.eu\/index.php\/wp-json\/wp\/v2\/posts\/1103","targetHints":{"allow":["GET"]}}],"collection":[{"href":"https:\/\/usagers-transports.haut-allier.eu\/index.php\/wp-json\/wp\/v2\/posts"}],"about":[{"href":"https:\/\/usagers-transports.haut-allier.eu\/index.php\/wp-json\/wp\/v2\/types\/post"}],"author":[{"embeddable":true,"href":"https:\/\/usagers-transports.haut-allier.eu\/index.php\/wp-json\/wp\/v2\/users\/1"}],"replies":[{"embeddable":true,"href":"https:\/\/usagers-transports.haut-allier.eu\/index.php\/wp-json\/wp\/v2\/comments?post=1103"}],"version-history":[{"count":0,"href":"https:\/\/usagers-transports.haut-allier.eu\/index.php\/wp-json\/wp\/v2\/posts\/1103\/revisions"}],"wp:featuredmedia":[{"embeddable":true,"href":"https:\/\/usagers-transports.haut-allier.eu\/index.php\/wp-json\/wp\/v2\/media\/5076"}],"wp:attachment":[{"href":"https:\/\/usagers-transports.haut-allier.eu\/index.php\/wp-json\/wp\/v2\/media?parent=1103"}],"wp:term":[{"taxonomy":"category","embeddable":true,"href":"https:\/\/usagers-transports.haut-allier.eu\/index.php\/wp-json\/wp\/v2\/categories?post=1103"},{"taxonomy":"post_tag","embeddable":true,"href":"https:\/\/usagers-transports.haut-allier.eu\/index.php\/wp-json\/wp\/v2\/tags?post=1103"}],"curies":[{"name":"wp","href":"https:\/\/api.w.org\/{rel}","templated":true}]}}