{"id":1104,"date":"2024-05-22T10:11:53","date_gmt":"2024-05-22T08:11:53","guid":{"rendered":"http:\/\/5.45.101.177\/haut-allier\/usagers-transportse\/index.php\/2024\/05\/22\/nos-services-publics-le1104\/"},"modified":"2024-05-22T10:11:53","modified_gmt":"2024-05-22T08:11:53","slug":"nos-services-publics-le1104","status":"publish","type":"post","link":"https:\/\/usagers-transports.haut-allier.eu\/index.php\/2024\/05\/22\/nos-services-publics-le1104\/","title":{"rendered":"Mouvement Nos Services Publics : le collectif auvergnat lanc\u00e9"},"content":{"rendered":"<p>Nous avons pu faire un bilan des transports en commun ferroviaires en Auvergne mardi 22 mai \u00e0 Clermont Ferrand lors d&rsquo;une rencontre publique organis\u00e9e \u00e0 la <a href=\"https:\/\/www.librairielesvolcans.com\/\"><em>librairie Volcans<\/em><\/a> \u00e0 l&rsquo;occasion de la sortie du <em>Rapport sur l&rsquo;\u00e9tat des Services Publics<\/em>, de la venue d&rsquo;Arnaud Bontemps, co-fondateur du collectif <a href=\"https:\/\/nosservicespublics.fr\/\"><em>Nos Services Publics<\/em><\/a> et de la cr\u00e9ation de son antenne auvergnate.<\/p>\n<p><a href=\"https:\/\/files.umso.co\/lib_ufoFEvhlRMwflNFx\/b5zy83qih7eo4e80.pdf\">b5zy83qih7eo4e80.pdf<\/a><\/p>\n<p><img loading=\"lazy\" decoding=\"async\" class=\" aligncenter size-full wp-image-5081\" src=\"http:\/\/5.45.101.177\/haut-allier\/usagers-transportse\/wp-content\/uploads\/2024\/05\/img_20240521_170939_540.jpg\" alt=\"img_20240521_170939_540.jpg\" align=\"center\" width=\"2000\" height=\"1401\" srcset=\"https:\/\/usagers-transports.haut-allier.eu\/wp-content\/uploads\/2024\/05\/img_20240521_170939_540.jpg 2000w, https:\/\/usagers-transports.haut-allier.eu\/wp-content\/uploads\/2024\/05\/img_20240521_170939_540-300x210.jpg 300w, https:\/\/usagers-transports.haut-allier.eu\/wp-content\/uploads\/2024\/05\/img_20240521_170939_540-1024x717.jpg 1024w, https:\/\/usagers-transports.haut-allier.eu\/wp-content\/uploads\/2024\/05\/img_20240521_170939_540-768x538.jpg 768w, https:\/\/usagers-transports.haut-allier.eu\/wp-content\/uploads\/2024\/05\/img_20240521_170939_540-1536x1076.jpg 1536w\" sizes=\"auto, (max-width: 2000px) 100vw, 2000px\" \/><\/p>\n<p>Arnaud Bontemps, est conseiller r\u00e9f\u00e9rendaire \u00e0 la Cour des comptes,<br \/>\nenseignant en classe pr\u00e9paratoire \u00ab\u00a0\u00e9galit\u00e9 des chances\u00a0\u00bb \u00e0 l&rsquo;ENA &#8211; Ecole Nationale d&rsquo;Administration, et responsable du d\u00e9partement Organisation territoriale des soins de la CPAM de Seine-Saint-Denis. C&rsquo;est le co-fondateur et le co porte-parole du Collectif Nos Services Publics.<\/p>\n<p><strong>Le contexte<\/strong><\/p>\n<p>On n\u2019arrive pas \u00e0 avoir prise sur les choses. Nous avons l\u2019impression de subir. Le \u00ab\u00a0bazar\u00a0\u00bb se g\u00e9n\u00e9ralise \u00e0 tous les niveaux. Les services publics sont de plus en plus en d\u00e9sh\u00e9rence. Nous avions de super services publics. Pourquoi \u00ab\u00a0\u00e7a fiche le camp\u00a0\u00bb ? Que pouvons-nous faire face au d\u00e9mant\u00e8lement des services publics pour qu&rsquo;ils soient \u00e0 nouveau universels et donc s&rsquo;adressent \u00e0 tous et partout sur le territoire ?<\/p>\n<p><strong>Les intentions de l\u2019\u00e9v\u00e9nement<\/strong>\u00a0 \u00a0<\/p>\n<p>Trouver les moyens d\u2019agir pour l\u2019int\u00e9r\u00eat public, et sortir du sentiment d\u2019impuissance face au d\u00e9mant\u00e8lement en cours.<\/p>\n<p>Ont ainsi pu s&rsquo;exprimer :<\/p>\n<p>&#8211; Arnaud Bontemps pour la pr\u00e9sentation du rapport cit\u00e9 plus haut.<\/p>\n<p>&#8211;\u00a0Pour l&rsquo;Aide sociale \u00e0 l&rsquo;enfance et pour les mineurs isol\u00e9s, l&rsquo;h\u00e9bergement d&rsquo;urgence\u00a0\u00a0: Fran\u00e7ois Roche qui a pr\u00e9sent\u00e9 la contribution des associations d&rsquo;int\u00e9r\u00eat\u00a0public qu&rsquo;il pr\u00e9side.<\/p>\n<p>&#8211;\u00a0Pour les Transports ferroviaires\u00a0:\u00a0Marc Gouttebroze\u00a0du Collectif des usagers du Haut Allier qui a parl\u00e9 du transport, et notamment des probl\u00e8mes des petites lignes ferroviaires (80% du r\u00e9seau de l&rsquo;Auvergne).<\/p>\n<p>&#8211;\u00a0Pour la Sant\u00e9\u00a0: Nathalie Niort, Secr\u00e9taire G\u00e9n\u00e9rale adjointe de l&rsquo;union d\u00e9partementale CGT Sant\u00e9 qui a pr\u00e9sent\u00e9 la situation pour le d\u00e9partement.<\/p>\n<p>&#8211;\u00a0Pour l&rsquo;Education\u00a0: Fr\u00e9d\u00e9ric Campghilem, CGT \u00e9ducation et Fabien Claveau du SNES.<\/p>\n<p>Comme toutes les rencontres de la librairie le podcast sera bient\u00f4t disponible (\u00e0 surveiller) sur le site :<\/p>\n<p><a href=\"https:\/\/www.librairielesvolcans.com\/\">www.librairielesvolcans.com<\/a><\/p>\n<p><em>Les participants<\/em><br \/>\n<img loading=\"lazy\" decoding=\"async\" class=\" aligncenter size-full wp-image-5082\" src=\"http:\/\/5.45.101.177\/haut-allier\/usagers-transportse\/wp-content\/uploads\/2024\/05\/img_20240521_170922_435.jpg\" alt=\"img_20240521_170922_435.jpg\" align=\"center\" width=\"2000\" height=\"1125\" srcset=\"https:\/\/usagers-transports.haut-allier.eu\/wp-content\/uploads\/2024\/05\/img_20240521_170922_435.jpg 2000w, https:\/\/usagers-transports.haut-allier.eu\/wp-content\/uploads\/2024\/05\/img_20240521_170922_435-300x169.jpg 300w, https:\/\/usagers-transports.haut-allier.eu\/wp-content\/uploads\/2024\/05\/img_20240521_170922_435-1024x576.jpg 1024w, https:\/\/usagers-transports.haut-allier.eu\/wp-content\/uploads\/2024\/05\/img_20240521_170922_435-768x432.jpg 768w, https:\/\/usagers-transports.haut-allier.eu\/wp-content\/uploads\/2024\/05\/img_20240521_170922_435-1536x864.jpg 1536w\" sizes=\"auto, (max-width: 2000px) 100vw, 2000px\" \/><\/p>\n<p>Remerciements \u00e0 Gilles et Jo\u00eblle Arnaud ainsi que Margot Smirdec pour l&rsquo;initiative.<\/p>\n","protected":false},"excerpt":{"rendered":"<p>Nous avons pu faire un bilan des transports en commun ferroviaires en Auvergne mardi 22 mai \u00e0 Clermont<\/p>\n","protected":false},"author":1,"featured_media":5080,"comment_status":"closed","ping_status":"open","sticky":false,"template":"","format":"standard","meta":{"footnotes":""},"categories":[5],"tags":[],"class_list":["post-1104","post","type-post","status-publish","format-standard","has-post-thumbnail","hentry","category-ensemble"],"_links":{"self":[{"href":"https:\/\/usagers-transports.haut-allier.eu\/index.php\/wp-json\/wp\/v2\/posts\/1104","targetHints":{"allow":["GET"]}}],"collection":[{"href":"https:\/\/usagers-transports.haut-allier.eu\/index.php\/wp-json\/wp\/v2\/posts"}],"about":[{"href":"https:\/\/usagers-transports.haut-allier.eu\/index.php\/wp-json\/wp\/v2\/types\/post"}],"author":[{"embeddable":true,"href":"https:\/\/usagers-transports.haut-allier.eu\/index.php\/wp-json\/wp\/v2\/users\/1"}],"replies":[{"embeddable":true,"href":"https:\/\/usagers-transports.haut-allier.eu\/index.php\/wp-json\/wp\/v2\/comments?post=1104"}],"version-history":[{"count":0,"href":"https:\/\/usagers-transports.haut-allier.eu\/index.php\/wp-json\/wp\/v2\/posts\/1104\/revisions"}],"wp:featuredmedia":[{"embeddable":true,"href":"https:\/\/usagers-transports.haut-allier.eu\/index.php\/wp-json\/wp\/v2\/media\/5080"}],"wp:attachment":[{"href":"https:\/\/usagers-transports.haut-allier.eu\/index.php\/wp-json\/wp\/v2\/media?parent=1104"}],"wp:term":[{"taxonomy":"category","embeddable":true,"href":"https:\/\/usagers-transports.haut-allier.eu\/index.php\/wp-json\/wp\/v2\/categories?post=1104"},{"taxonomy":"post_tag","embeddable":true,"href":"https:\/\/usagers-transports.haut-allier.eu\/index.php\/wp-json\/wp\/v2\/tags?post=1104"}],"curies":[{"name":"wp","href":"https:\/\/api.w.org\/{rel}","templated":true}]}}