{"id":1105,"date":"2024-05-28T10:50:45","date_gmt":"2024-05-28T08:50:45","guid":{"rendered":"http:\/\/5.45.101.177\/haut-allier\/usagers-transportse\/index.php\/2024\/05\/28\/train-a-vapeur-sur-la-ligne-des1105\/"},"modified":"2024-05-28T10:50:45","modified_gmt":"2024-05-28T08:50:45","slug":"train-a-vapeur-sur-la-ligne-des1105","status":"publish","type":"post","link":"https:\/\/usagers-transports.haut-allier.eu\/index.php\/2024\/05\/28\/train-a-vapeur-sur-la-ligne-des1105\/","title":{"rendered":"Train \u00e0 vapeur sur la ligne des C\u00e9vennes : vid\u00e9o du passage le 26\/05\/2024 sur le viaduc de Pout\u00e8s (Alleyras &#8211; Haute-Loire)"},"content":{"rendered":"<p>Ce dimanche 26 mai avait lieu le voyage Clermont-Ferrand Langogne \u00e0 bord d&rsquo;un train \u00e0 vapeur organis\u00e9 par l&rsquo;association <a href=\"https:\/\/www.trainvapeur-auvergne.com\/\"><em>Trains \u00e0 vapeur d&rsquo;Auvergne<\/em><\/a>. Voici quelques vid\u00e9os et photos prises dans diff\u00e9rents sites le long du parcours.<\/p>\n<p><em>Le passage sur le viaduc de Pout\u00e8s (Alleyras)<br \/>\n<\/em><br \/>\n<center><br \/>\n<iframe loading=\"lazy\" width=\"560\" height=\"315\" src=\"https:\/\/www.youtube.com\/embed\/jjHuATa5iPE?si=wDjIxF6CsvwkdSmC\" title=\"YouTube video player\" frameborder=\"0\" allow=\"accelerometer; autoplay; clipboard-write; encrypted-media; gyroscope; picture-in-picture; web-share\" referrerpolicy=\"strict-origin-when-cross-origin\" allowfullscreen><\/iframe><br \/>\n<\/center><br \/>\n&nbsp;<br \/>\n<em>Ici lors du trajet retour Langogne vers Clermont aux abords du ch\u00e2teau de Jonch\u00e8res. Notons que la locomotive vapeur 140 C 27 est situ\u00e9e en queue de train et le pousse.<br \/>\n<\/em><\/p>\n<p><img loading=\"lazy\" decoding=\"async\" class=\" aligncenter size-full wp-image-5084\" src=\"http:\/\/5.45.101.177\/haut-allier\/usagers-transportse\/wp-content\/uploads\/2024\/05\/vlcsnap-2024-05-28-10h46m54s056-scaled.png\" alt=\"vlcsnap-2024-05-28-10h46m54s056.png\" align=\"center\" width=\"2560\" height=\"1350\" srcset=\"https:\/\/usagers-transports.haut-allier.eu\/wp-content\/uploads\/2024\/05\/vlcsnap-2024-05-28-10h46m54s056-scaled.png 2560w, https:\/\/usagers-transports.haut-allier.eu\/wp-content\/uploads\/2024\/05\/vlcsnap-2024-05-28-10h46m54s056-300x158.png 300w, https:\/\/usagers-transports.haut-allier.eu\/wp-content\/uploads\/2024\/05\/vlcsnap-2024-05-28-10h46m54s056-1024x540.png 1024w, https:\/\/usagers-transports.haut-allier.eu\/wp-content\/uploads\/2024\/05\/vlcsnap-2024-05-28-10h46m54s056-768x405.png 768w, https:\/\/usagers-transports.haut-allier.eu\/wp-content\/uploads\/2024\/05\/vlcsnap-2024-05-28-10h46m54s056-1536x810.png 1536w, https:\/\/usagers-transports.haut-allier.eu\/wp-content\/uploads\/2024\/05\/vlcsnap-2024-05-28-10h46m54s056-2048x1080.png 2048w\" sizes=\"auto, (max-width: 2560px) 100vw, 2560px\" \/><\/p>\n<p><img loading=\"lazy\" decoding=\"async\" class=\" aligncenter size-full wp-image-5085\" src=\"http:\/\/5.45.101.177\/haut-allier\/usagers-transportse\/wp-content\/uploads\/2024\/05\/vlcsnap-2024-05-28-10h45m24s886-scaled.png\" alt=\"vlcsnap-2024-05-28-10h45m24s886.png\" align=\"center\" width=\"2560\" height=\"1350\" srcset=\"https:\/\/usagers-transports.haut-allier.eu\/wp-content\/uploads\/2024\/05\/vlcsnap-2024-05-28-10h45m24s886-scaled.png 2560w, https:\/\/usagers-transports.haut-allier.eu\/wp-content\/uploads\/2024\/05\/vlcsnap-2024-05-28-10h45m24s886-300x158.png 300w, https:\/\/usagers-transports.haut-allier.eu\/wp-content\/uploads\/2024\/05\/vlcsnap-2024-05-28-10h45m24s886-1024x540.png 1024w, https:\/\/usagers-transports.haut-allier.eu\/wp-content\/uploads\/2024\/05\/vlcsnap-2024-05-28-10h45m24s886-768x405.png 768w, https:\/\/usagers-transports.haut-allier.eu\/wp-content\/uploads\/2024\/05\/vlcsnap-2024-05-28-10h45m24s886-1536x810.png 1536w, https:\/\/usagers-transports.haut-allier.eu\/wp-content\/uploads\/2024\/05\/vlcsnap-2024-05-28-10h45m24s886-2048x1080.png 2048w\" sizes=\"auto, (max-width: 2560px) 100vw, 2560px\" \/><br \/>\n<center><br \/>\n<iframe loading=\"lazy\" width=\"560\" height=\"315\" src=\"https:\/\/www.youtube.com\/embed\/0C5ZzfucBy8?si=JnYNPF0oLu6FQNF5\" title=\"YouTube video player\" frameborder=\"0\" allow=\"accelerometer; autoplay; clipboard-write; encrypted-media; gyroscope; picture-in-picture; web-share\" referrerpolicy=\"strict-origin-when-cross-origin\" allowfullscreen><\/iframe><br \/>\n<\/center><br \/>\n&nbsp;<br \/>\nN&rsquo;h\u00e9sitez pas \u00e0 nous communiquer en commentaires vos photos et vid\u00e9os qui pourront venir enrichir cet article.<\/p>\n","protected":false},"excerpt":{"rendered":"<p>Ce dimanche 26 mai avait lieu le voyage Clermont-Ferrand Langogne \u00e0 bord d&rsquo;un train \u00e0 vapeur organis\u00e9 par<\/p>\n","protected":false},"author":1,"featured_media":5083,"comment_status":"open","ping_status":"open","sticky":false,"template":"","format":"standard","meta":{"footnotes":""},"categories":[3],"tags":[],"class_list":["post-1105","post","type-post","status-publish","format-standard","has-post-thumbnail","hentry","category-en-train"],"_links":{"self":[{"href":"https:\/\/usagers-transports.haut-allier.eu\/index.php\/wp-json\/wp\/v2\/posts\/1105","targetHints":{"allow":["GET"]}}],"collection":[{"href":"https:\/\/usagers-transports.haut-allier.eu\/index.php\/wp-json\/wp\/v2\/posts"}],"about":[{"href":"https:\/\/usagers-transports.haut-allier.eu\/index.php\/wp-json\/wp\/v2\/types\/post"}],"author":[{"embeddable":true,"href":"https:\/\/usagers-transports.haut-allier.eu\/index.php\/wp-json\/wp\/v2\/users\/1"}],"replies":[{"embeddable":true,"href":"https:\/\/usagers-transports.haut-allier.eu\/index.php\/wp-json\/wp\/v2\/comments?post=1105"}],"version-history":[{"count":0,"href":"https:\/\/usagers-transports.haut-allier.eu\/index.php\/wp-json\/wp\/v2\/posts\/1105\/revisions"}],"wp:featuredmedia":[{"embeddable":true,"href":"https:\/\/usagers-transports.haut-allier.eu\/index.php\/wp-json\/wp\/v2\/media\/5083"}],"wp:attachment":[{"href":"https:\/\/usagers-transports.haut-allier.eu\/index.php\/wp-json\/wp\/v2\/media?parent=1105"}],"wp:term":[{"taxonomy":"category","embeddable":true,"href":"https:\/\/usagers-transports.haut-allier.eu\/index.php\/wp-json\/wp\/v2\/categories?post=1105"},{"taxonomy":"post_tag","embeddable":true,"href":"https:\/\/usagers-transports.haut-allier.eu\/index.php\/wp-json\/wp\/v2\/tags?post=1105"}],"curies":[{"name":"wp","href":"https:\/\/api.w.org\/{rel}","templated":true}]}}