{"id":1108,"date":"2024-06-03T16:57:53","date_gmt":"2024-06-03T14:57:53","guid":{"rendered":"http:\/\/5.45.101.177\/haut-allier\/usagers-transportse\/index.php\/2024\/06\/03\/4-juin-le-tres-timide-challenge1108\/"},"modified":"2024-06-03T16:57:53","modified_gmt":"2024-06-03T14:57:53","slug":"4-juin-le-tres-timide-challenge1108","status":"publish","type":"post","link":"https:\/\/usagers-transports.haut-allier.eu\/index.php\/2024\/06\/03\/4-juin-le-tres-timide-challenge1108\/","title":{"rendered":"4 Juin le tr\u00e8s timide \u00ab\u00a0Challenge Mobilit\u00e9s\u00a0\u00bb de la r\u00e9gion Auvergne Rh\u00f4ne Alpes"},"content":{"rendered":"<p>Mardi 4 juin, c&rsquo;est le jour b\u00e9ni, la r\u00e9gion Auvergne Rh\u00f4ne Alpes se saigne aux 4 veines pour vous offrir de la mobilit\u00e9 pas ch\u00e8re sur son r\u00e9seau. Jugez plut\u00f4t :<\/p>\n<p>&#8211; des trains TER \u00e0 2 euros \u00e0 condition de faire un trajet de moins de 70km,<br \/>\n&#8211; des bus gratuits qui sont dans la plupart des d\u00e9partements de la r\u00e9gion d\u00e9j\u00e0 \u00e0 1 ou 2 euros.<\/p>\n<p>Il faut aller, pour profiter de cette journ\u00e9e m\u00e9morable, c&rsquo;est une fois par an, en semaine, sur le site :<\/p>\n<p>https:\/\/challengemobilite.auvergnerhonealpes.fr\/<\/p>\n<p>Cherchez bien, l&rsquo;offre de train est cach\u00e9e, il faut fouiller dans ce site. <\/p>\n<p>Un journ\u00e9e pour favoriser la mobilit\u00e9 tellement m\u00e9morable que le <a href=\"https:\/\/aurail.blogspot.com\"><em>Collectif AuRAil<\/em><\/a> (qui regroupe 18 organisations d&rsquo;usagers) vient d&rsquo;\u00e9mettre un communiqu\u00e9. Lisez, tout est dit sur ce que l&rsquo;on en pense :<\/p>\n<p> <a href=\"http:\/\/5.45.101.177\/haut-allier\/usagers-transportse\/wp-content\/uploads\/2024\/06\/cp-aurail-challenge-mobilites-auvergne-rhone-alpes-3juin2024-v0.pdf\">cp-aurail-challenge-mobilites-auvergne-rhone-alpes-3juin2024-v0.pdf<\/a><\/p>\n","protected":false},"excerpt":{"rendered":"<p>Mardi 4 juin, c&rsquo;est le jour b\u00e9ni, la r\u00e9gion Auvergne Rh\u00f4ne Alpes se saigne aux 4 veines pour<\/p>\n","protected":false},"author":1,"featured_media":5089,"comment_status":"closed","ping_status":"open","sticky":false,"template":"","format":"standard","meta":{"footnotes":""},"categories":[2],"tags":[],"class_list":["post-1108","post","type-post","status-publish","format-standard","has-post-thumbnail","hentry","category-infos"],"_links":{"self":[{"href":"https:\/\/usagers-transports.haut-allier.eu\/index.php\/wp-json\/wp\/v2\/posts\/1108","targetHints":{"allow":["GET"]}}],"collection":[{"href":"https:\/\/usagers-transports.haut-allier.eu\/index.php\/wp-json\/wp\/v2\/posts"}],"about":[{"href":"https:\/\/usagers-transports.haut-allier.eu\/index.php\/wp-json\/wp\/v2\/types\/post"}],"author":[{"embeddable":true,"href":"https:\/\/usagers-transports.haut-allier.eu\/index.php\/wp-json\/wp\/v2\/users\/1"}],"replies":[{"embeddable":true,"href":"https:\/\/usagers-transports.haut-allier.eu\/index.php\/wp-json\/wp\/v2\/comments?post=1108"}],"version-history":[{"count":0,"href":"https:\/\/usagers-transports.haut-allier.eu\/index.php\/wp-json\/wp\/v2\/posts\/1108\/revisions"}],"wp:featuredmedia":[{"embeddable":true,"href":"https:\/\/usagers-transports.haut-allier.eu\/index.php\/wp-json\/wp\/v2\/media\/5089"}],"wp:attachment":[{"href":"https:\/\/usagers-transports.haut-allier.eu\/index.php\/wp-json\/wp\/v2\/media?parent=1108"}],"wp:term":[{"taxonomy":"category","embeddable":true,"href":"https:\/\/usagers-transports.haut-allier.eu\/index.php\/wp-json\/wp\/v2\/categories?post=1108"},{"taxonomy":"post_tag","embeddable":true,"href":"https:\/\/usagers-transports.haut-allier.eu\/index.php\/wp-json\/wp\/v2\/tags?post=1108"}],"curies":[{"name":"wp","href":"https:\/\/api.w.org\/{rel}","templated":true}]}}