{"id":1109,"date":"2024-06-12T11:01:12","date_gmt":"2024-06-12T09:01:12","guid":{"rendered":"http:\/\/5.45.101.177\/haut-allier\/usagers-transportse\/index.php\/2024\/06\/12\/trains-de-nuit-un-colloque-lundi1109\/"},"modified":"2024-06-12T11:01:12","modified_gmt":"2024-06-12T09:01:12","slug":"trains-de-nuit-un-colloque-lundi1109","status":"publish","type":"post","link":"https:\/\/usagers-transports.haut-allier.eu\/index.php\/2024\/06\/12\/trains-de-nuit-un-colloque-lundi1109\/","title":{"rendered":"Trains de nuit : un colloque lundi 17 juin au S\u00e9nat [MAJ]"},"content":{"rendered":"<p><a href=\"https:\/\/destinationtrainsdenuit.eu\/2024\/06\/06\/invitation-au-senat-pour-un-colloque-sur-les-trains-de-nuit\/\"><em>Destination Trains de nuit<\/em><\/a>, association \u00e0 laquelle nous participons activement,  et le s\u00e9nateur du Bas-Rhin Jacques Fernique nous invitent \u00e0 une apr\u00e8s-midi sur les enjeux de l\u2019am\u00e9lioration et du d\u00e9veloppement des trains de nuit au palais du Luxembourg \u00e0 Paris.<\/p>\n<p>L&rsquo;objectif est de motiver les s\u00e9nateurs et d\u00e9put\u00e9s sur la n\u00e9cessit\u00e9 de donner un fort coup de rein en faveur du train nocturne en France.<\/p>\n<p>C&rsquo;est de 13h \u00e0 17h30 et en voici le programme qui s\u2019articulera autour de deux tables rondes r\u00e9unissant des acteurs majeurs (politiques, \u00e9conomiques, associatifs) du secteur ferroviaire et permettant d\u2019aborder les enjeux essentiels li\u00e9s \u00e0 l\u2019am\u00e9lioration et au d\u00e9veloppement des trains de nuit.<\/p>\n<p>\u2013 <strong>Olivier Bancel<\/strong>, Directeur g\u00e9n\u00e9ral adjoint SNCF R\u00e9seau<br \/>\n\u2013 <strong>Christian Torrego<\/strong>, Directeur adjoint SNCF Intercit\u00e9s<br \/>\n\u2013 <strong>Rapha\u00ebl Daubet<\/strong>, S\u00e9nateur SER du Lot<\/p>\n<p>puis<\/p>\n<p>\u2013 <strong>Alain Richard<\/strong>, Pr\u00e9sident Europe Express et Directeur de Rail Concept<br \/>\n\u2013 <strong>Fabrice Toledano<\/strong>, Directeur Marketing trains de nuit Trenitalia<br \/>\n\u2013 <strong>Adrien Aumont<\/strong>, Pr\u00e9sident Midnight Trains<br \/>\n\u2013 <strong>Florence Rousse<\/strong>, Vice-Pr\u00e9sidente Autorit\u00e9 de R\u00e9gulation des Transports.<\/p>\n<p>Deux grands temps d\u2019\u00e9changes sont pr\u00e9vus avec les participants.<\/p>\n<p>L\u2019inscription pr\u00e9alable est obligatoire :<br \/>\n<a href=\"https:\/\/81tki.r.sp1-brevo.net\/mk\/cl\/f\/sh\/6rqJfgq8dINmOJkynIOQgakRdZM\/29E4OHAi5VSx\">https:\/\/81tki.r.sp1-brevo.net\/mk\/cl\/f\/sh\/6rqJfgq8dINmOJkynIOQgakRdZM\/29E4OHAi5VSx<br \/>\n<\/a><\/p>\n<p>Tout invit\u00e9 doit se munir d\u2019une pi\u00e8ce d\u2019identit\u00e9.<br \/>\nLe colloque est confirm\u00e9 malgr\u00e9 les incertitudes politiques actuelles.<\/p>\n<p><img loading=\"lazy\" decoding=\"async\" class=\" aligncenter size-full wp-image-5092\" src=\"http:\/\/5.45.101.177\/haut-allier\/usagers-transportse\/wp-content\/uploads\/2024\/06\/contenu_du_colloque.png\" alt=\"contenu_du_colloque.png\" align=\"center\" width=\"1414\" height=\"2000\" srcset=\"https:\/\/usagers-transports.haut-allier.eu\/wp-content\/uploads\/2024\/06\/contenu_du_colloque.png 1414w, https:\/\/usagers-transports.haut-allier.eu\/wp-content\/uploads\/2024\/06\/contenu_du_colloque-212x300.png 212w, https:\/\/usagers-transports.haut-allier.eu\/wp-content\/uploads\/2024\/06\/contenu_du_colloque-724x1024.png 724w, https:\/\/usagers-transports.haut-allier.eu\/wp-content\/uploads\/2024\/06\/contenu_du_colloque-768x1086.png 768w, https:\/\/usagers-transports.haut-allier.eu\/wp-content\/uploads\/2024\/06\/contenu_du_colloque-1086x1536.png 1086w\" sizes=\"auto, (max-width: 1414px) 100vw, 1414px\" \/><br \/>\n<img loading=\"lazy\" decoding=\"async\" class=\" aligncenter size-full wp-image-5093\" src=\"http:\/\/5.45.101.177\/haut-allier\/usagers-transportse\/wp-content\/uploads\/2024\/06\/monographies_colloque_1.png\" alt=\"monographies_colloque_1.png\" align=\"center\" width=\"1414\" height=\"2000\" srcset=\"https:\/\/usagers-transports.haut-allier.eu\/wp-content\/uploads\/2024\/06\/monographies_colloque_1.png 1414w, https:\/\/usagers-transports.haut-allier.eu\/wp-content\/uploads\/2024\/06\/monographies_colloque_1-212x300.png 212w, https:\/\/usagers-transports.haut-allier.eu\/wp-content\/uploads\/2024\/06\/monographies_colloque_1-724x1024.png 724w, https:\/\/usagers-transports.haut-allier.eu\/wp-content\/uploads\/2024\/06\/monographies_colloque_1-768x1086.png 768w, https:\/\/usagers-transports.haut-allier.eu\/wp-content\/uploads\/2024\/06\/monographies_colloque_1-1086x1536.png 1086w\" sizes=\"auto, (max-width: 1414px) 100vw, 1414px\" \/><br \/>\n<img loading=\"lazy\" decoding=\"async\" class=\" aligncenter size-full wp-image-5094\" src=\"http:\/\/5.45.101.177\/haut-allier\/usagers-transportse\/wp-content\/uploads\/2024\/06\/monographies_colloque_2.png\" alt=\"monographies_colloque_2.png\" align=\"center\" width=\"1414\" height=\"2000\" srcset=\"https:\/\/usagers-transports.haut-allier.eu\/wp-content\/uploads\/2024\/06\/monographies_colloque_2.png 1414w, https:\/\/usagers-transports.haut-allier.eu\/wp-content\/uploads\/2024\/06\/monographies_colloque_2-212x300.png 212w, https:\/\/usagers-transports.haut-allier.eu\/wp-content\/uploads\/2024\/06\/monographies_colloque_2-724x1024.png 724w, https:\/\/usagers-transports.haut-allier.eu\/wp-content\/uploads\/2024\/06\/monographies_colloque_2-768x1086.png 768w, https:\/\/usagers-transports.haut-allier.eu\/wp-content\/uploads\/2024\/06\/monographies_colloque_2-1086x1536.png 1086w\" sizes=\"auto, (max-width: 1414px) 100vw, 1414px\" \/><br \/>\n<img loading=\"lazy\" decoding=\"async\" class=\" aligncenter size-full wp-image-5095\" src=\"http:\/\/5.45.101.177\/haut-allier\/usagers-transportse\/wp-content\/uploads\/2024\/06\/monographies_colloque_3.png\" alt=\"monographies_colloque_3.png\" align=\"center\" width=\"1414\" height=\"2000\" srcset=\"https:\/\/usagers-transports.haut-allier.eu\/wp-content\/uploads\/2024\/06\/monographies_colloque_3.png 1414w, https:\/\/usagers-transports.haut-allier.eu\/wp-content\/uploads\/2024\/06\/monographies_colloque_3-212x300.png 212w, https:\/\/usagers-transports.haut-allier.eu\/wp-content\/uploads\/2024\/06\/monographies_colloque_3-724x1024.png 724w, https:\/\/usagers-transports.haut-allier.eu\/wp-content\/uploads\/2024\/06\/monographies_colloque_3-768x1086.png 768w, https:\/\/usagers-transports.haut-allier.eu\/wp-content\/uploads\/2024\/06\/monographies_colloque_3-1086x1536.png 1086w\" sizes=\"auto, (max-width: 1414px) 100vw, 1414px\" \/><br \/>\n<img loading=\"lazy\" decoding=\"async\" class=\" aligncenter size-full wp-image-5096\" src=\"http:\/\/5.45.101.177\/haut-allier\/usagers-transportse\/wp-content\/uploads\/2024\/06\/organisateurs_du_colloque.png\" alt=\"organisateurs_du_colloque.png\" align=\"center\" width=\"1414\" height=\"2000\" srcset=\"https:\/\/usagers-transports.haut-allier.eu\/wp-content\/uploads\/2024\/06\/organisateurs_du_colloque.png 1414w, https:\/\/usagers-transports.haut-allier.eu\/wp-content\/uploads\/2024\/06\/organisateurs_du_colloque-212x300.png 212w, https:\/\/usagers-transports.haut-allier.eu\/wp-content\/uploads\/2024\/06\/organisateurs_du_colloque-724x1024.png 724w, https:\/\/usagers-transports.haut-allier.eu\/wp-content\/uploads\/2024\/06\/organisateurs_du_colloque-768x1086.png 768w, https:\/\/usagers-transports.haut-allier.eu\/wp-content\/uploads\/2024\/06\/organisateurs_du_colloque-1086x1536.png 1086w\" sizes=\"auto, (max-width: 1414px) 100vw, 1414px\" \/><\/p>\n<p><strong>[MAJ]<\/strong><\/p>\n<p>Un compte-rendu de ce colloque est visible sur :<\/p>\n<blockquote class=\"wp-embedded-content\" data-secret=\"ZDpmpVIAKy\"><p><a href=\"https:\/\/destinationtrainsdenuit.eu\/2024\/06\/28\/un-colloque-qui-ouvre-des-perspectives\/\">Un colloque qui ouvre des perspectives<\/a><\/p><\/blockquote>\n<p><iframe loading=\"lazy\" class=\"wp-embedded-content\" sandbox=\"allow-scripts\" security=\"restricted\" style=\"position: absolute; visibility: hidden;\" title=\"\u00ab\u00a0Un colloque qui ouvre des perspectives\u00a0\u00bb \u2014 DESTINATION TRAINS DE NUIT\" src=\"https:\/\/destinationtrainsdenuit.eu\/2024\/06\/28\/un-colloque-qui-ouvre-des-perspectives\/embed\/#?secret=UYpGFfc7d2#?secret=ZDpmpVIAKy\" data-secret=\"ZDpmpVIAKy\" width=\"600\" height=\"338\" frameborder=\"0\" marginwidth=\"0\" marginheight=\"0\" scrolling=\"no\"><\/iframe><\/p>\n<blockquote class=\"wp-embedded-content\" data-secret=\"bDP5iY3DIr\"><p><a href=\"https:\/\/destinationtrainsdenuit.eu\/2024\/06\/27\/la-sncf-interpellee-sur-les-moyens-mis-en-oeuvre-pour-ameliorer-les-trains-de-nuit\/\">La SNCF interpell\u00e9e sur les moyens mis en oeuvre pour am\u00e9liorer les trains de nuit<\/a><\/p><\/blockquote>\n<p><iframe loading=\"lazy\" class=\"wp-embedded-content\" sandbox=\"allow-scripts\" security=\"restricted\" style=\"position: absolute; visibility: hidden;\" title=\"\u00ab\u00a0La SNCF interpell\u00e9e sur les moyens mis en oeuvre pour am\u00e9liorer les trains de nuit\u00a0\u00bb \u2014 DESTINATION TRAINS DE NUIT\" src=\"https:\/\/destinationtrainsdenuit.eu\/2024\/06\/27\/la-sncf-interpellee-sur-les-moyens-mis-en-oeuvre-pour-ameliorer-les-trains-de-nuit\/embed\/#?secret=6YtONt8Oq1#?secret=bDP5iY3DIr\" data-secret=\"bDP5iY3DIr\" width=\"600\" height=\"338\" frameborder=\"0\" marginwidth=\"0\" marginheight=\"0\" scrolling=\"no\"><\/iframe><\/p>\n<p>Les actes du colloque y sont disponibles ci-dessous :<\/p>\n<blockquote class=\"wp-embedded-content\" data-secret=\"IbGSWTPi3d\"><p><a href=\"https:\/\/destinationtrainsdenuit.eu\/2024\/07\/21\/actes-du-colloque-du-17-juin-2024-au-senat-sur-les-enjeux-damelioration-et-de-developpement-des-trains-de-nuit\/\">Actes du colloque du 17 juin 2024 au S\u00e9nat sur les enjeux d\u2019am\u00e9lioration et de d\u00e9veloppement des trains de nuit<\/a><\/p><\/blockquote>\n<p><iframe loading=\"lazy\" class=\"wp-embedded-content\" sandbox=\"allow-scripts\" security=\"restricted\" style=\"position: absolute; visibility: hidden;\" title=\"\u00ab\u00a0Actes du colloque du 17 juin 2024 au S\u00e9nat sur les enjeux d\u2019am\u00e9lioration et de d\u00e9veloppement des trains de nuit\u00a0\u00bb \u2014 DESTINATION TRAINS DE NUIT\" src=\"https:\/\/destinationtrainsdenuit.eu\/2024\/07\/21\/actes-du-colloque-du-17-juin-2024-au-senat-sur-les-enjeux-damelioration-et-de-developpement-des-trains-de-nuit\/embed\/#?secret=IgOprDtfYp#?secret=IbGSWTPi3d\" data-secret=\"IbGSWTPi3d\" width=\"600\" height=\"338\" frameborder=\"0\" marginwidth=\"0\" marginheight=\"0\" scrolling=\"no\"><\/iframe><\/p>\n","protected":false},"excerpt":{"rendered":"<p>Destination Trains de nuit, association \u00e0 laquelle nous participons activement, et le s\u00e9nateur du Bas-Rhin Jacques Fernique nous<\/p>\n","protected":false},"author":1,"featured_media":5091,"comment_status":"closed","ping_status":"open","sticky":false,"template":"","format":"standard","meta":{"footnotes":""},"categories":[3],"tags":[],"class_list":["post-1109","post","type-post","status-publish","format-standard","has-post-thumbnail","hentry","category-en-train"],"_links":{"self":[{"href":"https:\/\/usagers-transports.haut-allier.eu\/index.php\/wp-json\/wp\/v2\/posts\/1109","targetHints":{"allow":["GET"]}}],"collection":[{"href":"https:\/\/usagers-transports.haut-allier.eu\/index.php\/wp-json\/wp\/v2\/posts"}],"about":[{"href":"https:\/\/usagers-transports.haut-allier.eu\/index.php\/wp-json\/wp\/v2\/types\/post"}],"author":[{"embeddable":true,"href":"https:\/\/usagers-transports.haut-allier.eu\/index.php\/wp-json\/wp\/v2\/users\/1"}],"replies":[{"embeddable":true,"href":"https:\/\/usagers-transports.haut-allier.eu\/index.php\/wp-json\/wp\/v2\/comments?post=1109"}],"version-history":[{"count":0,"href":"https:\/\/usagers-transports.haut-allier.eu\/index.php\/wp-json\/wp\/v2\/posts\/1109\/revisions"}],"wp:featuredmedia":[{"embeddable":true,"href":"https:\/\/usagers-transports.haut-allier.eu\/index.php\/wp-json\/wp\/v2\/media\/5091"}],"wp:attachment":[{"href":"https:\/\/usagers-transports.haut-allier.eu\/index.php\/wp-json\/wp\/v2\/media?parent=1109"}],"wp:term":[{"taxonomy":"category","embeddable":true,"href":"https:\/\/usagers-transports.haut-allier.eu\/index.php\/wp-json\/wp\/v2\/categories?post=1109"},{"taxonomy":"post_tag","embeddable":true,"href":"https:\/\/usagers-transports.haut-allier.eu\/index.php\/wp-json\/wp\/v2\/tags?post=1109"}],"curies":[{"name":"wp","href":"https:\/\/api.w.org\/{rel}","templated":true}]}}