{"id":111,"date":"2014-01-27T10:18:04","date_gmt":"2014-01-27T09:18:04","guid":{"rendered":"http:\/\/5.45.101.177\/haut-allier\/usagers-transportse\/index.php\/2014\/01\/27\/pendant-ce-temps-en-paca-on-ouvre111\/"},"modified":"2014-01-27T10:18:04","modified_gmt":"2014-01-27T09:18:04","slug":"pendant-ce-temps-en-paca-on-ouvre111","status":"publish","type":"post","link":"https:\/\/usagers-transports.haut-allier.eu\/index.php\/2014\/01\/27\/pendant-ce-temps-en-paca-on-ouvre111\/","title":{"rendered":"Pendant ce temps en PACA : on ouvre des lignes TER !"},"content":{"rendered":"<p>Alors que la r\u00e9gion Languedoc Roussillon est championne du z\u00e9ro faisant, de la suppression des trains et de la fermeture des gares le week-end sur ses lignes dites secondaires, en Provence Alpes C\u00f4te d&rsquo;Azur c&rsquo;est l&rsquo;inverse, on rouvre \u00e0 tour de bras et on cr\u00e9e des lignes : la virgule, reliant Avignon TGV \u00e0 la gare Avignon Centre vient d&rsquo;\u00eatre mise en service et la ligne Avignon Carpentras c&rsquo;est pour tr\u00e8s bient\u00f4t.<br \/>\n&nbsp;<br \/>\n<strong>Tant mieux pour les habitants proven\u00e7aux et alpins qui b\u00e9n\u00e9ficient d&rsquo;une r\u00e9gion responsable. Et tant pis pour les languedociens et roussillonnais qui par ici attendent l&rsquo;ouverture du service voyageurs \u00e0 l&rsquo;ouest du Rh\u00f4ne depuis 9 ans, qui par l\u00e0 voient leurs lignes irriguantes embl\u00e9matiques et essentielles fermer les unes apr\u00e8s les autres, remplac\u00e9es par des autocars.<\/strong><br \/>\n&nbsp;<br \/>\nOn pourra <a href=\"http:\/\/www.regionpaca.fr\/actualites\/detail-actualite\/article\/transports-la-virgule-ponctue-votre-quotidien.html\">lire<\/a> le communiqu\u00e9 de la R\u00e9gion PACA pour en savoir plus sur ces nouvelles liaisons.<\/p>\n","protected":false},"excerpt":{"rendered":"<p>Alors que la r\u00e9gion Languedoc Roussillon est championne du z\u00e9ro faisant, de la suppression des trains et de<\/p>\n","protected":false},"author":1,"featured_media":1576,"comment_status":"closed","ping_status":"open","sticky":false,"template":"","format":"standard","meta":{"footnotes":""},"categories":[2],"tags":[],"class_list":["post-111","post","type-post","status-publish","format-standard","has-post-thumbnail","hentry","category-infos"],"_links":{"self":[{"href":"https:\/\/usagers-transports.haut-allier.eu\/index.php\/wp-json\/wp\/v2\/posts\/111","targetHints":{"allow":["GET"]}}],"collection":[{"href":"https:\/\/usagers-transports.haut-allier.eu\/index.php\/wp-json\/wp\/v2\/posts"}],"about":[{"href":"https:\/\/usagers-transports.haut-allier.eu\/index.php\/wp-json\/wp\/v2\/types\/post"}],"author":[{"embeddable":true,"href":"https:\/\/usagers-transports.haut-allier.eu\/index.php\/wp-json\/wp\/v2\/users\/1"}],"replies":[{"embeddable":true,"href":"https:\/\/usagers-transports.haut-allier.eu\/index.php\/wp-json\/wp\/v2\/comments?post=111"}],"version-history":[{"count":0,"href":"https:\/\/usagers-transports.haut-allier.eu\/index.php\/wp-json\/wp\/v2\/posts\/111\/revisions"}],"wp:featuredmedia":[{"embeddable":true,"href":"https:\/\/usagers-transports.haut-allier.eu\/index.php\/wp-json\/wp\/v2\/media\/1576"}],"wp:attachment":[{"href":"https:\/\/usagers-transports.haut-allier.eu\/index.php\/wp-json\/wp\/v2\/media?parent=111"}],"wp:term":[{"taxonomy":"category","embeddable":true,"href":"https:\/\/usagers-transports.haut-allier.eu\/index.php\/wp-json\/wp\/v2\/categories?post=111"},{"taxonomy":"post_tag","embeddable":true,"href":"https:\/\/usagers-transports.haut-allier.eu\/index.php\/wp-json\/wp\/v2\/tags?post=111"}],"curies":[{"name":"wp","href":"https:\/\/api.w.org\/{rel}","templated":true}]}}