{"id":1110,"date":"2024-06-13T19:00:31","date_gmt":"2024-06-13T17:00:31","guid":{"rendered":"http:\/\/5.45.101.177\/haut-allier\/usagers-transportse\/index.php\/2024\/06\/13\/comite-de-mobilite-auvergne-du-131110\/"},"modified":"2024-06-13T19:00:31","modified_gmt":"2024-06-13T17:00:31","slug":"comite-de-mobilite-auvergne-du-131110","status":"publish","type":"post","link":"https:\/\/usagers-transports.haut-allier.eu\/index.php\/2024\/06\/13\/comite-de-mobilite-auvergne-du-131110\/","title":{"rendered":"Comit\u00e9 de Mobilit\u00e9 Auvergne du 13 juin 2024 \u00e0 Clermont Ferrand"},"content":{"rendered":"<p>Le COMOB technique \u00ab\u00a0Auvergne\u00a0\u00bb s&rsquo;est tenu \u00e0 l&rsquo;h\u00f4tel de R\u00e9gion Auvergne Rh\u00f4ne Alpes en pr\u00e9sence notamment d&rsquo;Emanuel Legagne et Eric Saliou du service transports de la r\u00e9gion ainsi que des repr\u00e9sentants de SNCF Voyageurs et SNCF R\u00e9seau devant quelques organisations d&rsquo;usagers.<br \/>\n&nbsp;<br \/>\nVoici le diaporama pr\u00e9sent\u00e9 (excusez la qualit\u00e9). Nos remarques en fin de pr\u00e9sentation. Vous avez aussi l&rsquo;audio complet en 3 fichiers (pr\u00e8s de 3h et demi).<\/p>\n<p><img loading=\"lazy\" decoding=\"async\" class=\" aligncenter size-full wp-image-5098\" src=\"http:\/\/5.45.101.177\/haut-allier\/usagers-transportse\/wp-content\/uploads\/2024\/06\/rmimg_20240613_091059.jpg\" alt=\"rmimg_20240613_091059.jpg\" align=\"center\" width=\"2000\" height=\"1500\" srcset=\"https:\/\/usagers-transports.haut-allier.eu\/wp-content\/uploads\/2024\/06\/rmimg_20240613_091059.jpg 2000w, https:\/\/usagers-transports.haut-allier.eu\/wp-content\/uploads\/2024\/06\/rmimg_20240613_091059-300x225.jpg 300w, https:\/\/usagers-transports.haut-allier.eu\/wp-content\/uploads\/2024\/06\/rmimg_20240613_091059-1024x768.jpg 1024w, https:\/\/usagers-transports.haut-allier.eu\/wp-content\/uploads\/2024\/06\/rmimg_20240613_091059-768x576.jpg 768w, https:\/\/usagers-transports.haut-allier.eu\/wp-content\/uploads\/2024\/06\/rmimg_20240613_091059-1536x1152.jpg 1536w\" sizes=\"auto, (max-width: 2000px) 100vw, 2000px\" \/><br \/>\n<img loading=\"lazy\" decoding=\"async\" class=\" aligncenter size-full wp-image-5099\" src=\"http:\/\/5.45.101.177\/haut-allier\/usagers-transportse\/wp-content\/uploads\/2024\/06\/rmimg_20240613_091115.jpg\" alt=\"rmimg_20240613_091115.jpg\" align=\"center\" width=\"2000\" height=\"1090\" srcset=\"https:\/\/usagers-transports.haut-allier.eu\/wp-content\/uploads\/2024\/06\/rmimg_20240613_091115.jpg 2000w, https:\/\/usagers-transports.haut-allier.eu\/wp-content\/uploads\/2024\/06\/rmimg_20240613_091115-300x164.jpg 300w, https:\/\/usagers-transports.haut-allier.eu\/wp-content\/uploads\/2024\/06\/rmimg_20240613_091115-1024x558.jpg 1024w, https:\/\/usagers-transports.haut-allier.eu\/wp-content\/uploads\/2024\/06\/rmimg_20240613_091115-768x419.jpg 768w, https:\/\/usagers-transports.haut-allier.eu\/wp-content\/uploads\/2024\/06\/rmimg_20240613_091115-1536x837.jpg 1536w\" sizes=\"auto, (max-width: 2000px) 100vw, 2000px\" \/><br \/>\n<img loading=\"lazy\" decoding=\"async\" class=\" aligncenter size-full wp-image-5100\" src=\"http:\/\/5.45.101.177\/haut-allier\/usagers-transportse\/wp-content\/uploads\/2024\/06\/rmimg_20240613_091135.jpg\" alt=\"rmimg_20240613_091135.jpg\" align=\"center\" width=\"2000\" height=\"1500\" srcset=\"https:\/\/usagers-transports.haut-allier.eu\/wp-content\/uploads\/2024\/06\/rmimg_20240613_091135.jpg 2000w, https:\/\/usagers-transports.haut-allier.eu\/wp-content\/uploads\/2024\/06\/rmimg_20240613_091135-300x225.jpg 300w, https:\/\/usagers-transports.haut-allier.eu\/wp-content\/uploads\/2024\/06\/rmimg_20240613_091135-1024x768.jpg 1024w, https:\/\/usagers-transports.haut-allier.eu\/wp-content\/uploads\/2024\/06\/rmimg_20240613_091135-768x576.jpg 768w, https:\/\/usagers-transports.haut-allier.eu\/wp-content\/uploads\/2024\/06\/rmimg_20240613_091135-1536x1152.jpg 1536w\" sizes=\"auto, (max-width: 2000px) 100vw, 2000px\" \/><br \/>\n<img loading=\"lazy\" decoding=\"async\" class=\" aligncenter size-full wp-image-5101\" src=\"http:\/\/5.45.101.177\/haut-allier\/usagers-transportse\/wp-content\/uploads\/2024\/06\/rmimg_20240613_091253.jpg\" alt=\"rmimg_20240613_091253.jpg\" align=\"center\" width=\"2000\" height=\"1101\" srcset=\"https:\/\/usagers-transports.haut-allier.eu\/wp-content\/uploads\/2024\/06\/rmimg_20240613_091253.jpg 2000w, https:\/\/usagers-transports.haut-allier.eu\/wp-content\/uploads\/2024\/06\/rmimg_20240613_091253-300x165.jpg 300w, https:\/\/usagers-transports.haut-allier.eu\/wp-content\/uploads\/2024\/06\/rmimg_20240613_091253-1024x564.jpg 1024w, https:\/\/usagers-transports.haut-allier.eu\/wp-content\/uploads\/2024\/06\/rmimg_20240613_091253-768x423.jpg 768w, https:\/\/usagers-transports.haut-allier.eu\/wp-content\/uploads\/2024\/06\/rmimg_20240613_091253-1536x846.jpg 1536w\" sizes=\"auto, (max-width: 2000px) 100vw, 2000px\" \/><br \/>\n<img loading=\"lazy\" decoding=\"async\" class=\" aligncenter size-full wp-image-5102\" src=\"http:\/\/5.45.101.177\/haut-allier\/usagers-transportse\/wp-content\/uploads\/2024\/06\/rmimg_20240613_091451.jpg\" alt=\"rmimg_20240613_091451.jpg\" align=\"center\" width=\"2000\" height=\"1114\" srcset=\"https:\/\/usagers-transports.haut-allier.eu\/wp-content\/uploads\/2024\/06\/rmimg_20240613_091451.jpg 2000w, https:\/\/usagers-transports.haut-allier.eu\/wp-content\/uploads\/2024\/06\/rmimg_20240613_091451-300x167.jpg 300w, https:\/\/usagers-transports.haut-allier.eu\/wp-content\/uploads\/2024\/06\/rmimg_20240613_091451-1024x570.jpg 1024w, https:\/\/usagers-transports.haut-allier.eu\/wp-content\/uploads\/2024\/06\/rmimg_20240613_091451-768x428.jpg 768w, https:\/\/usagers-transports.haut-allier.eu\/wp-content\/uploads\/2024\/06\/rmimg_20240613_091451-1536x856.jpg 1536w\" sizes=\"auto, (max-width: 2000px) 100vw, 2000px\" \/><br \/>\n<img loading=\"lazy\" decoding=\"async\" class=\" aligncenter size-full wp-image-5103\" src=\"http:\/\/5.45.101.177\/haut-allier\/usagers-transportse\/wp-content\/uploads\/2024\/06\/rmimg_20240613_091318.jpg\" alt=\"rmimg_20240613_091318.jpg\" align=\"center\" width=\"2000\" height=\"1114\" srcset=\"https:\/\/usagers-transports.haut-allier.eu\/wp-content\/uploads\/2024\/06\/rmimg_20240613_091318.jpg 2000w, https:\/\/usagers-transports.haut-allier.eu\/wp-content\/uploads\/2024\/06\/rmimg_20240613_091318-300x167.jpg 300w, https:\/\/usagers-transports.haut-allier.eu\/wp-content\/uploads\/2024\/06\/rmimg_20240613_091318-1024x570.jpg 1024w, https:\/\/usagers-transports.haut-allier.eu\/wp-content\/uploads\/2024\/06\/rmimg_20240613_091318-768x428.jpg 768w, https:\/\/usagers-transports.haut-allier.eu\/wp-content\/uploads\/2024\/06\/rmimg_20240613_091318-1536x856.jpg 1536w\" sizes=\"auto, (max-width: 2000px) 100vw, 2000px\" \/><br \/>\n<img loading=\"lazy\" decoding=\"async\" class=\" aligncenter size-full wp-image-5104\" src=\"http:\/\/5.45.101.177\/haut-allier\/usagers-transportse\/wp-content\/uploads\/2024\/06\/rmimg_20240613_091628.jpg\" alt=\"rmimg_20240613_091628.jpg\" align=\"center\" width=\"2000\" height=\"1100\" srcset=\"https:\/\/usagers-transports.haut-allier.eu\/wp-content\/uploads\/2024\/06\/rmimg_20240613_091628.jpg 2000w, https:\/\/usagers-transports.haut-allier.eu\/wp-content\/uploads\/2024\/06\/rmimg_20240613_091628-300x165.jpg 300w, https:\/\/usagers-transports.haut-allier.eu\/wp-content\/uploads\/2024\/06\/rmimg_20240613_091628-1024x563.jpg 1024w, https:\/\/usagers-transports.haut-allier.eu\/wp-content\/uploads\/2024\/06\/rmimg_20240613_091628-768x422.jpg 768w, https:\/\/usagers-transports.haut-allier.eu\/wp-content\/uploads\/2024\/06\/rmimg_20240613_091628-1536x845.jpg 1536w\" sizes=\"auto, (max-width: 2000px) 100vw, 2000px\" \/><br \/>\n<img loading=\"lazy\" decoding=\"async\" class=\" aligncenter size-full wp-image-5105\" src=\"http:\/\/5.45.101.177\/haut-allier\/usagers-transportse\/wp-content\/uploads\/2024\/06\/rmimg_20240613_091735.jpg\" alt=\"rmimg_20240613_091735.jpg\" align=\"center\" width=\"2000\" height=\"1106\" srcset=\"https:\/\/usagers-transports.haut-allier.eu\/wp-content\/uploads\/2024\/06\/rmimg_20240613_091735.jpg 2000w, https:\/\/usagers-transports.haut-allier.eu\/wp-content\/uploads\/2024\/06\/rmimg_20240613_091735-300x166.jpg 300w, https:\/\/usagers-transports.haut-allier.eu\/wp-content\/uploads\/2024\/06\/rmimg_20240613_091735-1024x566.jpg 1024w, https:\/\/usagers-transports.haut-allier.eu\/wp-content\/uploads\/2024\/06\/rmimg_20240613_091735-768x425.jpg 768w, https:\/\/usagers-transports.haut-allier.eu\/wp-content\/uploads\/2024\/06\/rmimg_20240613_091735-1536x849.jpg 1536w\" sizes=\"auto, (max-width: 2000px) 100vw, 2000px\" \/><br \/>\n<img loading=\"lazy\" decoding=\"async\" class=\" aligncenter size-full wp-image-5106\" src=\"http:\/\/5.45.101.177\/haut-allier\/usagers-transportse\/wp-content\/uploads\/2024\/06\/rmimg_20240613_091856.jpg\" alt=\"rmimg_20240613_091856.jpg\" align=\"center\" width=\"2000\" height=\"1061\" srcset=\"https:\/\/usagers-transports.haut-allier.eu\/wp-content\/uploads\/2024\/06\/rmimg_20240613_091856.jpg 2000w, https:\/\/usagers-transports.haut-allier.eu\/wp-content\/uploads\/2024\/06\/rmimg_20240613_091856-300x159.jpg 300w, https:\/\/usagers-transports.haut-allier.eu\/wp-content\/uploads\/2024\/06\/rmimg_20240613_091856-1024x543.jpg 1024w, https:\/\/usagers-transports.haut-allier.eu\/wp-content\/uploads\/2024\/06\/rmimg_20240613_091856-768x407.jpg 768w, https:\/\/usagers-transports.haut-allier.eu\/wp-content\/uploads\/2024\/06\/rmimg_20240613_091856-1536x815.jpg 1536w\" sizes=\"auto, (max-width: 2000px) 100vw, 2000px\" \/><br \/>\n<img loading=\"lazy\" decoding=\"async\" class=\" aligncenter size-full wp-image-5107\" src=\"http:\/\/5.45.101.177\/haut-allier\/usagers-transportse\/wp-content\/uploads\/2024\/06\/rmimg_20240613_092118.jpg\" alt=\"rmimg_20240613_092118.jpg\" align=\"center\" width=\"2000\" height=\"1147\" srcset=\"https:\/\/usagers-transports.haut-allier.eu\/wp-content\/uploads\/2024\/06\/rmimg_20240613_092118.jpg 2000w, https:\/\/usagers-transports.haut-allier.eu\/wp-content\/uploads\/2024\/06\/rmimg_20240613_092118-300x172.jpg 300w, https:\/\/usagers-transports.haut-allier.eu\/wp-content\/uploads\/2024\/06\/rmimg_20240613_092118-1024x587.jpg 1024w, https:\/\/usagers-transports.haut-allier.eu\/wp-content\/uploads\/2024\/06\/rmimg_20240613_092118-768x440.jpg 768w, https:\/\/usagers-transports.haut-allier.eu\/wp-content\/uploads\/2024\/06\/rmimg_20240613_092118-1536x881.jpg 1536w\" sizes=\"auto, (max-width: 2000px) 100vw, 2000px\" \/><br \/>\n<img loading=\"lazy\" decoding=\"async\" class=\" aligncenter size-full wp-image-5108\" src=\"http:\/\/5.45.101.177\/haut-allier\/usagers-transportse\/wp-content\/uploads\/2024\/06\/rmimg_20240613_092219.jpg\" alt=\"rmimg_20240613_092219.jpg\" align=\"center\" width=\"2000\" height=\"1115\" srcset=\"https:\/\/usagers-transports.haut-allier.eu\/wp-content\/uploads\/2024\/06\/rmimg_20240613_092219.jpg 2000w, https:\/\/usagers-transports.haut-allier.eu\/wp-content\/uploads\/2024\/06\/rmimg_20240613_092219-300x167.jpg 300w, https:\/\/usagers-transports.haut-allier.eu\/wp-content\/uploads\/2024\/06\/rmimg_20240613_092219-1024x571.jpg 1024w, https:\/\/usagers-transports.haut-allier.eu\/wp-content\/uploads\/2024\/06\/rmimg_20240613_092219-768x428.jpg 768w, https:\/\/usagers-transports.haut-allier.eu\/wp-content\/uploads\/2024\/06\/rmimg_20240613_092219-1536x856.jpg 1536w\" sizes=\"auto, (max-width: 2000px) 100vw, 2000px\" \/><br \/>\n<img loading=\"lazy\" decoding=\"async\" class=\" aligncenter size-full wp-image-5109\" src=\"http:\/\/5.45.101.177\/haut-allier\/usagers-transportse\/wp-content\/uploads\/2024\/06\/rmimg_20240613_092454.jpg\" alt=\"rmimg_20240613_092454.jpg\" align=\"center\" width=\"2000\" height=\"1095\" srcset=\"https:\/\/usagers-transports.haut-allier.eu\/wp-content\/uploads\/2024\/06\/rmimg_20240613_092454.jpg 2000w, https:\/\/usagers-transports.haut-allier.eu\/wp-content\/uploads\/2024\/06\/rmimg_20240613_092454-300x164.jpg 300w, https:\/\/usagers-transports.haut-allier.eu\/wp-content\/uploads\/2024\/06\/rmimg_20240613_092454-1024x561.jpg 1024w, https:\/\/usagers-transports.haut-allier.eu\/wp-content\/uploads\/2024\/06\/rmimg_20240613_092454-768x420.jpg 768w, https:\/\/usagers-transports.haut-allier.eu\/wp-content\/uploads\/2024\/06\/rmimg_20240613_092454-1536x841.jpg 1536w\" sizes=\"auto, (max-width: 2000px) 100vw, 2000px\" \/><br \/>\n<img loading=\"lazy\" decoding=\"async\" class=\" aligncenter size-full wp-image-5110\" src=\"http:\/\/5.45.101.177\/haut-allier\/usagers-transportse\/wp-content\/uploads\/2024\/06\/rmimg_20240613_092609.jpg\" alt=\"rmimg_20240613_092609.jpg\" align=\"center\" width=\"2000\" height=\"1055\" srcset=\"https:\/\/usagers-transports.haut-allier.eu\/wp-content\/uploads\/2024\/06\/rmimg_20240613_092609.jpg 2000w, https:\/\/usagers-transports.haut-allier.eu\/wp-content\/uploads\/2024\/06\/rmimg_20240613_092609-300x158.jpg 300w, https:\/\/usagers-transports.haut-allier.eu\/wp-content\/uploads\/2024\/06\/rmimg_20240613_092609-1024x540.jpg 1024w, https:\/\/usagers-transports.haut-allier.eu\/wp-content\/uploads\/2024\/06\/rmimg_20240613_092609-768x405.jpg 768w, https:\/\/usagers-transports.haut-allier.eu\/wp-content\/uploads\/2024\/06\/rmimg_20240613_092609-1536x810.jpg 1536w\" sizes=\"auto, (max-width: 2000px) 100vw, 2000px\" \/><br \/>\n<img loading=\"lazy\" decoding=\"async\" class=\" aligncenter size-full wp-image-5111\" src=\"http:\/\/5.45.101.177\/haut-allier\/usagers-transportse\/wp-content\/uploads\/2024\/06\/rmimg_20240613_093107.jpg\" alt=\"rmimg_20240613_093107.jpg\" align=\"center\" width=\"2000\" height=\"1117\" srcset=\"https:\/\/usagers-transports.haut-allier.eu\/wp-content\/uploads\/2024\/06\/rmimg_20240613_093107.jpg 2000w, https:\/\/usagers-transports.haut-allier.eu\/wp-content\/uploads\/2024\/06\/rmimg_20240613_093107-300x168.jpg 300w, https:\/\/usagers-transports.haut-allier.eu\/wp-content\/uploads\/2024\/06\/rmimg_20240613_093107-1024x572.jpg 1024w, https:\/\/usagers-transports.haut-allier.eu\/wp-content\/uploads\/2024\/06\/rmimg_20240613_093107-768x429.jpg 768w, https:\/\/usagers-transports.haut-allier.eu\/wp-content\/uploads\/2024\/06\/rmimg_20240613_093107-1536x858.jpg 1536w\" sizes=\"auto, (max-width: 2000px) 100vw, 2000px\" \/><br \/>\n<img loading=\"lazy\" decoding=\"async\" class=\" aligncenter size-full wp-image-5112\" src=\"http:\/\/5.45.101.177\/haut-allier\/usagers-transportse\/wp-content\/uploads\/2024\/06\/rmimg_20240613_093455.jpg\" alt=\"rmimg_20240613_093455.jpg\" align=\"center\" width=\"2000\" height=\"1117\" srcset=\"https:\/\/usagers-transports.haut-allier.eu\/wp-content\/uploads\/2024\/06\/rmimg_20240613_093455.jpg 2000w, https:\/\/usagers-transports.haut-allier.eu\/wp-content\/uploads\/2024\/06\/rmimg_20240613_093455-300x168.jpg 300w, https:\/\/usagers-transports.haut-allier.eu\/wp-content\/uploads\/2024\/06\/rmimg_20240613_093455-1024x572.jpg 1024w, https:\/\/usagers-transports.haut-allier.eu\/wp-content\/uploads\/2024\/06\/rmimg_20240613_093455-768x429.jpg 768w, https:\/\/usagers-transports.haut-allier.eu\/wp-content\/uploads\/2024\/06\/rmimg_20240613_093455-1536x858.jpg 1536w\" sizes=\"auto, (max-width: 2000px) 100vw, 2000px\" \/><br \/>\n<img loading=\"lazy\" decoding=\"async\" class=\" aligncenter size-full wp-image-5113\" src=\"http:\/\/5.45.101.177\/haut-allier\/usagers-transportse\/wp-content\/uploads\/2024\/06\/rmimg_20240613_094010.jpg\" alt=\"rmimg_20240613_094010.jpg\" align=\"center\" width=\"2000\" height=\"1500\" srcset=\"https:\/\/usagers-transports.haut-allier.eu\/wp-content\/uploads\/2024\/06\/rmimg_20240613_094010.jpg 2000w, https:\/\/usagers-transports.haut-allier.eu\/wp-content\/uploads\/2024\/06\/rmimg_20240613_094010-300x225.jpg 300w, https:\/\/usagers-transports.haut-allier.eu\/wp-content\/uploads\/2024\/06\/rmimg_20240613_094010-1024x768.jpg 1024w, https:\/\/usagers-transports.haut-allier.eu\/wp-content\/uploads\/2024\/06\/rmimg_20240613_094010-768x576.jpg 768w, https:\/\/usagers-transports.haut-allier.eu\/wp-content\/uploads\/2024\/06\/rmimg_20240613_094010-1536x1152.jpg 1536w\" sizes=\"auto, (max-width: 2000px) 100vw, 2000px\" \/><br \/>\n<img loading=\"lazy\" decoding=\"async\" class=\" aligncenter size-full wp-image-5114\" src=\"http:\/\/5.45.101.177\/haut-allier\/usagers-transportse\/wp-content\/uploads\/2024\/06\/rmimg_20240613_094424.jpg\" alt=\"rmimg_20240613_094424.jpg\" align=\"center\" width=\"2000\" height=\"1121\" srcset=\"https:\/\/usagers-transports.haut-allier.eu\/wp-content\/uploads\/2024\/06\/rmimg_20240613_094424.jpg 2000w, https:\/\/usagers-transports.haut-allier.eu\/wp-content\/uploads\/2024\/06\/rmimg_20240613_094424-300x168.jpg 300w, https:\/\/usagers-transports.haut-allier.eu\/wp-content\/uploads\/2024\/06\/rmimg_20240613_094424-1024x574.jpg 1024w, https:\/\/usagers-transports.haut-allier.eu\/wp-content\/uploads\/2024\/06\/rmimg_20240613_094424-768x430.jpg 768w, https:\/\/usagers-transports.haut-allier.eu\/wp-content\/uploads\/2024\/06\/rmimg_20240613_094424-1536x861.jpg 1536w\" sizes=\"auto, (max-width: 2000px) 100vw, 2000px\" \/><br \/>\n<img loading=\"lazy\" decoding=\"async\" class=\" aligncenter size-full wp-image-5115\" src=\"http:\/\/5.45.101.177\/haut-allier\/usagers-transportse\/wp-content\/uploads\/2024\/06\/rmimg_20240613_095014.jpg\" alt=\"rmimg_20240613_095014.jpg\" align=\"center\" width=\"2000\" height=\"1500\" srcset=\"https:\/\/usagers-transports.haut-allier.eu\/wp-content\/uploads\/2024\/06\/rmimg_20240613_095014.jpg 2000w, https:\/\/usagers-transports.haut-allier.eu\/wp-content\/uploads\/2024\/06\/rmimg_20240613_095014-300x225.jpg 300w, https:\/\/usagers-transports.haut-allier.eu\/wp-content\/uploads\/2024\/06\/rmimg_20240613_095014-1024x768.jpg 1024w, https:\/\/usagers-transports.haut-allier.eu\/wp-content\/uploads\/2024\/06\/rmimg_20240613_095014-768x576.jpg 768w, https:\/\/usagers-transports.haut-allier.eu\/wp-content\/uploads\/2024\/06\/rmimg_20240613_095014-1536x1152.jpg 1536w\" sizes=\"auto, (max-width: 2000px) 100vw, 2000px\" \/><br \/>\n<img loading=\"lazy\" decoding=\"async\" class=\" aligncenter size-full wp-image-5116\" src=\"http:\/\/5.45.101.177\/haut-allier\/usagers-transportse\/wp-content\/uploads\/2024\/06\/rmimg_20240613_100047.jpg\" alt=\"rmimg_20240613_100047.jpg\" align=\"center\" width=\"2000\" height=\"1133\" srcset=\"https:\/\/usagers-transports.haut-allier.eu\/wp-content\/uploads\/2024\/06\/rmimg_20240613_100047.jpg 2000w, https:\/\/usagers-transports.haut-allier.eu\/wp-content\/uploads\/2024\/06\/rmimg_20240613_100047-300x170.jpg 300w, https:\/\/usagers-transports.haut-allier.eu\/wp-content\/uploads\/2024\/06\/rmimg_20240613_100047-1024x580.jpg 1024w, https:\/\/usagers-transports.haut-allier.eu\/wp-content\/uploads\/2024\/06\/rmimg_20240613_100047-768x435.jpg 768w, https:\/\/usagers-transports.haut-allier.eu\/wp-content\/uploads\/2024\/06\/rmimg_20240613_100047-1536x870.jpg 1536w\" sizes=\"auto, (max-width: 2000px) 100vw, 2000px\" \/><br \/>\n<img loading=\"lazy\" decoding=\"async\" class=\" aligncenter size-full wp-image-5117\" src=\"http:\/\/5.45.101.177\/haut-allier\/usagers-transportse\/wp-content\/uploads\/2024\/06\/rmimg_20240613_095933.jpg\" alt=\"rmimg_20240613_095933.jpg\" align=\"center\" width=\"2000\" height=\"1133\" srcset=\"https:\/\/usagers-transports.haut-allier.eu\/wp-content\/uploads\/2024\/06\/rmimg_20240613_095933.jpg 2000w, https:\/\/usagers-transports.haut-allier.eu\/wp-content\/uploads\/2024\/06\/rmimg_20240613_095933-300x170.jpg 300w, https:\/\/usagers-transports.haut-allier.eu\/wp-content\/uploads\/2024\/06\/rmimg_20240613_095933-1024x580.jpg 1024w, https:\/\/usagers-transports.haut-allier.eu\/wp-content\/uploads\/2024\/06\/rmimg_20240613_095933-768x435.jpg 768w, https:\/\/usagers-transports.haut-allier.eu\/wp-content\/uploads\/2024\/06\/rmimg_20240613_095933-1536x870.jpg 1536w\" sizes=\"auto, (max-width: 2000px) 100vw, 2000px\" \/><br \/>\n<img loading=\"lazy\" decoding=\"async\" class=\" aligncenter size-full wp-image-5118\" src=\"http:\/\/5.45.101.177\/haut-allier\/usagers-transportse\/wp-content\/uploads\/2024\/06\/rmimg_20240613_100349.jpg\" alt=\"rmimg_20240613_100349.jpg\" align=\"center\" width=\"2000\" height=\"1133\" srcset=\"https:\/\/usagers-transports.haut-allier.eu\/wp-content\/uploads\/2024\/06\/rmimg_20240613_100349.jpg 2000w, https:\/\/usagers-transports.haut-allier.eu\/wp-content\/uploads\/2024\/06\/rmimg_20240613_100349-300x170.jpg 300w, https:\/\/usagers-transports.haut-allier.eu\/wp-content\/uploads\/2024\/06\/rmimg_20240613_100349-1024x580.jpg 1024w, https:\/\/usagers-transports.haut-allier.eu\/wp-content\/uploads\/2024\/06\/rmimg_20240613_100349-768x435.jpg 768w, https:\/\/usagers-transports.haut-allier.eu\/wp-content\/uploads\/2024\/06\/rmimg_20240613_100349-1536x870.jpg 1536w\" sizes=\"auto, (max-width: 2000px) 100vw, 2000px\" \/><br \/>\n<img loading=\"lazy\" decoding=\"async\" class=\" aligncenter size-full wp-image-5119\" src=\"http:\/\/5.45.101.177\/haut-allier\/usagers-transportse\/wp-content\/uploads\/2024\/06\/rmimg_20240613_100418.jpg\" alt=\"rmimg_20240613_100418.jpg\" align=\"center\" width=\"2000\" height=\"1169\" srcset=\"https:\/\/usagers-transports.haut-allier.eu\/wp-content\/uploads\/2024\/06\/rmimg_20240613_100418.jpg 2000w, https:\/\/usagers-transports.haut-allier.eu\/wp-content\/uploads\/2024\/06\/rmimg_20240613_100418-300x175.jpg 300w, https:\/\/usagers-transports.haut-allier.eu\/wp-content\/uploads\/2024\/06\/rmimg_20240613_100418-1024x599.jpg 1024w, https:\/\/usagers-transports.haut-allier.eu\/wp-content\/uploads\/2024\/06\/rmimg_20240613_100418-768x449.jpg 768w, https:\/\/usagers-transports.haut-allier.eu\/wp-content\/uploads\/2024\/06\/rmimg_20240613_100418-1536x898.jpg 1536w\" sizes=\"auto, (max-width: 2000px) 100vw, 2000px\" \/><br \/>\n<img loading=\"lazy\" decoding=\"async\" class=\" aligncenter size-full wp-image-5120\" src=\"http:\/\/5.45.101.177\/haut-allier\/usagers-transportse\/wp-content\/uploads\/2024\/06\/rmimg_20240613_102000.jpg\" alt=\"rmimg_20240613_102000.jpg\" align=\"center\" width=\"2000\" height=\"1187\" srcset=\"https:\/\/usagers-transports.haut-allier.eu\/wp-content\/uploads\/2024\/06\/rmimg_20240613_102000.jpg 2000w, https:\/\/usagers-transports.haut-allier.eu\/wp-content\/uploads\/2024\/06\/rmimg_20240613_102000-300x178.jpg 300w, https:\/\/usagers-transports.haut-allier.eu\/wp-content\/uploads\/2024\/06\/rmimg_20240613_102000-1024x608.jpg 1024w, https:\/\/usagers-transports.haut-allier.eu\/wp-content\/uploads\/2024\/06\/rmimg_20240613_102000-768x456.jpg 768w, https:\/\/usagers-transports.haut-allier.eu\/wp-content\/uploads\/2024\/06\/rmimg_20240613_102000-1536x912.jpg 1536w\" sizes=\"auto, (max-width: 2000px) 100vw, 2000px\" \/><br \/>\n<img loading=\"lazy\" decoding=\"async\" class=\" aligncenter size-full wp-image-5121\" src=\"http:\/\/5.45.101.177\/haut-allier\/usagers-transportse\/wp-content\/uploads\/2024\/06\/rmimg_20240613_101605.jpg\" alt=\"rmimg_20240613_101605.jpg\" align=\"center\" width=\"2000\" height=\"1130\" srcset=\"https:\/\/usagers-transports.haut-allier.eu\/wp-content\/uploads\/2024\/06\/rmimg_20240613_101605.jpg 2000w, https:\/\/usagers-transports.haut-allier.eu\/wp-content\/uploads\/2024\/06\/rmimg_20240613_101605-300x170.jpg 300w, https:\/\/usagers-transports.haut-allier.eu\/wp-content\/uploads\/2024\/06\/rmimg_20240613_101605-1024x579.jpg 1024w, https:\/\/usagers-transports.haut-allier.eu\/wp-content\/uploads\/2024\/06\/rmimg_20240613_101605-768x434.jpg 768w, https:\/\/usagers-transports.haut-allier.eu\/wp-content\/uploads\/2024\/06\/rmimg_20240613_101605-1536x868.jpg 1536w\" sizes=\"auto, (max-width: 2000px) 100vw, 2000px\" \/><br \/>\n<img loading=\"lazy\" decoding=\"async\" class=\" aligncenter size-full wp-image-5122\" src=\"http:\/\/5.45.101.177\/haut-allier\/usagers-transportse\/wp-content\/uploads\/2024\/06\/rmimg_20240613_104714.jpg\" alt=\"rmimg_20240613_104714.jpg\" align=\"center\" width=\"2000\" height=\"1144\" srcset=\"https:\/\/usagers-transports.haut-allier.eu\/wp-content\/uploads\/2024\/06\/rmimg_20240613_104714.jpg 2000w, https:\/\/usagers-transports.haut-allier.eu\/wp-content\/uploads\/2024\/06\/rmimg_20240613_104714-300x172.jpg 300w, https:\/\/usagers-transports.haut-allier.eu\/wp-content\/uploads\/2024\/06\/rmimg_20240613_104714-1024x586.jpg 1024w, https:\/\/usagers-transports.haut-allier.eu\/wp-content\/uploads\/2024\/06\/rmimg_20240613_104714-768x439.jpg 768w, https:\/\/usagers-transports.haut-allier.eu\/wp-content\/uploads\/2024\/06\/rmimg_20240613_104714-1536x879.jpg 1536w\" sizes=\"auto, (max-width: 2000px) 100vw, 2000px\" \/><br \/>\n<img loading=\"lazy\" decoding=\"async\" class=\" aligncenter size-full wp-image-5123\" src=\"http:\/\/5.45.101.177\/haut-allier\/usagers-transportse\/wp-content\/uploads\/2024\/06\/rmimg_20240613_104856.jpg\" alt=\"rmimg_20240613_104856.jpg\" align=\"center\" width=\"2000\" height=\"1115\" srcset=\"https:\/\/usagers-transports.haut-allier.eu\/wp-content\/uploads\/2024\/06\/rmimg_20240613_104856.jpg 2000w, https:\/\/usagers-transports.haut-allier.eu\/wp-content\/uploads\/2024\/06\/rmimg_20240613_104856-300x167.jpg 300w, https:\/\/usagers-transports.haut-allier.eu\/wp-content\/uploads\/2024\/06\/rmimg_20240613_104856-1024x571.jpg 1024w, https:\/\/usagers-transports.haut-allier.eu\/wp-content\/uploads\/2024\/06\/rmimg_20240613_104856-768x428.jpg 768w, https:\/\/usagers-transports.haut-allier.eu\/wp-content\/uploads\/2024\/06\/rmimg_20240613_104856-1536x856.jpg 1536w\" sizes=\"auto, (max-width: 2000px) 100vw, 2000px\" \/><br \/>\n<img loading=\"lazy\" decoding=\"async\" class=\" aligncenter size-full wp-image-5124\" src=\"http:\/\/5.45.101.177\/haut-allier\/usagers-transportse\/wp-content\/uploads\/2024\/06\/rmimg_20240613_105302-scaled.jpg\" alt=\"rmimg_20240613_105302.jpg\" align=\"center\" width=\"2560\" height=\"1392\" srcset=\"https:\/\/usagers-transports.haut-allier.eu\/wp-content\/uploads\/2024\/06\/rmimg_20240613_105302-scaled.jpg 2560w, https:\/\/usagers-transports.haut-allier.eu\/wp-content\/uploads\/2024\/06\/rmimg_20240613_105302-300x163.jpg 300w, https:\/\/usagers-transports.haut-allier.eu\/wp-content\/uploads\/2024\/06\/rmimg_20240613_105302-1024x557.jpg 1024w, https:\/\/usagers-transports.haut-allier.eu\/wp-content\/uploads\/2024\/06\/rmimg_20240613_105302-768x418.jpg 768w, https:\/\/usagers-transports.haut-allier.eu\/wp-content\/uploads\/2024\/06\/rmimg_20240613_105302-1536x835.jpg 1536w, https:\/\/usagers-transports.haut-allier.eu\/wp-content\/uploads\/2024\/06\/rmimg_20240613_105302-2048x1113.jpg 2048w\" sizes=\"auto, (max-width: 2560px) 100vw, 2560px\" \/><br \/>\n<img loading=\"lazy\" decoding=\"async\" class=\" aligncenter size-full wp-image-5125\" src=\"http:\/\/5.45.101.177\/haut-allier\/usagers-transportse\/wp-content\/uploads\/2024\/06\/rmimg_20240613_105052.jpg\" alt=\"rmimg_20240613_105052.jpg\" align=\"center\" width=\"2000\" height=\"1008\" srcset=\"https:\/\/usagers-transports.haut-allier.eu\/wp-content\/uploads\/2024\/06\/rmimg_20240613_105052.jpg 2000w, https:\/\/usagers-transports.haut-allier.eu\/wp-content\/uploads\/2024\/06\/rmimg_20240613_105052-300x151.jpg 300w, https:\/\/usagers-transports.haut-allier.eu\/wp-content\/uploads\/2024\/06\/rmimg_20240613_105052-1024x516.jpg 1024w, https:\/\/usagers-transports.haut-allier.eu\/wp-content\/uploads\/2024\/06\/rmimg_20240613_105052-768x387.jpg 768w, https:\/\/usagers-transports.haut-allier.eu\/wp-content\/uploads\/2024\/06\/rmimg_20240613_105052-1536x774.jpg 1536w\" sizes=\"auto, (max-width: 2000px) 100vw, 2000px\" \/><br \/>\n<img loading=\"lazy\" decoding=\"async\" class=\" aligncenter size-full wp-image-5126\" src=\"http:\/\/5.45.101.177\/haut-allier\/usagers-transportse\/wp-content\/uploads\/2024\/06\/rmimg_20240613_105133.jpg\" alt=\"rmimg_20240613_105133.jpg\" align=\"center\" width=\"2000\" height=\"1008\" srcset=\"https:\/\/usagers-transports.haut-allier.eu\/wp-content\/uploads\/2024\/06\/rmimg_20240613_105133.jpg 2000w, https:\/\/usagers-transports.haut-allier.eu\/wp-content\/uploads\/2024\/06\/rmimg_20240613_105133-300x151.jpg 300w, https:\/\/usagers-transports.haut-allier.eu\/wp-content\/uploads\/2024\/06\/rmimg_20240613_105133-1024x516.jpg 1024w, https:\/\/usagers-transports.haut-allier.eu\/wp-content\/uploads\/2024\/06\/rmimg_20240613_105133-768x387.jpg 768w, https:\/\/usagers-transports.haut-allier.eu\/wp-content\/uploads\/2024\/06\/rmimg_20240613_105133-1536x774.jpg 1536w\" sizes=\"auto, (max-width: 2000px) 100vw, 2000px\" \/><br \/>\n<img loading=\"lazy\" decoding=\"async\" class=\" aligncenter size-full wp-image-5127\" src=\"http:\/\/5.45.101.177\/haut-allier\/usagers-transportse\/wp-content\/uploads\/2024\/06\/rmimg_20240613_105207.jpg\" alt=\"rmimg_20240613_105207.jpg\" align=\"center\" width=\"2000\" height=\"1058\" srcset=\"https:\/\/usagers-transports.haut-allier.eu\/wp-content\/uploads\/2024\/06\/rmimg_20240613_105207.jpg 2000w, https:\/\/usagers-transports.haut-allier.eu\/wp-content\/uploads\/2024\/06\/rmimg_20240613_105207-300x159.jpg 300w, https:\/\/usagers-transports.haut-allier.eu\/wp-content\/uploads\/2024\/06\/rmimg_20240613_105207-1024x542.jpg 1024w, https:\/\/usagers-transports.haut-allier.eu\/wp-content\/uploads\/2024\/06\/rmimg_20240613_105207-768x406.jpg 768w, https:\/\/usagers-transports.haut-allier.eu\/wp-content\/uploads\/2024\/06\/rmimg_20240613_105207-1536x813.jpg 1536w\" sizes=\"auto, (max-width: 2000px) 100vw, 2000px\" \/><br \/>\n<img loading=\"lazy\" decoding=\"async\" class=\" aligncenter size-full wp-image-5128\" src=\"http:\/\/5.45.101.177\/haut-allier\/usagers-transportse\/wp-content\/uploads\/2024\/06\/rmimg_20240613_105426.jpg\" alt=\"rmimg_20240613_105426.jpg\" align=\"center\" width=\"2000\" height=\"1087\" srcset=\"https:\/\/usagers-transports.haut-allier.eu\/wp-content\/uploads\/2024\/06\/rmimg_20240613_105426.jpg 2000w, https:\/\/usagers-transports.haut-allier.eu\/wp-content\/uploads\/2024\/06\/rmimg_20240613_105426-300x163.jpg 300w, https:\/\/usagers-transports.haut-allier.eu\/wp-content\/uploads\/2024\/06\/rmimg_20240613_105426-1024x557.jpg 1024w, https:\/\/usagers-transports.haut-allier.eu\/wp-content\/uploads\/2024\/06\/rmimg_20240613_105426-768x417.jpg 768w, https:\/\/usagers-transports.haut-allier.eu\/wp-content\/uploads\/2024\/06\/rmimg_20240613_105426-1536x835.jpg 1536w\" sizes=\"auto, (max-width: 2000px) 100vw, 2000px\" \/><br \/>\n<img loading=\"lazy\" decoding=\"async\" class=\" aligncenter size-full wp-image-5129\" src=\"http:\/\/5.45.101.177\/haut-allier\/usagers-transportse\/wp-content\/uploads\/2024\/06\/rmimg_20240613_105513.jpg\" alt=\"rmimg_20240613_105513.jpg\" align=\"center\" width=\"2000\" height=\"1087\" srcset=\"https:\/\/usagers-transports.haut-allier.eu\/wp-content\/uploads\/2024\/06\/rmimg_20240613_105513.jpg 2000w, https:\/\/usagers-transports.haut-allier.eu\/wp-content\/uploads\/2024\/06\/rmimg_20240613_105513-300x163.jpg 300w, https:\/\/usagers-transports.haut-allier.eu\/wp-content\/uploads\/2024\/06\/rmimg_20240613_105513-1024x557.jpg 1024w, https:\/\/usagers-transports.haut-allier.eu\/wp-content\/uploads\/2024\/06\/rmimg_20240613_105513-768x417.jpg 768w, https:\/\/usagers-transports.haut-allier.eu\/wp-content\/uploads\/2024\/06\/rmimg_20240613_105513-1536x835.jpg 1536w\" sizes=\"auto, (max-width: 2000px) 100vw, 2000px\" \/><br \/>\n<img loading=\"lazy\" decoding=\"async\" class=\" aligncenter size-full wp-image-5130\" src=\"http:\/\/5.45.101.177\/haut-allier\/usagers-transportse\/wp-content\/uploads\/2024\/06\/rmimg_20240613_105551.jpg\" alt=\"rmimg_20240613_105551.jpg\" align=\"center\" width=\"2000\" height=\"1087\" srcset=\"https:\/\/usagers-transports.haut-allier.eu\/wp-content\/uploads\/2024\/06\/rmimg_20240613_105551.jpg 2000w, https:\/\/usagers-transports.haut-allier.eu\/wp-content\/uploads\/2024\/06\/rmimg_20240613_105551-300x163.jpg 300w, https:\/\/usagers-transports.haut-allier.eu\/wp-content\/uploads\/2024\/06\/rmimg_20240613_105551-1024x557.jpg 1024w, https:\/\/usagers-transports.haut-allier.eu\/wp-content\/uploads\/2024\/06\/rmimg_20240613_105551-768x417.jpg 768w, https:\/\/usagers-transports.haut-allier.eu\/wp-content\/uploads\/2024\/06\/rmimg_20240613_105551-1536x835.jpg 1536w\" sizes=\"auto, (max-width: 2000px) 100vw, 2000px\" \/><br \/>\n<img loading=\"lazy\" decoding=\"async\" class=\" aligncenter size-full wp-image-5131\" src=\"http:\/\/5.45.101.177\/haut-allier\/usagers-transportse\/wp-content\/uploads\/2024\/06\/rmimg_20240613_105640-scaled.jpg\" alt=\"rmimg_20240613_105640.jpg\" align=\"center\" width=\"2560\" height=\"1445\" srcset=\"https:\/\/usagers-transports.haut-allier.eu\/wp-content\/uploads\/2024\/06\/rmimg_20240613_105640-scaled.jpg 2560w, https:\/\/usagers-transports.haut-allier.eu\/wp-content\/uploads\/2024\/06\/rmimg_20240613_105640-300x169.jpg 300w, https:\/\/usagers-transports.haut-allier.eu\/wp-content\/uploads\/2024\/06\/rmimg_20240613_105640-1024x578.jpg 1024w, https:\/\/usagers-transports.haut-allier.eu\/wp-content\/uploads\/2024\/06\/rmimg_20240613_105640-768x433.jpg 768w, https:\/\/usagers-transports.haut-allier.eu\/wp-content\/uploads\/2024\/06\/rmimg_20240613_105640-1536x867.jpg 1536w, https:\/\/usagers-transports.haut-allier.eu\/wp-content\/uploads\/2024\/06\/rmimg_20240613_105640-2048x1156.jpg 2048w\" sizes=\"auto, (max-width: 2560px) 100vw, 2560px\" \/><br \/>\n<img loading=\"lazy\" decoding=\"async\" class=\" aligncenter size-full wp-image-5132\" src=\"http:\/\/5.45.101.177\/haut-allier\/usagers-transportse\/wp-content\/uploads\/2024\/06\/rmimg_20240613_105632.jpg\" alt=\"rmimg_20240613_105632.jpg\" align=\"center\" width=\"2000\" height=\"1128\" srcset=\"https:\/\/usagers-transports.haut-allier.eu\/wp-content\/uploads\/2024\/06\/rmimg_20240613_105632.jpg 2000w, https:\/\/usagers-transports.haut-allier.eu\/wp-content\/uploads\/2024\/06\/rmimg_20240613_105632-300x169.jpg 300w, https:\/\/usagers-transports.haut-allier.eu\/wp-content\/uploads\/2024\/06\/rmimg_20240613_105632-1024x578.jpg 1024w, https:\/\/usagers-transports.haut-allier.eu\/wp-content\/uploads\/2024\/06\/rmimg_20240613_105632-768x433.jpg 768w, https:\/\/usagers-transports.haut-allier.eu\/wp-content\/uploads\/2024\/06\/rmimg_20240613_105632-1536x866.jpg 1536w\" sizes=\"auto, (max-width: 2000px) 100vw, 2000px\" \/><br \/>\n<img loading=\"lazy\" decoding=\"async\" class=\" aligncenter size-full wp-image-5133\" src=\"http:\/\/5.45.101.177\/haut-allier\/usagers-transportse\/wp-content\/uploads\/2024\/06\/rmimg_20240613_105740.jpg\" alt=\"rmimg_20240613_105740.jpg\" align=\"center\" width=\"2000\" height=\"1128\" srcset=\"https:\/\/usagers-transports.haut-allier.eu\/wp-content\/uploads\/2024\/06\/rmimg_20240613_105740.jpg 2000w, https:\/\/usagers-transports.haut-allier.eu\/wp-content\/uploads\/2024\/06\/rmimg_20240613_105740-300x169.jpg 300w, https:\/\/usagers-transports.haut-allier.eu\/wp-content\/uploads\/2024\/06\/rmimg_20240613_105740-1024x578.jpg 1024w, https:\/\/usagers-transports.haut-allier.eu\/wp-content\/uploads\/2024\/06\/rmimg_20240613_105740-768x433.jpg 768w, https:\/\/usagers-transports.haut-allier.eu\/wp-content\/uploads\/2024\/06\/rmimg_20240613_105740-1536x866.jpg 1536w\" sizes=\"auto, (max-width: 2000px) 100vw, 2000px\" \/><br \/>\n<img loading=\"lazy\" decoding=\"async\" class=\" aligncenter size-full wp-image-5134\" src=\"http:\/\/5.45.101.177\/haut-allier\/usagers-transportse\/wp-content\/uploads\/2024\/06\/rmimg_20240613_111618-scaled.jpg\" alt=\"rmimg_20240613_111618.jpg\" align=\"center\" width=\"2560\" height=\"1498\" srcset=\"https:\/\/usagers-transports.haut-allier.eu\/wp-content\/uploads\/2024\/06\/rmimg_20240613_111618-scaled.jpg 2560w, https:\/\/usagers-transports.haut-allier.eu\/wp-content\/uploads\/2024\/06\/rmimg_20240613_111618-300x176.jpg 300w, https:\/\/usagers-transports.haut-allier.eu\/wp-content\/uploads\/2024\/06\/rmimg_20240613_111618-1024x599.jpg 1024w, https:\/\/usagers-transports.haut-allier.eu\/wp-content\/uploads\/2024\/06\/rmimg_20240613_111618-768x449.jpg 768w, https:\/\/usagers-transports.haut-allier.eu\/wp-content\/uploads\/2024\/06\/rmimg_20240613_111618-1536x899.jpg 1536w, https:\/\/usagers-transports.haut-allier.eu\/wp-content\/uploads\/2024\/06\/rmimg_20240613_111618-2048x1198.jpg 2048w\" sizes=\"auto, (max-width: 2560px) 100vw, 2560px\" \/><br \/>\n<img loading=\"lazy\" decoding=\"async\" class=\" aligncenter size-full wp-image-5135\" src=\"http:\/\/5.45.101.177\/haut-allier\/usagers-transportse\/wp-content\/uploads\/2024\/06\/rmimg_20240613_105857.jpg\" alt=\"rmimg_20240613_105857.jpg\" align=\"center\" width=\"2000\" height=\"1128\" srcset=\"https:\/\/usagers-transports.haut-allier.eu\/wp-content\/uploads\/2024\/06\/rmimg_20240613_105857.jpg 2000w, https:\/\/usagers-transports.haut-allier.eu\/wp-content\/uploads\/2024\/06\/rmimg_20240613_105857-300x169.jpg 300w, https:\/\/usagers-transports.haut-allier.eu\/wp-content\/uploads\/2024\/06\/rmimg_20240613_105857-1024x578.jpg 1024w, https:\/\/usagers-transports.haut-allier.eu\/wp-content\/uploads\/2024\/06\/rmimg_20240613_105857-768x433.jpg 768w, https:\/\/usagers-transports.haut-allier.eu\/wp-content\/uploads\/2024\/06\/rmimg_20240613_105857-1536x866.jpg 1536w\" sizes=\"auto, (max-width: 2000px) 100vw, 2000px\" \/><br \/>\n<img loading=\"lazy\" decoding=\"async\" class=\" aligncenter size-full wp-image-5136\" src=\"http:\/\/5.45.101.177\/haut-allier\/usagers-transportse\/wp-content\/uploads\/2024\/06\/rmimg_20240613_111433.jpg\" alt=\"rmimg_20240613_111433.jpg\" align=\"center\" width=\"2000\" height=\"1500\" srcset=\"https:\/\/usagers-transports.haut-allier.eu\/wp-content\/uploads\/2024\/06\/rmimg_20240613_111433.jpg 2000w, https:\/\/usagers-transports.haut-allier.eu\/wp-content\/uploads\/2024\/06\/rmimg_20240613_111433-300x225.jpg 300w, https:\/\/usagers-transports.haut-allier.eu\/wp-content\/uploads\/2024\/06\/rmimg_20240613_111433-1024x768.jpg 1024w, https:\/\/usagers-transports.haut-allier.eu\/wp-content\/uploads\/2024\/06\/rmimg_20240613_111433-768x576.jpg 768w, https:\/\/usagers-transports.haut-allier.eu\/wp-content\/uploads\/2024\/06\/rmimg_20240613_111433-1536x1152.jpg 1536w\" sizes=\"auto, (max-width: 2000px) 100vw, 2000px\" \/><br \/>\n<img loading=\"lazy\" decoding=\"async\" class=\" aligncenter size-full wp-image-5137\" src=\"http:\/\/5.45.101.177\/haut-allier\/usagers-transportse\/wp-content\/uploads\/2024\/06\/rmimg_20240613_113924.jpg\" alt=\"rmimg_20240613_113924.jpg\" align=\"center\" width=\"2000\" height=\"1163\" srcset=\"https:\/\/usagers-transports.haut-allier.eu\/wp-content\/uploads\/2024\/06\/rmimg_20240613_113924.jpg 2000w, https:\/\/usagers-transports.haut-allier.eu\/wp-content\/uploads\/2024\/06\/rmimg_20240613_113924-300x174.jpg 300w, https:\/\/usagers-transports.haut-allier.eu\/wp-content\/uploads\/2024\/06\/rmimg_20240613_113924-1024x595.jpg 1024w, https:\/\/usagers-transports.haut-allier.eu\/wp-content\/uploads\/2024\/06\/rmimg_20240613_113924-768x447.jpg 768w, https:\/\/usagers-transports.haut-allier.eu\/wp-content\/uploads\/2024\/06\/rmimg_20240613_113924-1536x893.jpg 1536w\" sizes=\"auto, (max-width: 2000px) 100vw, 2000px\" \/><br \/>\n<img loading=\"lazy\" decoding=\"async\" class=\" aligncenter size-full wp-image-5138\" src=\"http:\/\/5.45.101.177\/haut-allier\/usagers-transportse\/wp-content\/uploads\/2024\/06\/rmimg_20240613_120629-scaled.jpg\" alt=\"rmimg_20240613_120629.jpg\" align=\"center\" width=\"2560\" height=\"1413\" srcset=\"https:\/\/usagers-transports.haut-allier.eu\/wp-content\/uploads\/2024\/06\/rmimg_20240613_120629-scaled.jpg 2560w, https:\/\/usagers-transports.haut-allier.eu\/wp-content\/uploads\/2024\/06\/rmimg_20240613_120629-300x166.jpg 300w, https:\/\/usagers-transports.haut-allier.eu\/wp-content\/uploads\/2024\/06\/rmimg_20240613_120629-1024x565.jpg 1024w, https:\/\/usagers-transports.haut-allier.eu\/wp-content\/uploads\/2024\/06\/rmimg_20240613_120629-768x424.jpg 768w, https:\/\/usagers-transports.haut-allier.eu\/wp-content\/uploads\/2024\/06\/rmimg_20240613_120629-1536x848.jpg 1536w, https:\/\/usagers-transports.haut-allier.eu\/wp-content\/uploads\/2024\/06\/rmimg_20240613_120629-2048x1130.jpg 2048w\" sizes=\"auto, (max-width: 2560px) 100vw, 2560px\" \/><br \/>\n<img loading=\"lazy\" decoding=\"async\" class=\" aligncenter size-full wp-image-5139\" src=\"http:\/\/5.45.101.177\/haut-allier\/usagers-transportse\/wp-content\/uploads\/2024\/06\/rmimg_20240613_114911.jpg\" alt=\"rmimg_20240613_114911.jpg\" align=\"center\" width=\"2000\" height=\"1016\" srcset=\"https:\/\/usagers-transports.haut-allier.eu\/wp-content\/uploads\/2024\/06\/rmimg_20240613_114911.jpg 2000w, https:\/\/usagers-transports.haut-allier.eu\/wp-content\/uploads\/2024\/06\/rmimg_20240613_114911-300x152.jpg 300w, https:\/\/usagers-transports.haut-allier.eu\/wp-content\/uploads\/2024\/06\/rmimg_20240613_114911-1024x520.jpg 1024w, https:\/\/usagers-transports.haut-allier.eu\/wp-content\/uploads\/2024\/06\/rmimg_20240613_114911-768x390.jpg 768w, https:\/\/usagers-transports.haut-allier.eu\/wp-content\/uploads\/2024\/06\/rmimg_20240613_114911-1536x780.jpg 1536w\" sizes=\"auto, (max-width: 2000px) 100vw, 2000px\" \/><br \/>\n<img loading=\"lazy\" decoding=\"async\" class=\" aligncenter size-full wp-image-5140\" src=\"http:\/\/5.45.101.177\/haut-allier\/usagers-transportse\/wp-content\/uploads\/2024\/06\/rmimg_20240613_115824_1.jpg\" alt=\"rmimg_20240613_115824_1.jpg\" align=\"center\" width=\"2000\" height=\"1122\" srcset=\"https:\/\/usagers-transports.haut-allier.eu\/wp-content\/uploads\/2024\/06\/rmimg_20240613_115824_1.jpg 2000w, https:\/\/usagers-transports.haut-allier.eu\/wp-content\/uploads\/2024\/06\/rmimg_20240613_115824_1-300x168.jpg 300w, https:\/\/usagers-transports.haut-allier.eu\/wp-content\/uploads\/2024\/06\/rmimg_20240613_115824_1-1024x574.jpg 1024w, https:\/\/usagers-transports.haut-allier.eu\/wp-content\/uploads\/2024\/06\/rmimg_20240613_115824_1-768x431.jpg 768w, https:\/\/usagers-transports.haut-allier.eu\/wp-content\/uploads\/2024\/06\/rmimg_20240613_115824_1-1536x862.jpg 1536w\" sizes=\"auto, (max-width: 2000px) 100vw, 2000px\" \/><br \/>\n<img loading=\"lazy\" decoding=\"async\" class=\" aligncenter size-full wp-image-5141\" src=\"http:\/\/5.45.101.177\/haut-allier\/usagers-transportse\/wp-content\/uploads\/2024\/06\/rmimg_20240613_120650.jpg\" alt=\"rmimg_20240613_120650.jpg\" align=\"center\" width=\"2000\" height=\"1008\" srcset=\"https:\/\/usagers-transports.haut-allier.eu\/wp-content\/uploads\/2024\/06\/rmimg_20240613_120650.jpg 2000w, https:\/\/usagers-transports.haut-allier.eu\/wp-content\/uploads\/2024\/06\/rmimg_20240613_120650-300x151.jpg 300w, https:\/\/usagers-transports.haut-allier.eu\/wp-content\/uploads\/2024\/06\/rmimg_20240613_120650-1024x516.jpg 1024w, https:\/\/usagers-transports.haut-allier.eu\/wp-content\/uploads\/2024\/06\/rmimg_20240613_120650-768x387.jpg 768w, https:\/\/usagers-transports.haut-allier.eu\/wp-content\/uploads\/2024\/06\/rmimg_20240613_120650-1536x774.jpg 1536w\" sizes=\"auto, (max-width: 2000px) 100vw, 2000px\" \/><br \/>\n<img loading=\"lazy\" decoding=\"async\" class=\" aligncenter size-full wp-image-5142\" src=\"http:\/\/5.45.101.177\/haut-allier\/usagers-transportse\/wp-content\/uploads\/2024\/06\/rmimg_20240613_120826.jpg\" alt=\"rmimg_20240613_120826.jpg\" align=\"center\" width=\"2000\" height=\"1084\" srcset=\"https:\/\/usagers-transports.haut-allier.eu\/wp-content\/uploads\/2024\/06\/rmimg_20240613_120826.jpg 2000w, https:\/\/usagers-transports.haut-allier.eu\/wp-content\/uploads\/2024\/06\/rmimg_20240613_120826-300x163.jpg 300w, https:\/\/usagers-transports.haut-allier.eu\/wp-content\/uploads\/2024\/06\/rmimg_20240613_120826-1024x555.jpg 1024w, https:\/\/usagers-transports.haut-allier.eu\/wp-content\/uploads\/2024\/06\/rmimg_20240613_120826-768x416.jpg 768w, https:\/\/usagers-transports.haut-allier.eu\/wp-content\/uploads\/2024\/06\/rmimg_20240613_120826-1536x833.jpg 1536w\" sizes=\"auto, (max-width: 2000px) 100vw, 2000px\" \/><br \/>\n<img loading=\"lazy\" decoding=\"async\" class=\" aligncenter size-full wp-image-5143\" src=\"http:\/\/5.45.101.177\/haut-allier\/usagers-transportse\/wp-content\/uploads\/2024\/06\/rmimg_20240613_120945.jpg\" alt=\"rmimg_20240613_120945.jpg\" align=\"center\" width=\"2000\" height=\"1141\" srcset=\"https:\/\/usagers-transports.haut-allier.eu\/wp-content\/uploads\/2024\/06\/rmimg_20240613_120945.jpg 2000w, https:\/\/usagers-transports.haut-allier.eu\/wp-content\/uploads\/2024\/06\/rmimg_20240613_120945-300x171.jpg 300w, https:\/\/usagers-transports.haut-allier.eu\/wp-content\/uploads\/2024\/06\/rmimg_20240613_120945-1024x584.jpg 1024w, https:\/\/usagers-transports.haut-allier.eu\/wp-content\/uploads\/2024\/06\/rmimg_20240613_120945-768x438.jpg 768w, https:\/\/usagers-transports.haut-allier.eu\/wp-content\/uploads\/2024\/06\/rmimg_20240613_120945-1536x876.jpg 1536w\" sizes=\"auto, (max-width: 2000px) 100vw, 2000px\" \/><br \/>\n<img loading=\"lazy\" decoding=\"async\" class=\" aligncenter size-full wp-image-5144\" src=\"http:\/\/5.45.101.177\/haut-allier\/usagers-transportse\/wp-content\/uploads\/2024\/06\/rmimg_20240613_121004.jpg\" alt=\"rmimg_20240613_121004.jpg\" align=\"center\" width=\"2000\" height=\"1500\" srcset=\"https:\/\/usagers-transports.haut-allier.eu\/wp-content\/uploads\/2024\/06\/rmimg_20240613_121004.jpg 2000w, https:\/\/usagers-transports.haut-allier.eu\/wp-content\/uploads\/2024\/06\/rmimg_20240613_121004-300x225.jpg 300w, https:\/\/usagers-transports.haut-allier.eu\/wp-content\/uploads\/2024\/06\/rmimg_20240613_121004-1024x768.jpg 1024w, https:\/\/usagers-transports.haut-allier.eu\/wp-content\/uploads\/2024\/06\/rmimg_20240613_121004-768x576.jpg 768w, https:\/\/usagers-transports.haut-allier.eu\/wp-content\/uploads\/2024\/06\/rmimg_20240613_121004-1536x1152.jpg 1536w\" sizes=\"auto, (max-width: 2000px) 100vw, 2000px\" \/><br \/>\n<img loading=\"lazy\" decoding=\"async\" class=\" aligncenter size-full wp-image-5145\" src=\"http:\/\/5.45.101.177\/haut-allier\/usagers-transportse\/wp-content\/uploads\/2024\/06\/rmimg_20240613_121118.jpg\" alt=\"rmimg_20240613_121118.jpg\" align=\"center\" width=\"2000\" height=\"1500\" srcset=\"https:\/\/usagers-transports.haut-allier.eu\/wp-content\/uploads\/2024\/06\/rmimg_20240613_121118.jpg 2000w, https:\/\/usagers-transports.haut-allier.eu\/wp-content\/uploads\/2024\/06\/rmimg_20240613_121118-300x225.jpg 300w, https:\/\/usagers-transports.haut-allier.eu\/wp-content\/uploads\/2024\/06\/rmimg_20240613_121118-1024x768.jpg 1024w, https:\/\/usagers-transports.haut-allier.eu\/wp-content\/uploads\/2024\/06\/rmimg_20240613_121118-768x576.jpg 768w, https:\/\/usagers-transports.haut-allier.eu\/wp-content\/uploads\/2024\/06\/rmimg_20240613_121118-1536x1152.jpg 1536w\" sizes=\"auto, (max-width: 2000px) 100vw, 2000px\" \/><br \/>\n<img loading=\"lazy\" decoding=\"async\" class=\" aligncenter size-full wp-image-5146\" src=\"http:\/\/5.45.101.177\/haut-allier\/usagers-transportse\/wp-content\/uploads\/2024\/06\/rmimg_20240613_121538.jpg\" alt=\"rmimg_20240613_121538.jpg\" align=\"center\" width=\"2000\" height=\"1500\" srcset=\"https:\/\/usagers-transports.haut-allier.eu\/wp-content\/uploads\/2024\/06\/rmimg_20240613_121538.jpg 2000w, https:\/\/usagers-transports.haut-allier.eu\/wp-content\/uploads\/2024\/06\/rmimg_20240613_121538-300x225.jpg 300w, https:\/\/usagers-transports.haut-allier.eu\/wp-content\/uploads\/2024\/06\/rmimg_20240613_121538-1024x768.jpg 1024w, https:\/\/usagers-transports.haut-allier.eu\/wp-content\/uploads\/2024\/06\/rmimg_20240613_121538-768x576.jpg 768w, https:\/\/usagers-transports.haut-allier.eu\/wp-content\/uploads\/2024\/06\/rmimg_20240613_121538-1536x1152.jpg 1536w\" sizes=\"auto, (max-width: 2000px) 100vw, 2000px\" \/><br \/>\n<img loading=\"lazy\" decoding=\"async\" class=\" aligncenter size-full wp-image-5147\" src=\"http:\/\/5.45.101.177\/haut-allier\/usagers-transportse\/wp-content\/uploads\/2024\/06\/rmimg_20240613_121545.jpg\" alt=\"rmimg_20240613_121545.jpg\" align=\"center\" width=\"2000\" height=\"1038\" srcset=\"https:\/\/usagers-transports.haut-allier.eu\/wp-content\/uploads\/2024\/06\/rmimg_20240613_121545.jpg 2000w, https:\/\/usagers-transports.haut-allier.eu\/wp-content\/uploads\/2024\/06\/rmimg_20240613_121545-300x156.jpg 300w, https:\/\/usagers-transports.haut-allier.eu\/wp-content\/uploads\/2024\/06\/rmimg_20240613_121545-1024x531.jpg 1024w, https:\/\/usagers-transports.haut-allier.eu\/wp-content\/uploads\/2024\/06\/rmimg_20240613_121545-768x399.jpg 768w, https:\/\/usagers-transports.haut-allier.eu\/wp-content\/uploads\/2024\/06\/rmimg_20240613_121545-1536x797.jpg 1536w\" sizes=\"auto, (max-width: 2000px) 100vw, 2000px\" \/><br \/>\n<img loading=\"lazy\" decoding=\"async\" class=\" aligncenter size-full wp-image-5148\" src=\"http:\/\/5.45.101.177\/haut-allier\/usagers-transportse\/wp-content\/uploads\/2024\/06\/rmimg_20240613_122719.jpg\" alt=\"rmimg_20240613_122719.jpg\" align=\"center\" width=\"2000\" height=\"1185\" srcset=\"https:\/\/usagers-transports.haut-allier.eu\/wp-content\/uploads\/2024\/06\/rmimg_20240613_122719.jpg 2000w, https:\/\/usagers-transports.haut-allier.eu\/wp-content\/uploads\/2024\/06\/rmimg_20240613_122719-300x178.jpg 300w, https:\/\/usagers-transports.haut-allier.eu\/wp-content\/uploads\/2024\/06\/rmimg_20240613_122719-1024x607.jpg 1024w, https:\/\/usagers-transports.haut-allier.eu\/wp-content\/uploads\/2024\/06\/rmimg_20240613_122719-768x455.jpg 768w, https:\/\/usagers-transports.haut-allier.eu\/wp-content\/uploads\/2024\/06\/rmimg_20240613_122719-1536x910.jpg 1536w\" sizes=\"auto, (max-width: 2000px) 100vw, 2000px\" \/><br \/>\n<img loading=\"lazy\" decoding=\"async\" class=\" aligncenter size-full wp-image-5149\" src=\"http:\/\/5.45.101.177\/haut-allier\/usagers-transportse\/wp-content\/uploads\/2024\/06\/rmimg_20240613_123013.jpg\" alt=\"rmimg_20240613_123013.jpg\" align=\"center\" width=\"2000\" height=\"1128\" srcset=\"https:\/\/usagers-transports.haut-allier.eu\/wp-content\/uploads\/2024\/06\/rmimg_20240613_123013.jpg 2000w, https:\/\/usagers-transports.haut-allier.eu\/wp-content\/uploads\/2024\/06\/rmimg_20240613_123013-300x169.jpg 300w, https:\/\/usagers-transports.haut-allier.eu\/wp-content\/uploads\/2024\/06\/rmimg_20240613_123013-1024x578.jpg 1024w, https:\/\/usagers-transports.haut-allier.eu\/wp-content\/uploads\/2024\/06\/rmimg_20240613_123013-768x433.jpg 768w, https:\/\/usagers-transports.haut-allier.eu\/wp-content\/uploads\/2024\/06\/rmimg_20240613_123013-1536x866.jpg 1536w\" sizes=\"auto, (max-width: 2000px) 100vw, 2000px\" \/><br \/>\n<img loading=\"lazy\" decoding=\"async\" class=\" aligncenter size-full wp-image-5150\" src=\"http:\/\/5.45.101.177\/haut-allier\/usagers-transportse\/wp-content\/uploads\/2024\/06\/rmimg_20240613_123124.jpg\" alt=\"rmimg_20240613_123124.jpg\" align=\"center\" width=\"2000\" height=\"1123\" srcset=\"https:\/\/usagers-transports.haut-allier.eu\/wp-content\/uploads\/2024\/06\/rmimg_20240613_123124.jpg 2000w, https:\/\/usagers-transports.haut-allier.eu\/wp-content\/uploads\/2024\/06\/rmimg_20240613_123124-300x168.jpg 300w, https:\/\/usagers-transports.haut-allier.eu\/wp-content\/uploads\/2024\/06\/rmimg_20240613_123124-1024x575.jpg 1024w, https:\/\/usagers-transports.haut-allier.eu\/wp-content\/uploads\/2024\/06\/rmimg_20240613_123124-768x431.jpg 768w, https:\/\/usagers-transports.haut-allier.eu\/wp-content\/uploads\/2024\/06\/rmimg_20240613_123124-1536x862.jpg 1536w\" sizes=\"auto, (max-width: 2000px) 100vw, 2000px\" \/><br \/>\n<img loading=\"lazy\" decoding=\"async\" class=\" aligncenter size-full wp-image-5151\" src=\"http:\/\/5.45.101.177\/haut-allier\/usagers-transportse\/wp-content\/uploads\/2024\/06\/rmimg_20240613_123305.jpg\" alt=\"rmimg_20240613_123305.jpg\" align=\"center\" width=\"2000\" height=\"1123\" srcset=\"https:\/\/usagers-transports.haut-allier.eu\/wp-content\/uploads\/2024\/06\/rmimg_20240613_123305.jpg 2000w, https:\/\/usagers-transports.haut-allier.eu\/wp-content\/uploads\/2024\/06\/rmimg_20240613_123305-300x168.jpg 300w, https:\/\/usagers-transports.haut-allier.eu\/wp-content\/uploads\/2024\/06\/rmimg_20240613_123305-1024x575.jpg 1024w, https:\/\/usagers-transports.haut-allier.eu\/wp-content\/uploads\/2024\/06\/rmimg_20240613_123305-768x431.jpg 768w, https:\/\/usagers-transports.haut-allier.eu\/wp-content\/uploads\/2024\/06\/rmimg_20240613_123305-1536x862.jpg 1536w\" sizes=\"auto, (max-width: 2000px) 100vw, 2000px\" \/><br \/>\n<img loading=\"lazy\" decoding=\"async\" class=\" aligncenter size-full wp-image-5152\" src=\"http:\/\/5.45.101.177\/haut-allier\/usagers-transportse\/wp-content\/uploads\/2024\/06\/rmimg_20240613_123331.jpg\" alt=\"rmimg_20240613_123331.jpg\" align=\"center\" width=\"2000\" height=\"1123\" srcset=\"https:\/\/usagers-transports.haut-allier.eu\/wp-content\/uploads\/2024\/06\/rmimg_20240613_123331.jpg 2000w, https:\/\/usagers-transports.haut-allier.eu\/wp-content\/uploads\/2024\/06\/rmimg_20240613_123331-300x168.jpg 300w, https:\/\/usagers-transports.haut-allier.eu\/wp-content\/uploads\/2024\/06\/rmimg_20240613_123331-1024x575.jpg 1024w, https:\/\/usagers-transports.haut-allier.eu\/wp-content\/uploads\/2024\/06\/rmimg_20240613_123331-768x431.jpg 768w, https:\/\/usagers-transports.haut-allier.eu\/wp-content\/uploads\/2024\/06\/rmimg_20240613_123331-1536x862.jpg 1536w\" sizes=\"auto, (max-width: 2000px) 100vw, 2000px\" \/><br \/>\n<img loading=\"lazy\" decoding=\"async\" class=\" aligncenter size-full wp-image-5153\" src=\"http:\/\/5.45.101.177\/haut-allier\/usagers-transportse\/wp-content\/uploads\/2024\/06\/rmimg_20240613_123431.jpg\" alt=\"rmimg_20240613_123431.jpg\" align=\"center\" width=\"2000\" height=\"1150\" srcset=\"https:\/\/usagers-transports.haut-allier.eu\/wp-content\/uploads\/2024\/06\/rmimg_20240613_123431.jpg 2000w, https:\/\/usagers-transports.haut-allier.eu\/wp-content\/uploads\/2024\/06\/rmimg_20240613_123431-300x173.jpg 300w, https:\/\/usagers-transports.haut-allier.eu\/wp-content\/uploads\/2024\/06\/rmimg_20240613_123431-1024x589.jpg 1024w, https:\/\/usagers-transports.haut-allier.eu\/wp-content\/uploads\/2024\/06\/rmimg_20240613_123431-768x442.jpg 768w, https:\/\/usagers-transports.haut-allier.eu\/wp-content\/uploads\/2024\/06\/rmimg_20240613_123431-1536x883.jpg 1536w\" sizes=\"auto, (max-width: 2000px) 100vw, 2000px\" \/><br \/>\n<img loading=\"lazy\" decoding=\"async\" class=\" aligncenter size-full wp-image-5154\" src=\"http:\/\/5.45.101.177\/haut-allier\/usagers-transportse\/wp-content\/uploads\/2024\/06\/rmimg_20240613_123450.jpg\" alt=\"rmimg_20240613_123450.jpg\" align=\"center\" width=\"2000\" height=\"1150\" srcset=\"https:\/\/usagers-transports.haut-allier.eu\/wp-content\/uploads\/2024\/06\/rmimg_20240613_123450.jpg 2000w, https:\/\/usagers-transports.haut-allier.eu\/wp-content\/uploads\/2024\/06\/rmimg_20240613_123450-300x173.jpg 300w, https:\/\/usagers-transports.haut-allier.eu\/wp-content\/uploads\/2024\/06\/rmimg_20240613_123450-1024x589.jpg 1024w, https:\/\/usagers-transports.haut-allier.eu\/wp-content\/uploads\/2024\/06\/rmimg_20240613_123450-768x442.jpg 768w, https:\/\/usagers-transports.haut-allier.eu\/wp-content\/uploads\/2024\/06\/rmimg_20240613_123450-1536x883.jpg 1536w\" sizes=\"auto, (max-width: 2000px) 100vw, 2000px\" \/><\/p>\n<p><strong>L&rsquo;audio :<br \/>\n<\/strong><\/p>\n<p><a href=\"http:\/\/5.45.101.177\/haut-allier\/usagers-transportse\/wp-content\/uploads\/2024\/06\/2024-06-13-1c.mp3\">2024-06-13-1c.mp3<\/a><br \/>\n<a href=\"http:\/\/5.45.101.177\/haut-allier\/usagers-transportse\/wp-content\/uploads\/2024\/06\/2024-06-13-2c.mp3\">2024-06-13-2c.mp3<\/a><br \/>\n<a href=\"http:\/\/5.45.101.177\/haut-allier\/usagers-transportse\/wp-content\/uploads\/2024\/06\/2024-06-13-3c.mp3\">2024-06-13-3c.mp3<\/a><\/p>\n<p><strong>Nos notes<br \/>\n<\/strong><\/p>\n<p><strong>&#8211; Le Vice-pr\u00e9sident de la r\u00e9gion charg\u00e9 des transports aurait d\u00e9clar\u00e9 vouloir r\u00e9tablir la liaison Lyon Bordeaux par Montlu\u00e7on. <\/p>\n<p>&#8211; Ligne des C\u00e9vennes : \u00e0 partir de 2025 les travaux de printemps se feront avec coupure de la ligne mais uniquement jusqu&rsquo;\u00e0 16h30 ! Ce qui permettra aux trains de soir\u00e9e de circuler. Voil\u00e0 une excellente nouvelle si elle se confirme.<\/p>\n<p>&#8211; Le SERM (RER M\u00e9tropolitain) de Clermont-Ferrand comprendra Le Puy et Aurillac dans son \u00ab\u00a0p\u00e9rim\u00e8tre \u00e9largi\u00a0\u00bb.<\/p>\n<p>&#8211; L&rsquo;int\u00e9ressement des contr\u00f4leurs de SNCF au nombre de contraventions (4 \u00e0 10% selon la presse) ne s&rsquo;applique pas sur les lignes TER d&rsquo;AuRA.<\/p>\n<p>&#8211; Promesse de maintenance minima de la ligne Thiers Bo\u00ebn : \u00e0 la constatation que rien n&rsquo;est fait sur l&rsquo;\u00e9lagage ou la d\u00e9v\u00e9g\u00e9talisation de l&rsquo;infrastructure, SNCF R\u00e9seau r\u00e9pond : \u00ab\u00a0Si, si, nous prot\u00e9geons les riverains de la ligne\u00a0\u00bb. A l&rsquo;association Letrain634269 on pouffe&#8230;<\/p>\n<p>&#8211; Les probl\u00e8me de d\u00e9shuntage des rames X73500 \u00e9tant d\u00e9sormais r\u00e9solus les usagers demandent pourquoi SNCF ne s\u00e9pare pas les rames qui circulent en binome pour r\u00e9cup\u00e9rer des trains compos\u00e9s d&rsquo;une rame pour certaines lignes puisqu&rsquo;il en manque. R\u00e9ponse : \u00ab\u00a0Il y a une obligation de s\u00e9curit\u00e9 en Auvergne et donc il y a obligation de les mettre en double. Et puis \u00e7a prend trop de temps de les s\u00e9parer : 10 minutes. On pr\u00e9f\u00e8re les laisser en double pour \u00e9viter les manoeuvres en gare\u00a0\u00bb. On croit r\u00eaver, alors qu&rsquo;on nous dit qu&rsquo;il manque des trains et que le r\u00e9seau est sous utilis\u00e9 ! <\/strong> <\/p>\n<p><strong>Notre question :<br \/>\nLigne des C\u00e9vennes N\u00eemes Clermont : nous vous avons demand\u00e9 l&rsquo;ajout d&rsquo;un train le matin t\u00f4t pour permettre aux citoyens d&rsquo;utiliser le train pour leurs trajets du quotidien. Sachant que le premier train venant du sud dessert le haut Allier (le sud de Brioude) vers 11h30. Votre r\u00e9ponse par lettre est que \u00ab\u00a0votre demande sera \u00e9tudi\u00e9e dans le cadre de l\u2019instruction du projet de desserte li\u00e9 \u00e0 l\u2019ouverture \u00e0 la concurrence.\u00a0\u00bb Pouvez vous nous apporter des pr\u00e9cisions dat\u00e9es ? <\/strong> <\/p>\n<p>R\u00e9ponse :<br \/>\nLa demande sera int\u00e9gr\u00e9e lors des appels d&rsquo;offre \u00e0 l&rsquo;occasion de l&rsquo;ouverture \u00e0 la concurrence en&#8230; 2029 r\u00e9p\u00e8te la r\u00e9gion.<\/p>\n<p><strong>Notre question :<br \/>\nLigne Le Puy en Velay &#8211; Clermont Fd : alors qu&rsquo;on f\u00eate cette ann\u00e9e les 150 ans de la ligne, qu&rsquo;en est-il de son avenir apr\u00e8s vos craintes de fermeture la concernant, et comptez vous d\u00e9velopper l&rsquo;offre de trains (3AR par jour) sachant qu&rsquo;une partie importante des trajets actuels s&rsquo;effectue en bus.<\/strong><\/p>\n<p>R\u00e9ponse :<br \/>\nLe volet infrastructure n\u00e9goci\u00e9 par la r\u00e9gion aupr\u00e8s de SNCF R\u00e9seau (50 M et quelques) se fait \u00e0 condition qu&rsquo;il n&rsquo;y ait pas de fermetures de lignes r\u00e9pond la r\u00e9gion. Pour l&rsquo;am\u00e9lioration des fr\u00e9quences trains, il faut se reporter \u00e0 l&rsquo;ouverture \u00e0 la concurrence en 2029. Ce qui signifie que la demande sera int\u00e9gr\u00e9e lors de ces appels d&rsquo;offre d&rsquo;apr\u00e8s ce que nous comprenons.<\/p>\n<p><strong>Notre question :<br \/>\nCPER : Nous avons appris qu&rsquo;une partie importante de l&rsquo;enveloppe ferroviaire d\u00e9di\u00e9e \u00e0 la mobilit\u00e9 des citoyens serait amput\u00e9e au b\u00e9n\u00e9fice de la mise au gabarit des lignes ferroviaires desservant le projet de mine de lithium dans l&rsquo;Allier afin d&rsquo;y faire circuler les trains fret qui la desservent.<br \/>\nNotre collectif et le collectif AuRAil qui regroupe 18 organisations en auvergne rh\u00f4ne alpes affirme sa position : nous sommes farouchement oppos\u00e9s \u00e0 ce qu&rsquo;un budget d\u00e9di\u00e9 \u00e0 la mobilit\u00e9 du quotidien des auvergnats soit utilis\u00e9 pour un op\u00e9rateur priv\u00e9 et pour un projet dont l&rsquo;int\u00e9r\u00eat est national.<br \/>\nNous estimons qu&rsquo;\u00e0 projet d&rsquo;envergure nationale doit correspondre des financements des infrastructures nationaux. Nous souhaitons que ces budgets b\u00e9n\u00e9ficient aux transports ferroviaires du quotidien.<\/strong><\/p>\n<p>R\u00e9ponse : Le financement de ces op\u00e9rations seront en compl\u00e9ment du CPER confirme la r\u00e9gion. Quant \u00e0 savoir si les travaux pourront b\u00e9n\u00e9ficier au service voyageurs, rien n&rsquo;est moins s\u00fbr dit la SNCF, ces lignes \u00e9tant suspendues pour ce service.<\/p>\n<p><strong>Notre question : Alors que tous les projets SERM vont utiliser les lignes ferroviaires existantes d\u00e9di\u00e9s notamment aux TER, nous demandons qu&rsquo;un plan de d\u00e9veloppement des cadences de circulations des trains soit \u00e9labor\u00e9 en amont pour la desserte des liaisons longues inter villes afin qu&rsquo;il soit int\u00e9gr\u00e9 aux grilles horaires ress\u00e9r\u00e9es \u00e9tablies aux abords des m\u00e9tropoles de Clermont et Saint-Etienne.  Afin de ne pas bloquer toute \u00e9volution future.<\/strong><\/p>\n<p>R\u00e9ponse : Les SERM rentrent dans le syst\u00e8me TER donc aucune crainte \u00e0 avoir dit la r\u00e9gion.<\/p>\n<p><strong>Notre question :  Au sujet des TER \u00e0 r\u00e9servation obligatoire et de la r\u00e9servation obligatoire pour les v\u00e9los : qu&rsquo;en est-il de la position de la r\u00e9gion \u00e0 ce sujet ? Autrement dit en cas \u00ab\u00a0de non ad\u00e9quation \u00e0 l&#8217;emport\u00a0\u00bb que va faire la r\u00e9gion ? Dispositif de r\u00e9servation obligatoire ou ajout de rames ?<br \/>\n<\/strong><\/p>\n<p>R\u00e9ponse : Le sujet ne se pose pas pour l&rsquo;instant. Mais pour les v\u00e9los certaines lignes sont d\u00e9j\u00e0 \u00e0 r\u00e9servation les w-ends. Il y a possibilit\u00e9 de bachage des si\u00e8ges et d&rsquo;ajout de personnel : sur la vall\u00e9e du Rh\u00f4ne, un tel dispositif est cofinanc\u00e9 avec la R\u00e9gion Sud. Il sera \u00e9tendu cet \u00e9t\u00e9 aux Alpes (lignes Grenoble Gap &#8211; Lyon Gen\u00e8ve &#8211; Lyon Macon Dijon). Avanc\u00e9e avec pragmatisme sur le sujet dit SNCF Voyageurs.<\/p>\n","protected":false},"excerpt":{"rendered":"<p>Le COMOB technique \u00ab\u00a0Auvergne\u00a0\u00bb s&rsquo;est tenu \u00e0 l&rsquo;h\u00f4tel de R\u00e9gion Auvergne Rh\u00f4ne Alpes en pr\u00e9sence notamment d&rsquo;Emanuel Legagne<\/p>\n","protected":false},"author":1,"featured_media":5097,"comment_status":"closed","ping_status":"open","sticky":false,"template":"","format":"standard","meta":{"footnotes":""},"categories":[3],"tags":[],"class_list":["post-1110","post","type-post","status-publish","format-standard","has-post-thumbnail","hentry","category-en-train"],"_links":{"self":[{"href":"https:\/\/usagers-transports.haut-allier.eu\/index.php\/wp-json\/wp\/v2\/posts\/1110","targetHints":{"allow":["GET"]}}],"collection":[{"href":"https:\/\/usagers-transports.haut-allier.eu\/index.php\/wp-json\/wp\/v2\/posts"}],"about":[{"href":"https:\/\/usagers-transports.haut-allier.eu\/index.php\/wp-json\/wp\/v2\/types\/post"}],"author":[{"embeddable":true,"href":"https:\/\/usagers-transports.haut-allier.eu\/index.php\/wp-json\/wp\/v2\/users\/1"}],"replies":[{"embeddable":true,"href":"https:\/\/usagers-transports.haut-allier.eu\/index.php\/wp-json\/wp\/v2\/comments?post=1110"}],"version-history":[{"count":0,"href":"https:\/\/usagers-transports.haut-allier.eu\/index.php\/wp-json\/wp\/v2\/posts\/1110\/revisions"}],"wp:featuredmedia":[{"embeddable":true,"href":"https:\/\/usagers-transports.haut-allier.eu\/index.php\/wp-json\/wp\/v2\/media\/5097"}],"wp:attachment":[{"href":"https:\/\/usagers-transports.haut-allier.eu\/index.php\/wp-json\/wp\/v2\/media?parent=1110"}],"wp:term":[{"taxonomy":"category","embeddable":true,"href":"https:\/\/usagers-transports.haut-allier.eu\/index.php\/wp-json\/wp\/v2\/categories?post=1110"},{"taxonomy":"post_tag","embeddable":true,"href":"https:\/\/usagers-transports.haut-allier.eu\/index.php\/wp-json\/wp\/v2\/tags?post=1110"}],"curies":[{"name":"wp","href":"https:\/\/api.w.org\/{rel}","templated":true}]}}