{"id":1111,"date":"2024-06-14T20:20:44","date_gmt":"2024-06-14T18:20:44","guid":{"rendered":"http:\/\/5.45.101.177\/haut-allier\/usagers-transportse\/index.php\/2024\/06\/14\/ligne-des-cevennes-les-travaux1111\/"},"modified":"2024-06-14T20:20:44","modified_gmt":"2024-06-14T18:20:44","slug":"ligne-des-cevennes-les-travaux1111","status":"publish","type":"post","link":"https:\/\/usagers-transports.haut-allier.eu\/index.php\/2024\/06\/14\/ligne-des-cevennes-les-travaux1111\/","title":{"rendered":"Ligne des C\u00e9vennes : les travaux 2025 se feront sous coupure partielle !"},"content":{"rendered":"<p>Vous l&rsquo;avez peut-\u00eatre remarqu\u00e9 si vous \u00eates lecteur attentif de notre <a href=\"https:\/\/usagers-transports.haut-allier.eu\/?comite-de-mobilite-auvergne-du-13,1110\"><em>compte-rendu<\/em><\/a> de la r\u00e9union COTECH du 13 juin \u00e0 Clermont-Ferrand, pour la premi\u00e8re ann\u00e9e depuis plus d\u2019une dizaine, <strong>la coupure totale printani\u00e8re de la ligne pour les travaux de r\u00e9g\u00e9n\u00e9ration ne sera que partielle d\u00e8s l&rsquo;an prochain, de 9h45 \u00e0 16h15 entre le 24\/02 et le 06\/06<\/strong>. <\/p>\n<p><img loading=\"lazy\" decoding=\"async\" class=\" aligncenter size-full wp-image-5159\" src=\"http:\/\/5.45.101.177\/haut-allier\/usagers-transportse\/wp-content\/uploads\/2024\/06\/rmimg_20240613_102000-flechee-cevennes.jpg\" alt=\"rmimg_20240613_102000-flechee-cevennes.jpg\" align=\"center\" width=\"2000\" height=\"1187\" srcset=\"https:\/\/usagers-transports.haut-allier.eu\/wp-content\/uploads\/2024\/06\/rmimg_20240613_102000-flechee-cevennes.jpg 2000w, https:\/\/usagers-transports.haut-allier.eu\/wp-content\/uploads\/2024\/06\/rmimg_20240613_102000-flechee-cevennes-300x178.jpg 300w, https:\/\/usagers-transports.haut-allier.eu\/wp-content\/uploads\/2024\/06\/rmimg_20240613_102000-flechee-cevennes-1024x608.jpg 1024w, https:\/\/usagers-transports.haut-allier.eu\/wp-content\/uploads\/2024\/06\/rmimg_20240613_102000-flechee-cevennes-768x456.jpg 768w, https:\/\/usagers-transports.haut-allier.eu\/wp-content\/uploads\/2024\/06\/rmimg_20240613_102000-flechee-cevennes-1536x912.jpg 1536w\" sizes=\"auto, (max-width: 2000px) 100vw, 2000px\" \/><\/p>\n<p>C&rsquo;est en tous cas ce qui nous a \u00e9t\u00e9 pr\u00e9sent\u00e9. Nous en avons demand\u00e9 confirmation \u00e0 la r\u00e9gion ce jour m\u00eame.<\/p>\n<p>Ainsi pour la premi\u00e8re ann\u00e9e depuis longtemps, \u00e0 notre demande, SNCF R\u00e9seau s&rsquo;est enfin arrang\u00e9e pour ne pas fermer la ligne pendant les longs mois de travaux, ce qui va autoriser th\u00e9oriquement les circulations des deux TER du soir apr\u00e8s 16h ! Une bonne nouvelle si elle se confirme, nous voulons sur ce point des circulations l\u00e0 aussi en avoir la certitude. Nous interpellons la r\u00e9gion et la SNCF :<\/p>\n<p><img loading=\"lazy\" decoding=\"async\" class=\" aligncenter size-full wp-image-5160\" src=\"http:\/\/5.45.101.177\/haut-allier\/usagers-transportse\/wp-content\/uploads\/2024\/06\/lettre-aomr-travaux-2025-ligne-des-cevennes-aura-juin-2024.jpg\" alt=\"lettre-aomr-travaux-2025-ligne-des-cevennes-aura-juin-2024.jpg\" align=\"center\" width=\"826\" height=\"1169\" srcset=\"https:\/\/usagers-transports.haut-allier.eu\/wp-content\/uploads\/2024\/06\/lettre-aomr-travaux-2025-ligne-des-cevennes-aura-juin-2024.jpg 826w, https:\/\/usagers-transports.haut-allier.eu\/wp-content\/uploads\/2024\/06\/lettre-aomr-travaux-2025-ligne-des-cevennes-aura-juin-2024-212x300.jpg 212w, https:\/\/usagers-transports.haut-allier.eu\/wp-content\/uploads\/2024\/06\/lettre-aomr-travaux-2025-ligne-des-cevennes-aura-juin-2024-724x1024.jpg 724w, https:\/\/usagers-transports.haut-allier.eu\/wp-content\/uploads\/2024\/06\/lettre-aomr-travaux-2025-ligne-des-cevennes-aura-juin-2024-768x1087.jpg 768w\" sizes=\"auto, (max-width: 826px) 100vw, 826px\" \/><\/p>\n<p>Croisons les doigts.<\/p>\n","protected":false},"excerpt":{"rendered":"<p>Vous l&rsquo;avez peut-\u00eatre remarqu\u00e9 si vous \u00eates lecteur attentif de notre compte-rendu de la r\u00e9union COTECH du 13<\/p>\n","protected":false},"author":1,"featured_media":5158,"comment_status":"closed","ping_status":"open","sticky":false,"template":"","format":"standard","meta":{"footnotes":""},"categories":[3],"tags":[],"class_list":["post-1111","post","type-post","status-publish","format-standard","has-post-thumbnail","hentry","category-en-train"],"_links":{"self":[{"href":"https:\/\/usagers-transports.haut-allier.eu\/index.php\/wp-json\/wp\/v2\/posts\/1111","targetHints":{"allow":["GET"]}}],"collection":[{"href":"https:\/\/usagers-transports.haut-allier.eu\/index.php\/wp-json\/wp\/v2\/posts"}],"about":[{"href":"https:\/\/usagers-transports.haut-allier.eu\/index.php\/wp-json\/wp\/v2\/types\/post"}],"author":[{"embeddable":true,"href":"https:\/\/usagers-transports.haut-allier.eu\/index.php\/wp-json\/wp\/v2\/users\/1"}],"replies":[{"embeddable":true,"href":"https:\/\/usagers-transports.haut-allier.eu\/index.php\/wp-json\/wp\/v2\/comments?post=1111"}],"version-history":[{"count":0,"href":"https:\/\/usagers-transports.haut-allier.eu\/index.php\/wp-json\/wp\/v2\/posts\/1111\/revisions"}],"wp:featuredmedia":[{"embeddable":true,"href":"https:\/\/usagers-transports.haut-allier.eu\/index.php\/wp-json\/wp\/v2\/media\/5158"}],"wp:attachment":[{"href":"https:\/\/usagers-transports.haut-allier.eu\/index.php\/wp-json\/wp\/v2\/media?parent=1111"}],"wp:term":[{"taxonomy":"category","embeddable":true,"href":"https:\/\/usagers-transports.haut-allier.eu\/index.php\/wp-json\/wp\/v2\/categories?post=1111"},{"taxonomy":"post_tag","embeddable":true,"href":"https:\/\/usagers-transports.haut-allier.eu\/index.php\/wp-json\/wp\/v2\/tags?post=1111"}],"curies":[{"name":"wp","href":"https:\/\/api.w.org\/{rel}","templated":true}]}}