{"id":1112,"date":"2024-06-19T18:13:13","date_gmt":"2024-06-19T16:13:13","guid":{"rendered":"http:\/\/5.45.101.177\/haut-allier\/usagers-transportse\/index.php\/2024\/06\/19\/2eme-rencontre-du-collectif-aurail1112\/"},"modified":"2024-06-19T18:13:13","modified_gmt":"2024-06-19T16:13:13","slug":"2eme-rencontre-du-collectif-aurail1112","status":"publish","type":"post","link":"https:\/\/usagers-transports.haut-allier.eu\/index.php\/2024\/06\/19\/2eme-rencontre-du-collectif-aurail1112\/","title":{"rendered":"2\u00e8me rencontre du Collectif AuRAil avec la pr\u00e9f\u00e8te de r\u00e9gion"},"content":{"rendered":"<p>Nous avons rencontr\u00e9 avec le Collectif AurAil qui regroupe 18 organisations de d\u00e9fense du rail, Madame la Pr\u00e9f\u00e8te de r\u00e9gion Auvergne Rh\u00f4ne Alpes, Fabienne BUCCIO ce mercredi 19 juin au matin. La r\u00e9union de travail concernait notamment le CPER volet mobilit\u00e9s sign\u00e9 r\u00e9cemment. <\/p>\n<p>La situation politique actuelle oblige les administrations de l&rsquo;\u00e9tat \u00e0 une p\u00e9riode de r\u00e9serve ce qui nous impose aussi \u00e0 ne pas en dire plus jusqu&rsquo;\u00e0 l&rsquo;automne. Mais sachez que sur nombre de points qui nous pr\u00e9occupaient il y a eu des r\u00e9ponses positives.<\/p>\n<p>Nous remercions ses services, le SGAR, la DREAL, ainsi que le repr\u00e9sentant de la R\u00e9gion AuRA pour leur \u00e9coute attentive, bienveillante ainsi que les \u00e9changes fructueux.<\/p>\n<p><img loading=\"lazy\" decoding=\"async\" class=\" aligncenter size-full wp-image-5162\" src=\"http:\/\/5.45.101.177\/haut-allier\/usagers-transportse\/wp-content\/uploads\/2024\/06\/2000-img_20240619_114134.jpg\" alt=\"2000-img_20240619_114134.jpg\" align=\"center\" width=\"2000\" height=\"1500\" srcset=\"https:\/\/usagers-transports.haut-allier.eu\/wp-content\/uploads\/2024\/06\/2000-img_20240619_114134.jpg 2000w, https:\/\/usagers-transports.haut-allier.eu\/wp-content\/uploads\/2024\/06\/2000-img_20240619_114134-300x225.jpg 300w, https:\/\/usagers-transports.haut-allier.eu\/wp-content\/uploads\/2024\/06\/2000-img_20240619_114134-1024x768.jpg 1024w, https:\/\/usagers-transports.haut-allier.eu\/wp-content\/uploads\/2024\/06\/2000-img_20240619_114134-768x576.jpg 768w, https:\/\/usagers-transports.haut-allier.eu\/wp-content\/uploads\/2024\/06\/2000-img_20240619_114134-1536x1152.jpg 1536w\" sizes=\"auto, (max-width: 2000px) 100vw, 2000px\" \/><\/p>\n<p><img loading=\"lazy\" decoding=\"async\" class=\" aligncenter size-full wp-image-5163\" src=\"http:\/\/5.45.101.177\/haut-allier\/usagers-transportse\/wp-content\/uploads\/2024\/06\/2000-img_20240619_114131.jpg\" alt=\"2000-img_20240619_114131.jpg\" align=\"center\" width=\"2000\" height=\"1500\" srcset=\"https:\/\/usagers-transports.haut-allier.eu\/wp-content\/uploads\/2024\/06\/2000-img_20240619_114131.jpg 2000w, https:\/\/usagers-transports.haut-allier.eu\/wp-content\/uploads\/2024\/06\/2000-img_20240619_114131-300x225.jpg 300w, https:\/\/usagers-transports.haut-allier.eu\/wp-content\/uploads\/2024\/06\/2000-img_20240619_114131-1024x768.jpg 1024w, https:\/\/usagers-transports.haut-allier.eu\/wp-content\/uploads\/2024\/06\/2000-img_20240619_114131-768x576.jpg 768w, https:\/\/usagers-transports.haut-allier.eu\/wp-content\/uploads\/2024\/06\/2000-img_20240619_114131-1536x1152.jpg 1536w\" sizes=\"auto, (max-width: 2000px) 100vw, 2000px\" \/><\/p>\n<p>https:\/\/aurail.canalblog.com<\/p>\n","protected":false},"excerpt":{"rendered":"<p>Nous avons rencontr\u00e9 avec le Collectif AurAil qui regroupe 18 organisations de d\u00e9fense du rail, Madame la Pr\u00e9f\u00e8te<\/p>\n","protected":false},"author":1,"featured_media":5161,"comment_status":"closed","ping_status":"open","sticky":false,"template":"","format":"standard","meta":{"footnotes":""},"categories":[5],"tags":[],"class_list":["post-1112","post","type-post","status-publish","format-standard","has-post-thumbnail","hentry","category-ensemble"],"_links":{"self":[{"href":"https:\/\/usagers-transports.haut-allier.eu\/index.php\/wp-json\/wp\/v2\/posts\/1112","targetHints":{"allow":["GET"]}}],"collection":[{"href":"https:\/\/usagers-transports.haut-allier.eu\/index.php\/wp-json\/wp\/v2\/posts"}],"about":[{"href":"https:\/\/usagers-transports.haut-allier.eu\/index.php\/wp-json\/wp\/v2\/types\/post"}],"author":[{"embeddable":true,"href":"https:\/\/usagers-transports.haut-allier.eu\/index.php\/wp-json\/wp\/v2\/users\/1"}],"replies":[{"embeddable":true,"href":"https:\/\/usagers-transports.haut-allier.eu\/index.php\/wp-json\/wp\/v2\/comments?post=1112"}],"version-history":[{"count":0,"href":"https:\/\/usagers-transports.haut-allier.eu\/index.php\/wp-json\/wp\/v2\/posts\/1112\/revisions"}],"wp:featuredmedia":[{"embeddable":true,"href":"https:\/\/usagers-transports.haut-allier.eu\/index.php\/wp-json\/wp\/v2\/media\/5161"}],"wp:attachment":[{"href":"https:\/\/usagers-transports.haut-allier.eu\/index.php\/wp-json\/wp\/v2\/media?parent=1112"}],"wp:term":[{"taxonomy":"category","embeddable":true,"href":"https:\/\/usagers-transports.haut-allier.eu\/index.php\/wp-json\/wp\/v2\/categories?post=1112"},{"taxonomy":"post_tag","embeddable":true,"href":"https:\/\/usagers-transports.haut-allier.eu\/index.php\/wp-json\/wp\/v2\/tags?post=1112"}],"curies":[{"name":"wp","href":"https:\/\/api.w.org\/{rel}","templated":true}]}}