{"id":1113,"date":"2024-06-21T12:19:18","date_gmt":"2024-06-21T10:19:18","guid":{"rendered":"http:\/\/5.45.101.177\/haut-allier\/usagers-transportse\/index.php\/2024\/06\/21\/120-ans-de-la-voie-ferree-le-puy1113\/"},"modified":"2024-06-21T12:19:18","modified_gmt":"2024-06-21T10:19:18","slug":"120-ans-de-la-voie-ferree-le-puy1113","status":"publish","type":"post","link":"https:\/\/usagers-transports.haut-allier.eu\/index.php\/2024\/06\/21\/120-ans-de-la-voie-ferree-le-puy1113\/","title":{"rendered":"150 ans de la voie ferr\u00e9e Le Puy -St Georges d&rsquo;Aurac : une expo sur Darsac"},"content":{"rendered":"<p>Du 27 juillet au 6 ao\u00fbt 2024 \u00e0 l&rsquo;occasion de cet anniversaire l&rsquo;EPISERM r\u00e9\u00e9dite son livre <em>\u00ab\u00a0Darsac Gare de bifurcation vers Vichy\u00a0\u00bb<\/em>. Un autre livre est aussi en pr\u00e9paration.<\/p>\n<p>Exposition tous les jours de 15h \u00e0 18h salle polyvalente de la gare de Darsac.<\/p>\n<p>La cr\u00e9ation de l&rsquo;a\u00e9rodrome de Vernassal qui perdurera jusqu&rsquo;\u00e0 1980, et son inauguration en  juillet 1937 .<\/p>\n<p>Voici un document l&rsquo;annon\u00e7ant.<\/p>\n<p><img loading=\"lazy\" decoding=\"async\" class=\" aligncenter size-full wp-image-5165\" src=\"http:\/\/5.45.101.177\/haut-allier\/usagers-transportse\/wp-content\/uploads\/2024\/06\/organisation_fete_aerienne_le_15_juillet_1937_aerodrome_darsacimg_redim.jpg\" alt=\"organisation_fete_aerienne_le_15_juillet_1937_aerodrome_darsacimg_redim.jpg\" align=\"center\" width=\"1200\" height=\"1586\" srcset=\"https:\/\/usagers-transports.haut-allier.eu\/wp-content\/uploads\/2024\/06\/organisation_fete_aerienne_le_15_juillet_1937_aerodrome_darsacimg_redim.jpg 1200w, https:\/\/usagers-transports.haut-allier.eu\/wp-content\/uploads\/2024\/06\/organisation_fete_aerienne_le_15_juillet_1937_aerodrome_darsacimg_redim-227x300.jpg 227w, https:\/\/usagers-transports.haut-allier.eu\/wp-content\/uploads\/2024\/06\/organisation_fete_aerienne_le_15_juillet_1937_aerodrome_darsacimg_redim-775x1024.jpg 775w, https:\/\/usagers-transports.haut-allier.eu\/wp-content\/uploads\/2024\/06\/organisation_fete_aerienne_le_15_juillet_1937_aerodrome_darsacimg_redim-768x1015.jpg 768w, https:\/\/usagers-transports.haut-allier.eu\/wp-content\/uploads\/2024\/06\/organisation_fete_aerienne_le_15_juillet_1937_aerodrome_darsacimg_redim-1162x1536.jpg 1162w\" sizes=\"auto, (max-width: 1200px) 100vw, 1200px\" \/><\/p>\n<p><em>Darsac, Gare de bifurcation vers Vichy<\/em><br \/>\n<img loading=\"lazy\" decoding=\"async\" class=\" aligncenter size-full wp-image-5166\" src=\"http:\/\/5.45.101.177\/haut-allier\/usagers-transportse\/wp-content\/uploads\/2024\/06\/affiche_episerm_120_ans_05-2024.jpg\" alt=\"affiche_episerm_120_ans_05-2024.jpg\" align=\"center\" width=\"760\" height=\"1076\" srcset=\"https:\/\/usagers-transports.haut-allier.eu\/wp-content\/uploads\/2024\/06\/affiche_episerm_120_ans_05-2024.jpg 760w, https:\/\/usagers-transports.haut-allier.eu\/wp-content\/uploads\/2024\/06\/affiche_episerm_120_ans_05-2024-212x300.jpg 212w, https:\/\/usagers-transports.haut-allier.eu\/wp-content\/uploads\/2024\/06\/affiche_episerm_120_ans_05-2024-723x1024.jpg 723w\" sizes=\"auto, (max-width: 760px) 100vw, 760px\" \/><\/p>\n<p>On pourra aussi se reporter \u00e0 <a href=\"https:\/\/usagers-transports.haut-allier.eu\/?150eme-anniversaire-de-la-ligne-le,1097\"><em>notre article<\/em><\/a> du 22 avril.<\/p>\n<p><em>[Source : Thierry Ainoux]<\/em><\/p>\n","protected":false},"excerpt":{"rendered":"<p>Du 27 juillet au 6 ao\u00fbt 2024 \u00e0 l&rsquo;occasion de cet anniversaire l&rsquo;EPISERM r\u00e9\u00e9dite son livre \u00ab\u00a0Darsac Gare<\/p>\n","protected":false},"author":1,"featured_media":5164,"comment_status":"closed","ping_status":"open","sticky":false,"template":"","format":"standard","meta":{"footnotes":""},"categories":[3],"tags":[],"class_list":["post-1113","post","type-post","status-publish","format-standard","has-post-thumbnail","hentry","category-en-train"],"_links":{"self":[{"href":"https:\/\/usagers-transports.haut-allier.eu\/index.php\/wp-json\/wp\/v2\/posts\/1113","targetHints":{"allow":["GET"]}}],"collection":[{"href":"https:\/\/usagers-transports.haut-allier.eu\/index.php\/wp-json\/wp\/v2\/posts"}],"about":[{"href":"https:\/\/usagers-transports.haut-allier.eu\/index.php\/wp-json\/wp\/v2\/types\/post"}],"author":[{"embeddable":true,"href":"https:\/\/usagers-transports.haut-allier.eu\/index.php\/wp-json\/wp\/v2\/users\/1"}],"replies":[{"embeddable":true,"href":"https:\/\/usagers-transports.haut-allier.eu\/index.php\/wp-json\/wp\/v2\/comments?post=1113"}],"version-history":[{"count":0,"href":"https:\/\/usagers-transports.haut-allier.eu\/index.php\/wp-json\/wp\/v2\/posts\/1113\/revisions"}],"wp:featuredmedia":[{"embeddable":true,"href":"https:\/\/usagers-transports.haut-allier.eu\/index.php\/wp-json\/wp\/v2\/media\/5164"}],"wp:attachment":[{"href":"https:\/\/usagers-transports.haut-allier.eu\/index.php\/wp-json\/wp\/v2\/media?parent=1113"}],"wp:term":[{"taxonomy":"category","embeddable":true,"href":"https:\/\/usagers-transports.haut-allier.eu\/index.php\/wp-json\/wp\/v2\/categories?post=1113"},{"taxonomy":"post_tag","embeddable":true,"href":"https:\/\/usagers-transports.haut-allier.eu\/index.php\/wp-json\/wp\/v2\/tags?post=1113"}],"curies":[{"name":"wp","href":"https:\/\/api.w.org\/{rel}","templated":true}]}}