{"id":1114,"date":"2024-06-22T12:19:36","date_gmt":"2024-06-22T10:19:36","guid":{"rendered":"http:\/\/5.45.101.177\/haut-allier\/usagers-transportse\/index.php\/2024\/06\/22\/les-faux-trains-complets-de1114\/"},"modified":"2024-06-22T12:19:36","modified_gmt":"2024-06-22T10:19:36","slug":"les-faux-trains-complets-de1114","status":"publish","type":"post","link":"https:\/\/usagers-transports.haut-allier.eu\/index.php\/2024\/06\/22\/les-faux-trains-complets-de1114\/","title":{"rendered":"Les faux trains TER \u00ab\u00a0complets\u00a0\u00bb de SNCFConnect qui rendent l&rsquo;achat impossible des billets en ligne"},"content":{"rendered":"<p>Depuis plusieurs mois quand vous r\u00e9servez un voyage sur @SNCFConnect avez vous remarqu\u00e9 que certains trains TER apparaissent \u00ab complets \u00bb ? Ne vous faites pas avoir, c\u2019est faux ! Voici pourquoi.<\/p>\n<p>Les TER ne peuvent pas \u00eatre complets, sauf dans certaines r\u00e9gions et \u00e0 certaines p\u00e9riodes mais c\u2019est rare, car il n\u2019y a pas de r\u00e9servation de place, le placement est libre.<\/p>\n<p>Mais pour anticiper les trains bond\u00e9s en heure de pointe, dans lesquels les abonn\u00e9s ne trouvent pas de place, certains trains sont indiqu\u00e9s complets de mani\u00e8re artificielle par la SNCF sur @SNCFConnect, @thetrainline afin que vous ne puissiez pas acheter de billet en ligne.<\/p>\n<p><img loading=\"lazy\" decoding=\"async\" class=\" aligncenter size-full wp-image-5168\" src=\"http:\/\/5.45.101.177\/haut-allier\/usagers-transportse\/wp-content\/uploads\/2024\/06\/screenshot_20240622-114123.png\" alt=\"screenshot_20240622-114123.png\" align=\"center\" width=\"720\" height=\"1280\" srcset=\"https:\/\/usagers-transports.haut-allier.eu\/wp-content\/uploads\/2024\/06\/screenshot_20240622-114123.png 720w, https:\/\/usagers-transports.haut-allier.eu\/wp-content\/uploads\/2024\/06\/screenshot_20240622-114123-169x300.png 169w, https:\/\/usagers-transports.haut-allier.eu\/wp-content\/uploads\/2024\/06\/screenshot_20240622-114123-576x1024.png 576w\" sizes=\"auto, (max-width: 720px) 100vw, 720px\" \/><\/p>\n<p><strong>Un probl\u00e8me ?<\/strong><\/p>\n<p>Oui un gros : cela d\u00e9courage les voyageurs d\u00e9j\u00e0 alors que bien souvent lesdits trains sont \u00e0 moiti\u00e9 vides\u2026 Si un voyageur voit cela plusieurs fois sur son appli, il finit par prendre sa voiture.<\/p>\n<p>De plus quand on cherche un itin\u00e9raire complet pour les vacances et les week-end, certains parcours n\u2019apparaissent pas.<\/p>\n<p><strong>Donc nos conseils :<\/p>\n<p>&#8211; Regarder simplement les horaires en ligne et achetez vos billets en gare dans les automates de votre r\u00e9gion si vous le pouvez car de moins en moins de guichets et de distributeurs de billets.<\/p>\n<p>&#8211; Quand vous cherchez des itin\u00e9raires cherchez les trains s\u00e9par\u00e9ment et composez vous m\u00eame votre parcours avec une carte du r\u00e9seau ferr\u00e9 qu&rsquo;on pourra trouver dessous.  Elle est t\u00e9l\u00e9chargeable :<\/strong><\/p>\n<p><a href=\"http:\/\/5.45.101.177\/haut-allier\/usagers-transportse\/wp-content\/uploads\/2024\/06\/carte-du-reseau-ferre-national.pdf\">carte-du-reseau-ferre-national.pdf<\/a><\/p>\n<p><strong>&#8211; Si vous ne pouvez pas faire autrement prenez en ligne un billet du m\u00eame trajet et du tarif habituel en faisant attention qu&rsquo;il soit effectu\u00e9 en TER. Il y a en effet une tol\u00e9rance de la part des contr\u00f4leurs qui ne vous verbaliseront pas si vous avez pris un TER \u00e9quivalent dans la m\u00eame journ\u00e9e.<\/strong><\/p>\n<p><em>[Inspir\u00e9 d&rsquo;une conversation d&rsquo;Anouk Exertier sur X]<\/em><\/p>\n","protected":false},"excerpt":{"rendered":"<p>Depuis plusieurs mois quand vous r\u00e9servez un voyage sur @SNCFConnect avez vous remarqu\u00e9 que certains trains TER apparaissent<\/p>\n","protected":false},"author":1,"featured_media":5167,"comment_status":"closed","ping_status":"open","sticky":false,"template":"","format":"standard","meta":{"footnotes":""},"categories":[3],"tags":[],"class_list":["post-1114","post","type-post","status-publish","format-standard","has-post-thumbnail","hentry","category-en-train"],"_links":{"self":[{"href":"https:\/\/usagers-transports.haut-allier.eu\/index.php\/wp-json\/wp\/v2\/posts\/1114","targetHints":{"allow":["GET"]}}],"collection":[{"href":"https:\/\/usagers-transports.haut-allier.eu\/index.php\/wp-json\/wp\/v2\/posts"}],"about":[{"href":"https:\/\/usagers-transports.haut-allier.eu\/index.php\/wp-json\/wp\/v2\/types\/post"}],"author":[{"embeddable":true,"href":"https:\/\/usagers-transports.haut-allier.eu\/index.php\/wp-json\/wp\/v2\/users\/1"}],"replies":[{"embeddable":true,"href":"https:\/\/usagers-transports.haut-allier.eu\/index.php\/wp-json\/wp\/v2\/comments?post=1114"}],"version-history":[{"count":0,"href":"https:\/\/usagers-transports.haut-allier.eu\/index.php\/wp-json\/wp\/v2\/posts\/1114\/revisions"}],"wp:featuredmedia":[{"embeddable":true,"href":"https:\/\/usagers-transports.haut-allier.eu\/index.php\/wp-json\/wp\/v2\/media\/5167"}],"wp:attachment":[{"href":"https:\/\/usagers-transports.haut-allier.eu\/index.php\/wp-json\/wp\/v2\/media?parent=1114"}],"wp:term":[{"taxonomy":"category","embeddable":true,"href":"https:\/\/usagers-transports.haut-allier.eu\/index.php\/wp-json\/wp\/v2\/categories?post=1114"},{"taxonomy":"post_tag","embeddable":true,"href":"https:\/\/usagers-transports.haut-allier.eu\/index.php\/wp-json\/wp\/v2\/tags?post=1114"}],"curies":[{"name":"wp","href":"https:\/\/api.w.org\/{rel}","templated":true}]}}