{"id":1116,"date":"2024-07-02T11:01:38","date_gmt":"2024-07-02T09:01:38","guid":{"rendered":"http:\/\/5.45.101.177\/haut-allier\/usagers-transportse\/index.php\/2024\/07\/02\/fin-de-la-galere-des1116\/"},"modified":"2024-07-02T11:01:38","modified_gmt":"2024-07-02T09:01:38","slug":"fin-de-la-galere-des1116","status":"publish","type":"post","link":"https:\/\/usagers-transports.haut-allier.eu\/index.php\/2024\/07\/02\/fin-de-la-galere-des1116\/","title":{"rendered":"Fin de la gal\u00e8re des contrebassistes dans les trains TGV SNCF"},"content":{"rendered":"<p>Ils ont r\u00e9ussi \u00e0 faire fl\u00e9chir la SNCF : consid\u00e9r\u00e9es comme de simples bagages, les instruments ne pouvaient exc\u00e9der 1,30 m\u00e8tre pour voyager en train. Un calvaire pour les contrebassistes, r\u00e9guli\u00e8rement verbalis\u00e9s ou laiss\u00e9s \u00e0 quai. <\/p>\n<p>Des amendes sal\u00e9es jusqu&rsquo;\u00e0 150 euros pour ces musiciens dont le tort\u2009 est de voyager avec un objet \u00ab\u2009encombrant et dangereux\u2009\u00bb, \u00e0 savoir leur instrument.<\/p>\n<p>L\u2019op\u00e9rateur continuait d\u2019appliquer pour les instruments le m\u00eame r\u00e8glement de s\u00e9curit\u00e9 que pour les bagages classiques\u2009: rien ne devait d\u00e9passer 1,30 m de hauteur et 90 cm de largeur, mis \u00e0 part les paires de ski.<\/p>\n<p><strong>La SNCF vient d&rsquo;annoncer lancer \u00e0 titre exp\u00e9rimental le transport de ces imposants engins de musique.<\/strong><\/p>\n<p>L&rsquo;autorisation a une dur\u00e9e limit\u00e9e, elle doit prendre fin le 8 septembre 2024, a annonc\u00e9 dans un communiqu\u00e9 le Syndicat professionnel des producteurs, festivals, ensembles et diffuseurs ind\u00e9pendants de musique (Profedim), cit\u00e9 par Radio France, ce lundi.<\/p>\n<p><em>\u00ab Cela permettra enfin aux musiciennes et musiciens de se d\u00e9placer sereinement et de continuer \u00e0 exercer leur m\u00e9tier sans entraves financi\u00e8res, alors que la saison des festivals bat son plein \u00bb<\/em>, dit le syndicat qui c\u00e9l\u00e8bre une victoire apr\u00e8s avoir particip\u00e9 aux concertations avec le minist\u00e8re de la Culture et la SNCF.<\/p>\n<p><img loading=\"lazy\" decoding=\"async\" class=\" aligncenter size-full wp-image-5172\" src=\"http:\/\/5.45.101.177\/haut-allier\/usagers-transportse\/wp-content\/uploads\/2024\/07\/ezgif-6-7c3e6dd760.gif\" alt=\"ezgif-6-7c3e6dd760.gif\" align=\"center\" width=\"576\" height=\"320\" \/><\/p>\n<p>En 2021 une p\u00e9tition avait \u00e9t\u00e9 sign\u00e9e par 48 500 personnes pour d\u00e9noncer cette r\u00e8gle alors que les planches de surf et les skis sont, eux, autoris\u00e9s en transports.<\/p>\n<p><em>Oui une contrebasse c&rsquo;est encombrant&#8230;<\/em><br \/>\n<img loading=\"lazy\" decoding=\"async\" class=\" aligncenter size-full wp-image-5173\" src=\"http:\/\/5.45.101.177\/haut-allier\/usagers-transportse\/wp-content\/uploads\/2024\/07\/contre12.jpg\" alt=\"contre12.jpg\" align=\"center\" width=\"768\" height=\"603\" srcset=\"https:\/\/usagers-transports.haut-allier.eu\/wp-content\/uploads\/2024\/07\/contre12.jpg 768w, https:\/\/usagers-transports.haut-allier.eu\/wp-content\/uploads\/2024\/07\/contre12-300x236.jpg 300w\" sizes=\"auto, (max-width: 768px) 100vw, 768px\" \/><\/p>\n<p>Le communiqu\u00e9 du PROFEDIM : <a href=\"https:\/\/www.profedim.org\/actualites\/details-de-l-experimentation-de-l-accueil-des-contrebasses-dans-les-tgv-inoui-ete-2024\/\"><em>D\u00e9tails de l\u2019exp\u00e9rimentation de l\u2019accueil des contrebasses dans les TGV Inoui \u2013 \u00e9t\u00e9 2024<\/em><\/a><\/p>\n","protected":false},"excerpt":{"rendered":"<p>Ils ont r\u00e9ussi \u00e0 faire fl\u00e9chir la SNCF : consid\u00e9r\u00e9es comme de simples bagages, les instruments ne pouvaient<\/p>\n","protected":false},"author":1,"featured_media":5171,"comment_status":"closed","ping_status":"open","sticky":false,"template":"","format":"standard","meta":{"footnotes":""},"categories":[3],"tags":[],"class_list":["post-1116","post","type-post","status-publish","format-standard","has-post-thumbnail","hentry","category-en-train"],"_links":{"self":[{"href":"https:\/\/usagers-transports.haut-allier.eu\/index.php\/wp-json\/wp\/v2\/posts\/1116","targetHints":{"allow":["GET"]}}],"collection":[{"href":"https:\/\/usagers-transports.haut-allier.eu\/index.php\/wp-json\/wp\/v2\/posts"}],"about":[{"href":"https:\/\/usagers-transports.haut-allier.eu\/index.php\/wp-json\/wp\/v2\/types\/post"}],"author":[{"embeddable":true,"href":"https:\/\/usagers-transports.haut-allier.eu\/index.php\/wp-json\/wp\/v2\/users\/1"}],"replies":[{"embeddable":true,"href":"https:\/\/usagers-transports.haut-allier.eu\/index.php\/wp-json\/wp\/v2\/comments?post=1116"}],"version-history":[{"count":0,"href":"https:\/\/usagers-transports.haut-allier.eu\/index.php\/wp-json\/wp\/v2\/posts\/1116\/revisions"}],"wp:featuredmedia":[{"embeddable":true,"href":"https:\/\/usagers-transports.haut-allier.eu\/index.php\/wp-json\/wp\/v2\/media\/5171"}],"wp:attachment":[{"href":"https:\/\/usagers-transports.haut-allier.eu\/index.php\/wp-json\/wp\/v2\/media?parent=1116"}],"wp:term":[{"taxonomy":"category","embeddable":true,"href":"https:\/\/usagers-transports.haut-allier.eu\/index.php\/wp-json\/wp\/v2\/categories?post=1116"},{"taxonomy":"post_tag","embeddable":true,"href":"https:\/\/usagers-transports.haut-allier.eu\/index.php\/wp-json\/wp\/v2\/tags?post=1116"}],"curies":[{"name":"wp","href":"https:\/\/api.w.org\/{rel}","templated":true}]}}