{"id":1118,"date":"2024-07-10T11:24:15","date_gmt":"2024-07-10T09:24:15","guid":{"rendered":"http:\/\/5.45.101.177\/haut-allier\/usagers-transportse\/index.php\/2024\/07\/10\/150-ans-de-la-ligne-des-causses1118\/"},"modified":"2024-07-10T11:24:15","modified_gmt":"2024-07-10T09:24:15","slug":"150-ans-de-la-ligne-des-causses1118","status":"publish","type":"post","link":"https:\/\/usagers-transports.haut-allier.eu\/index.php\/2024\/07\/10\/150-ans-de-la-ligne-des-causses1118\/","title":{"rendered":"150 ans de la ligne des Causses  (Aubrac) B\u00e9ziers Neussargues"},"content":{"rendered":"<p>A l&rsquo;occasion de l&rsquo;anniversaire de la construction de la ligne B\u00e9darieux &#8211; Millau, la partie sud de l&rsquo;ensemble B\u00e9ziers Neussargues, le Comit\u00e9 Pluraliste propose une <strong>manifestation le samedi 20 juillet \u00e0 9h30 devant la gare de B\u00e9darieux (H\u00e9rault).<\/strong><\/p>\n<p><em>La ligne B\u00e9ziers Neussargues et ses correspondances &#8211; Extrait de L\u2019inventaire de la ligne ferroviaire B\u00e9ziers\/Neussargues par Philippe Marass\u00e9<\/em><br \/>\n<img loading=\"lazy\" decoding=\"async\" class=\" aligncenter size-full wp-image-5182\" src=\"http:\/\/5.45.101.177\/haut-allier\/usagers-transportse\/wp-content\/uploads\/2024\/07\/lbn.jpg\" alt=\"lbn.jpg\" align=\"center\" width=\"447\" height=\"1456\" srcset=\"https:\/\/usagers-transports.haut-allier.eu\/wp-content\/uploads\/2024\/07\/lbn.jpg 447w, https:\/\/usagers-transports.haut-allier.eu\/wp-content\/uploads\/2024\/07\/lbn-92x300.jpg 92w, https:\/\/usagers-transports.haut-allier.eu\/wp-content\/uploads\/2024\/07\/lbn-314x1024.jpg 314w\" sizes=\"auto, (max-width: 447px) 100vw, 447px\" \/><\/p>\n<p>Apr\u00e8s cette ouverture en 1874, c&rsquo;est la portion Millau Rodez de 78 km qui fut mise en service en 1879 (mise en concession \u00e0 la Compagnie du Midi en 1863) puis la section Mazamet (Tarn) B\u00e9darieux et Marvejols (Loz\u00e8re) Neussargues (Cantal) (mises en concession en 1874).<\/p>\n<p><em>Le Moniteur industriel du 12 f\u00e9vrier 1880<br \/>\n<\/em><br \/>\n<img loading=\"lazy\" decoding=\"async\" class=\" aligncenter size-full wp-image-5183\" src=\"http:\/\/5.45.101.177\/haut-allier\/usagers-transportse\/wp-content\/uploads\/2024\/07\/moniteur-industriel.jpg\" alt=\"moniteur-industriel.jpg\" align=\"center\" width=\"800\" height=\"943\" srcset=\"https:\/\/usagers-transports.haut-allier.eu\/wp-content\/uploads\/2024\/07\/moniteur-industriel.jpg 800w, https:\/\/usagers-transports.haut-allier.eu\/wp-content\/uploads\/2024\/07\/moniteur-industriel-255x300.jpg 255w, https:\/\/usagers-transports.haut-allier.eu\/wp-content\/uploads\/2024\/07\/moniteur-industriel-768x905.jpg 768w\" sizes=\"auto, (max-width: 800px) 100vw, 800px\" \/><\/p>\n<p><strong>Possibilit\u00e9 de se restaurer sur place. Participation 5 \u20ac.<br \/>\nR\u00e9server par t\u00e9l ou SMS au 06 08 17 58 87<br \/>\nOu par mail : comitepluraliste.bn@gmail.com<\/strong><\/p>\n<p><img loading=\"lazy\" decoding=\"async\" class=\" aligncenter size-full wp-image-5184\" src=\"http:\/\/5.45.101.177\/haut-allier\/usagers-transportse\/wp-content\/uploads\/2024\/07\/affche150bn.jpg\" alt=\"affche150bn.jpg\" align=\"center\" width=\"435\" height=\"600\" srcset=\"https:\/\/usagers-transports.haut-allier.eu\/wp-content\/uploads\/2024\/07\/affche150bn.jpg 435w, https:\/\/usagers-transports.haut-allier.eu\/wp-content\/uploads\/2024\/07\/affche150bn-218x300.jpg 218w\" sizes=\"auto, (max-width: 435px) 100vw, 435px\" \/><\/p>\n<p>C\u00e9l\u00e9brons cet anniversaire avec un extrait du <strong> <em>Tour du monde : nouveau journal des voyages<\/em> <\/strong> d&rsquo;Edouard Charton paru en 1875. Il raconte son voyage en train de B\u00e9darieux \u00e0 Roquefort et s&rsquo;attarde sur cette derni\u00e8re ville qu&rsquo;il d\u00e9couvre. Retour vers le pass\u00e9.<\/p>\n<p><img loading=\"lazy\" decoding=\"async\" class=\" aligncenter size-full wp-image-5185\" src=\"http:\/\/5.45.101.177\/haut-allier\/usagers-transportse\/wp-content\/uploads\/2024\/07\/le_tour_du_monde-145.jpg\" alt=\"le_tour_du_monde-145.jpg\" align=\"center\" width=\"1095\" height=\"1599\" srcset=\"https:\/\/usagers-transports.haut-allier.eu\/wp-content\/uploads\/2024\/07\/le_tour_du_monde-145.jpg 1095w, https:\/\/usagers-transports.haut-allier.eu\/wp-content\/uploads\/2024\/07\/le_tour_du_monde-145-205x300.jpg 205w, https:\/\/usagers-transports.haut-allier.eu\/wp-content\/uploads\/2024\/07\/le_tour_du_monde-145-701x1024.jpg 701w, https:\/\/usagers-transports.haut-allier.eu\/wp-content\/uploads\/2024\/07\/le_tour_du_monde-145-768x1121.jpg 768w, https:\/\/usagers-transports.haut-allier.eu\/wp-content\/uploads\/2024\/07\/le_tour_du_monde-145-1052x1536.jpg 1052w\" sizes=\"auto, (max-width: 1095px) 100vw, 1095px\" \/><br \/>\n<img loading=\"lazy\" decoding=\"async\" class=\" aligncenter size-full wp-image-5186\" src=\"http:\/\/5.45.101.177\/haut-allier\/usagers-transportse\/wp-content\/uploads\/2024\/07\/le_tour_du_monde-146.jpg\" alt=\"le_tour_du_monde-146.jpg\" align=\"center\" width=\"1073\" height=\"1591\" srcset=\"https:\/\/usagers-transports.haut-allier.eu\/wp-content\/uploads\/2024\/07\/le_tour_du_monde-146.jpg 1073w, https:\/\/usagers-transports.haut-allier.eu\/wp-content\/uploads\/2024\/07\/le_tour_du_monde-146-202x300.jpg 202w, https:\/\/usagers-transports.haut-allier.eu\/wp-content\/uploads\/2024\/07\/le_tour_du_monde-146-691x1024.jpg 691w, https:\/\/usagers-transports.haut-allier.eu\/wp-content\/uploads\/2024\/07\/le_tour_du_monde-146-768x1139.jpg 768w, https:\/\/usagers-transports.haut-allier.eu\/wp-content\/uploads\/2024\/07\/le_tour_du_monde-146-1036x1536.jpg 1036w\" sizes=\"auto, (max-width: 1073px) 100vw, 1073px\" \/><br \/>\n<img loading=\"lazy\" decoding=\"async\" class=\" aligncenter size-full wp-image-5187\" src=\"http:\/\/5.45.101.177\/haut-allier\/usagers-transportse\/wp-content\/uploads\/2024\/07\/le_tour_du_monde-147.jpg\" alt=\"le_tour_du_monde-147.jpg\" align=\"center\" width=\"1100\" height=\"1604\" srcset=\"https:\/\/usagers-transports.haut-allier.eu\/wp-content\/uploads\/2024\/07\/le_tour_du_monde-147.jpg 1100w, https:\/\/usagers-transports.haut-allier.eu\/wp-content\/uploads\/2024\/07\/le_tour_du_monde-147-206x300.jpg 206w, https:\/\/usagers-transports.haut-allier.eu\/wp-content\/uploads\/2024\/07\/le_tour_du_monde-147-702x1024.jpg 702w, https:\/\/usagers-transports.haut-allier.eu\/wp-content\/uploads\/2024\/07\/le_tour_du_monde-147-768x1120.jpg 768w, https:\/\/usagers-transports.haut-allier.eu\/wp-content\/uploads\/2024\/07\/le_tour_du_monde-147-1053x1536.jpg 1053w\" sizes=\"auto, (max-width: 1100px) 100vw, 1100px\" \/><br \/>\n<img loading=\"lazy\" decoding=\"async\" class=\" aligncenter size-full wp-image-5188\" src=\"http:\/\/5.45.101.177\/haut-allier\/usagers-transportse\/wp-content\/uploads\/2024\/07\/le_tour_du_monde-148.jpg\" alt=\"le_tour_du_monde-148.jpg\" align=\"center\" width=\"1070\" height=\"1594\" srcset=\"https:\/\/usagers-transports.haut-allier.eu\/wp-content\/uploads\/2024\/07\/le_tour_du_monde-148.jpg 1070w, https:\/\/usagers-transports.haut-allier.eu\/wp-content\/uploads\/2024\/07\/le_tour_du_monde-148-201x300.jpg 201w, https:\/\/usagers-transports.haut-allier.eu\/wp-content\/uploads\/2024\/07\/le_tour_du_monde-148-687x1024.jpg 687w, https:\/\/usagers-transports.haut-allier.eu\/wp-content\/uploads\/2024\/07\/le_tour_du_monde-148-768x1144.jpg 768w, https:\/\/usagers-transports.haut-allier.eu\/wp-content\/uploads\/2024\/07\/le_tour_du_monde-148-1031x1536.jpg 1031w\" sizes=\"auto, (max-width: 1070px) 100vw, 1070px\" \/><br \/>\n<img loading=\"lazy\" decoding=\"async\" class=\" aligncenter size-full wp-image-5189\" src=\"http:\/\/5.45.101.177\/haut-allier\/usagers-transportse\/wp-content\/uploads\/2024\/07\/le_tour_du_monde-149.jpg\" alt=\"le_tour_du_monde-149.jpg\" align=\"center\" width=\"1100\" height=\"1604\" srcset=\"https:\/\/usagers-transports.haut-allier.eu\/wp-content\/uploads\/2024\/07\/le_tour_du_monde-149.jpg 1100w, https:\/\/usagers-transports.haut-allier.eu\/wp-content\/uploads\/2024\/07\/le_tour_du_monde-149-206x300.jpg 206w, https:\/\/usagers-transports.haut-allier.eu\/wp-content\/uploads\/2024\/07\/le_tour_du_monde-149-702x1024.jpg 702w, https:\/\/usagers-transports.haut-allier.eu\/wp-content\/uploads\/2024\/07\/le_tour_du_monde-149-768x1120.jpg 768w, https:\/\/usagers-transports.haut-allier.eu\/wp-content\/uploads\/2024\/07\/le_tour_du_monde-149-1053x1536.jpg 1053w\" sizes=\"auto, (max-width: 1100px) 100vw, 1100px\" \/><br \/>\n<img loading=\"lazy\" decoding=\"async\" class=\" aligncenter size-full wp-image-5190\" src=\"http:\/\/5.45.101.177\/haut-allier\/usagers-transportse\/wp-content\/uploads\/2024\/07\/le_tour_du_monde-150.jpg\" alt=\"le_tour_du_monde-150.jpg\" align=\"center\" width=\"1076\" height=\"1591\" srcset=\"https:\/\/usagers-transports.haut-allier.eu\/wp-content\/uploads\/2024\/07\/le_tour_du_monde-150.jpg 1076w, https:\/\/usagers-transports.haut-allier.eu\/wp-content\/uploads\/2024\/07\/le_tour_du_monde-150-203x300.jpg 203w, https:\/\/usagers-transports.haut-allier.eu\/wp-content\/uploads\/2024\/07\/le_tour_du_monde-150-693x1024.jpg 693w, https:\/\/usagers-transports.haut-allier.eu\/wp-content\/uploads\/2024\/07\/le_tour_du_monde-150-768x1136.jpg 768w, https:\/\/usagers-transports.haut-allier.eu\/wp-content\/uploads\/2024\/07\/le_tour_du_monde-150-1039x1536.jpg 1039w\" sizes=\"auto, (max-width: 1076px) 100vw, 1076px\" \/><br \/>\n<img loading=\"lazy\" decoding=\"async\" class=\" aligncenter size-full wp-image-5191\" src=\"http:\/\/5.45.101.177\/haut-allier\/usagers-transportse\/wp-content\/uploads\/2024\/07\/le_tour_du_monde-151.jpg\" alt=\"le_tour_du_monde-151.jpg\" align=\"center\" width=\"1105\" height=\"1604\" srcset=\"https:\/\/usagers-transports.haut-allier.eu\/wp-content\/uploads\/2024\/07\/le_tour_du_monde-151.jpg 1105w, https:\/\/usagers-transports.haut-allier.eu\/wp-content\/uploads\/2024\/07\/le_tour_du_monde-151-207x300.jpg 207w, https:\/\/usagers-transports.haut-allier.eu\/wp-content\/uploads\/2024\/07\/le_tour_du_monde-151-705x1024.jpg 705w, https:\/\/usagers-transports.haut-allier.eu\/wp-content\/uploads\/2024\/07\/le_tour_du_monde-151-768x1115.jpg 768w, https:\/\/usagers-transports.haut-allier.eu\/wp-content\/uploads\/2024\/07\/le_tour_du_monde-151-1058x1536.jpg 1058w\" sizes=\"auto, (max-width: 1105px) 100vw, 1105px\" \/><br \/>\n<img loading=\"lazy\" decoding=\"async\" class=\" aligncenter size-full wp-image-5192\" src=\"http:\/\/5.45.101.177\/haut-allier\/usagers-transportse\/wp-content\/uploads\/2024\/07\/le_tour_du_monde-152.jpg\" alt=\"le_tour_du_monde-152.jpg\" align=\"center\" width=\"1081\" height=\"1591\" srcset=\"https:\/\/usagers-transports.haut-allier.eu\/wp-content\/uploads\/2024\/07\/le_tour_du_monde-152.jpg 1081w, https:\/\/usagers-transports.haut-allier.eu\/wp-content\/uploads\/2024\/07\/le_tour_du_monde-152-204x300.jpg 204w, https:\/\/usagers-transports.haut-allier.eu\/wp-content\/uploads\/2024\/07\/le_tour_du_monde-152-696x1024.jpg 696w, https:\/\/usagers-transports.haut-allier.eu\/wp-content\/uploads\/2024\/07\/le_tour_du_monde-152-768x1130.jpg 768w, https:\/\/usagers-transports.haut-allier.eu\/wp-content\/uploads\/2024\/07\/le_tour_du_monde-152-1044x1536.jpg 1044w\" sizes=\"auto, (max-width: 1081px) 100vw, 1081px\" \/><br \/>\n<img loading=\"lazy\" decoding=\"async\" class=\" aligncenter size-full wp-image-5193\" src=\"http:\/\/5.45.101.177\/haut-allier\/usagers-transportse\/wp-content\/uploads\/2024\/07\/le_tour_du_monde-153.jpg\" alt=\"le_tour_du_monde-153.jpg\" align=\"center\" width=\"1111\" height=\"1604\" srcset=\"https:\/\/usagers-transports.haut-allier.eu\/wp-content\/uploads\/2024\/07\/le_tour_du_monde-153.jpg 1111w, https:\/\/usagers-transports.haut-allier.eu\/wp-content\/uploads\/2024\/07\/le_tour_du_monde-153-208x300.jpg 208w, https:\/\/usagers-transports.haut-allier.eu\/wp-content\/uploads\/2024\/07\/le_tour_du_monde-153-709x1024.jpg 709w, https:\/\/usagers-transports.haut-allier.eu\/wp-content\/uploads\/2024\/07\/le_tour_du_monde-153-768x1109.jpg 768w, https:\/\/usagers-transports.haut-allier.eu\/wp-content\/uploads\/2024\/07\/le_tour_du_monde-153-1064x1536.jpg 1064w\" sizes=\"auto, (max-width: 1111px) 100vw, 1111px\" \/><br \/>\n<img loading=\"lazy\" decoding=\"async\" class=\" aligncenter size-full wp-image-5194\" src=\"http:\/\/5.45.101.177\/haut-allier\/usagers-transportse\/wp-content\/uploads\/2024\/07\/le_tour_du_monde-154.jpg\" alt=\"le_tour_du_monde-154.jpg\" align=\"center\" width=\"1070\" height=\"1594\" srcset=\"https:\/\/usagers-transports.haut-allier.eu\/wp-content\/uploads\/2024\/07\/le_tour_du_monde-154.jpg 1070w, https:\/\/usagers-transports.haut-allier.eu\/wp-content\/uploads\/2024\/07\/le_tour_du_monde-154-201x300.jpg 201w, https:\/\/usagers-transports.haut-allier.eu\/wp-content\/uploads\/2024\/07\/le_tour_du_monde-154-687x1024.jpg 687w, https:\/\/usagers-transports.haut-allier.eu\/wp-content\/uploads\/2024\/07\/le_tour_du_monde-154-768x1144.jpg 768w, https:\/\/usagers-transports.haut-allier.eu\/wp-content\/uploads\/2024\/07\/le_tour_du_monde-154-1031x1536.jpg 1031w\" sizes=\"auto, (max-width: 1070px) 100vw, 1070px\" \/><br \/>\n<img loading=\"lazy\" decoding=\"async\" class=\" aligncenter size-full wp-image-5195\" src=\"http:\/\/5.45.101.177\/haut-allier\/usagers-transportse\/wp-content\/uploads\/2024\/07\/le_tour_du_monde-155.jpg\" alt=\"le_tour_du_monde-155.jpg\" align=\"center\" width=\"1105\" height=\"1599\" srcset=\"https:\/\/usagers-transports.haut-allier.eu\/wp-content\/uploads\/2024\/07\/le_tour_du_monde-155.jpg 1105w, https:\/\/usagers-transports.haut-allier.eu\/wp-content\/uploads\/2024\/07\/le_tour_du_monde-155-207x300.jpg 207w, https:\/\/usagers-transports.haut-allier.eu\/wp-content\/uploads\/2024\/07\/le_tour_du_monde-155-708x1024.jpg 708w, https:\/\/usagers-transports.haut-allier.eu\/wp-content\/uploads\/2024\/07\/le_tour_du_monde-155-768x1111.jpg 768w, https:\/\/usagers-transports.haut-allier.eu\/wp-content\/uploads\/2024\/07\/le_tour_du_monde-155-1061x1536.jpg 1061w\" sizes=\"auto, (max-width: 1105px) 100vw, 1105px\" \/><br \/>\n<img loading=\"lazy\" decoding=\"async\" class=\" aligncenter size-full wp-image-5196\" src=\"http:\/\/5.45.101.177\/haut-allier\/usagers-transportse\/wp-content\/uploads\/2024\/07\/le_tour_du_monde-156.jpg\" alt=\"le_tour_du_monde-156.jpg\" align=\"center\" width=\"1084\" height=\"1591\" srcset=\"https:\/\/usagers-transports.haut-allier.eu\/wp-content\/uploads\/2024\/07\/le_tour_du_monde-156.jpg 1084w, https:\/\/usagers-transports.haut-allier.eu\/wp-content\/uploads\/2024\/07\/le_tour_du_monde-156-204x300.jpg 204w, https:\/\/usagers-transports.haut-allier.eu\/wp-content\/uploads\/2024\/07\/le_tour_du_monde-156-698x1024.jpg 698w, https:\/\/usagers-transports.haut-allier.eu\/wp-content\/uploads\/2024\/07\/le_tour_du_monde-156-768x1127.jpg 768w, https:\/\/usagers-transports.haut-allier.eu\/wp-content\/uploads\/2024\/07\/le_tour_du_monde-156-1047x1536.jpg 1047w\" sizes=\"auto, (max-width: 1084px) 100vw, 1084px\" \/><br \/>\n<img loading=\"lazy\" decoding=\"async\" class=\" aligncenter size-full wp-image-5197\" src=\"http:\/\/5.45.101.177\/haut-allier\/usagers-transportse\/wp-content\/uploads\/2024\/07\/le_tour_du_monde-157.jpg\" alt=\"le_tour_du_monde-157.jpg\" align=\"center\" width=\"1111\" height=\"1607\" srcset=\"https:\/\/usagers-transports.haut-allier.eu\/wp-content\/uploads\/2024\/07\/le_tour_du_monde-157.jpg 1111w, https:\/\/usagers-transports.haut-allier.eu\/wp-content\/uploads\/2024\/07\/le_tour_du_monde-157-207x300.jpg 207w, https:\/\/usagers-transports.haut-allier.eu\/wp-content\/uploads\/2024\/07\/le_tour_du_monde-157-708x1024.jpg 708w, https:\/\/usagers-transports.haut-allier.eu\/wp-content\/uploads\/2024\/07\/le_tour_du_monde-157-768x1111.jpg 768w, https:\/\/usagers-transports.haut-allier.eu\/wp-content\/uploads\/2024\/07\/le_tour_du_monde-157-1062x1536.jpg 1062w\" sizes=\"auto, (max-width: 1111px) 100vw, 1111px\" \/><br \/>\n<img loading=\"lazy\" decoding=\"async\" class=\" aligncenter size-full wp-image-5198\" src=\"http:\/\/5.45.101.177\/haut-allier\/usagers-transportse\/wp-content\/uploads\/2024\/07\/le_tour_du_monde-158.jpg\" alt=\"le_tour_du_monde-158.jpg\" align=\"center\" width=\"1081\" height=\"1591\" srcset=\"https:\/\/usagers-transports.haut-allier.eu\/wp-content\/uploads\/2024\/07\/le_tour_du_monde-158.jpg 1081w, https:\/\/usagers-transports.haut-allier.eu\/wp-content\/uploads\/2024\/07\/le_tour_du_monde-158-204x300.jpg 204w, https:\/\/usagers-transports.haut-allier.eu\/wp-content\/uploads\/2024\/07\/le_tour_du_monde-158-696x1024.jpg 696w, https:\/\/usagers-transports.haut-allier.eu\/wp-content\/uploads\/2024\/07\/le_tour_du_monde-158-768x1130.jpg 768w, https:\/\/usagers-transports.haut-allier.eu\/wp-content\/uploads\/2024\/07\/le_tour_du_monde-158-1044x1536.jpg 1044w\" sizes=\"auto, (max-width: 1081px) 100vw, 1081px\" \/><br \/>\n<img loading=\"lazy\" decoding=\"async\" class=\" aligncenter size-full wp-image-5199\" src=\"http:\/\/5.45.101.177\/haut-allier\/usagers-transportse\/wp-content\/uploads\/2024\/07\/le_tour_du_monde-159.jpg\" alt=\"le_tour_du_monde-159.jpg\" align=\"center\" width=\"1105\" height=\"1604\" srcset=\"https:\/\/usagers-transports.haut-allier.eu\/wp-content\/uploads\/2024\/07\/le_tour_du_monde-159.jpg 1105w, https:\/\/usagers-transports.haut-allier.eu\/wp-content\/uploads\/2024\/07\/le_tour_du_monde-159-207x300.jpg 207w, https:\/\/usagers-transports.haut-allier.eu\/wp-content\/uploads\/2024\/07\/le_tour_du_monde-159-705x1024.jpg 705w, https:\/\/usagers-transports.haut-allier.eu\/wp-content\/uploads\/2024\/07\/le_tour_du_monde-159-768x1115.jpg 768w, https:\/\/usagers-transports.haut-allier.eu\/wp-content\/uploads\/2024\/07\/le_tour_du_monde-159-1058x1536.jpg 1058w\" sizes=\"auto, (max-width: 1105px) 100vw, 1105px\" \/><br \/>\n<img loading=\"lazy\" decoding=\"async\" class=\" aligncenter size-full wp-image-5200\" src=\"http:\/\/5.45.101.177\/haut-allier\/usagers-transportse\/wp-content\/uploads\/2024\/07\/le_tour_du_monde-161.jpg\" alt=\"le_tour_du_monde-161.jpg\" align=\"center\" width=\"1100\" height=\"1602\" srcset=\"https:\/\/usagers-transports.haut-allier.eu\/wp-content\/uploads\/2024\/07\/le_tour_du_monde-161.jpg 1100w, https:\/\/usagers-transports.haut-allier.eu\/wp-content\/uploads\/2024\/07\/le_tour_du_monde-161-206x300.jpg 206w, https:\/\/usagers-transports.haut-allier.eu\/wp-content\/uploads\/2024\/07\/le_tour_du_monde-161-703x1024.jpg 703w, https:\/\/usagers-transports.haut-allier.eu\/wp-content\/uploads\/2024\/07\/le_tour_du_monde-161-768x1118.jpg 768w, https:\/\/usagers-transports.haut-allier.eu\/wp-content\/uploads\/2024\/07\/le_tour_du_monde-161-1055x1536.jpg 1055w\" sizes=\"auto, (max-width: 1100px) 100vw, 1100px\" \/><br \/>\n<img loading=\"lazy\" decoding=\"async\" class=\" aligncenter size-full wp-image-5201\" src=\"http:\/\/5.45.101.177\/haut-allier\/usagers-transportse\/wp-content\/uploads\/2024\/07\/le_tour_du_monde-160.jpg\" alt=\"le_tour_du_monde-160.jpg\" align=\"center\" width=\"1081\" height=\"1588\" srcset=\"https:\/\/usagers-transports.haut-allier.eu\/wp-content\/uploads\/2024\/07\/le_tour_du_monde-160.jpg 1081w, https:\/\/usagers-transports.haut-allier.eu\/wp-content\/uploads\/2024\/07\/le_tour_du_monde-160-204x300.jpg 204w, https:\/\/usagers-transports.haut-allier.eu\/wp-content\/uploads\/2024\/07\/le_tour_du_monde-160-697x1024.jpg 697w, https:\/\/usagers-transports.haut-allier.eu\/wp-content\/uploads\/2024\/07\/le_tour_du_monde-160-768x1128.jpg 768w, https:\/\/usagers-transports.haut-allier.eu\/wp-content\/uploads\/2024\/07\/le_tour_du_monde-160-1046x1536.jpg 1046w\" sizes=\"auto, (max-width: 1081px) 100vw, 1081px\" \/><\/p>\n","protected":false},"excerpt":{"rendered":"<p>A l&rsquo;occasion de l&rsquo;anniversaire de la construction de la ligne B\u00e9darieux &#8211; Millau, la partie sud de l&rsquo;ensemble<\/p>\n","protected":false},"author":1,"featured_media":5181,"comment_status":"closed","ping_status":"open","sticky":false,"template":"","format":"standard","meta":{"footnotes":""},"categories":[5],"tags":[],"class_list":["post-1118","post","type-post","status-publish","format-standard","has-post-thumbnail","hentry","category-ensemble"],"_links":{"self":[{"href":"https:\/\/usagers-transports.haut-allier.eu\/index.php\/wp-json\/wp\/v2\/posts\/1118","targetHints":{"allow":["GET"]}}],"collection":[{"href":"https:\/\/usagers-transports.haut-allier.eu\/index.php\/wp-json\/wp\/v2\/posts"}],"about":[{"href":"https:\/\/usagers-transports.haut-allier.eu\/index.php\/wp-json\/wp\/v2\/types\/post"}],"author":[{"embeddable":true,"href":"https:\/\/usagers-transports.haut-allier.eu\/index.php\/wp-json\/wp\/v2\/users\/1"}],"replies":[{"embeddable":true,"href":"https:\/\/usagers-transports.haut-allier.eu\/index.php\/wp-json\/wp\/v2\/comments?post=1118"}],"version-history":[{"count":0,"href":"https:\/\/usagers-transports.haut-allier.eu\/index.php\/wp-json\/wp\/v2\/posts\/1118\/revisions"}],"wp:featuredmedia":[{"embeddable":true,"href":"https:\/\/usagers-transports.haut-allier.eu\/index.php\/wp-json\/wp\/v2\/media\/5181"}],"wp:attachment":[{"href":"https:\/\/usagers-transports.haut-allier.eu\/index.php\/wp-json\/wp\/v2\/media?parent=1118"}],"wp:term":[{"taxonomy":"category","embeddable":true,"href":"https:\/\/usagers-transports.haut-allier.eu\/index.php\/wp-json\/wp\/v2\/categories?post=1118"},{"taxonomy":"post_tag","embeddable":true,"href":"https:\/\/usagers-transports.haut-allier.eu\/index.php\/wp-json\/wp\/v2\/tags?post=1118"}],"curies":[{"name":"wp","href":"https:\/\/api.w.org\/{rel}","templated":true}]}}