{"id":1119,"date":"2024-07-11T14:49:00","date_gmt":"2024-07-11T12:49:00","guid":{"rendered":"http:\/\/5.45.101.177\/haut-allier\/usagers-transportse\/index.php\/2024\/07\/11\/ligne-clermont-thiers-boen-st1119\/"},"modified":"2024-07-11T14:49:00","modified_gmt":"2024-07-11T12:49:00","slug":"ligne-clermont-thiers-boen-st1119","status":"publish","type":"post","link":"https:\/\/usagers-transports.haut-allier.eu\/index.php\/2024\/07\/11\/ligne-clermont-thiers-boen-st1119\/","title":{"rendered":"Ligne Clermont Thiers Bo\u00ebn St-Etienne : pour nuire \u00e0 sa r\u00e9ouverture SNCF R\u00e9seau pr\u00e9voit de la saboter \u00e0 2 passages \u00e0 niveaux [MAJ]"},"content":{"rendered":"<p>Malgr\u00e9 ses promesses envers l&rsquo;association LeTrain634269 et les assurances que le gestionnaire du r\u00e9seau a fait \u00e0 la r\u00e9gion Auvergne Rh\u00f4ne Alpes en 2020 lors de la premi\u00e8re tentative que nous avions emp\u00each\u00e9e&#8230; <\/p>\n<p>Voir :<br \/>\nhttps:\/\/usagers-transports.haut-allier.eu\/?ligne-clermont-ferrand-thiers,706<br \/>\nhttps:\/\/usagers-transports.haut-allier.eu\/?ligne-clermont-ferrand-thiers-boen,737<\/p>\n<p>&#8230;des panneaux ont \u00e9t\u00e9 pos\u00e9 cette semaine pr\u00e9voyant une nouvelle tentative \u00e0 partir de LUNDI 15 JUILLET 2024.<\/p>\n<p><img loading=\"lazy\" decoding=\"async\" class=\" aligncenter size-full wp-image-5203\" src=\"http:\/\/5.45.101.177\/haut-allier\/usagers-transportse\/wp-content\/uploads\/2024\/07\/img_20240709_131447.jpg\" alt=\"img_20240709_131447.jpg\" align=\"center\" width=\"1200\" height=\"1600\" srcset=\"https:\/\/usagers-transports.haut-allier.eu\/wp-content\/uploads\/2024\/07\/img_20240709_131447.jpg 1200w, https:\/\/usagers-transports.haut-allier.eu\/wp-content\/uploads\/2024\/07\/img_20240709_131447-225x300.jpg 225w, https:\/\/usagers-transports.haut-allier.eu\/wp-content\/uploads\/2024\/07\/img_20240709_131447-768x1024.jpg 768w, https:\/\/usagers-transports.haut-allier.eu\/wp-content\/uploads\/2024\/07\/img_20240709_131447-1152x1536.jpg 1152w\" sizes=\"auto, (max-width: 1200px) 100vw, 1200px\" \/> <\/p>\n<p>Ces travaux interviennent bizarrement alors que Madame la Pr\u00e9f\u00e8te de R\u00e9gion a ordonn\u00e9 \u00e0 SNCF R\u00e9seau de rencontrer l&rsquo;association alors que pour cette derni\u00e8re toute tentative a \u00e9t\u00e9 vaine jusqu&rsquo;\u00e0 pr\u00e9sent. La r\u00e9union va enfin avoir lieu dans quelques jours. <\/p>\n<p>Ainsi SNCF R\u00e9seau continue le sabotage d&rsquo;une ligne qui est potentiellement promise \u00e0 r\u00e9ouverture, voir les d\u00e9clarations de Laurent Wauquiez en f\u00e9vrier 2021 au sujet de cette entit\u00e9 : <em>\u00ab\u00a0Premi\u00e8rement, ils ne d\u00e9classeront pas la ligne. Et deuxi\u00e8mement, il n&rsquo;y aura pas de d\u00e9sactivation des passages \u00e0 niveaux et des barri\u00e8res. Il n&rsquo;y aura pas d&rsquo;arr\u00eat de mort de la ligne.\u00a0\u00bb<\/em><\/p>\n<p>Il s&rsquo;agit bien d&rsquo;une d\u00e9sactivation vu le goudronnage, le bitumage et la d\u00e9pose des rails envisag\u00e9s. Une d\u00e9cision de justice de la Cour administrative d&rsquo;appel de Lyon a \u00e9t\u00e9 rendue l&rsquo;an dernier (d\u00e9cision n\u00b0 21LY04213) en ce sens au sujet d&rsquo;un goudronnage voyou identique sur une ligne de l&rsquo;Ain. SNCF R\u00e9seau est coutumier du fait. C&rsquo;est pratique : pour arriver \u00e0 la fermeture d\u00e9finitive cel\u00e0 plombe les budgets de r\u00e9ouverture afin d&rsquo;en dissuader les \u00e9lus.<\/p>\n<p><strong>L&rsquo;association appelle \u00e0 un rassemblement lundi matin \u00e0 7h00 au Passage \u00e0 Niveau 74 \u00e0 Leigneux (Loire). Venez nombreux (ses) et faites des photos.<\/strong><\/p>\n<p>Une conf\u00e9rence de presse aura lieu sur place.<\/p>\n<p>Voici son communiqu\u00e9 :<\/p>\n<p><img loading=\"lazy\" decoding=\"async\" class=\" aligncenter size-full wp-image-5204\" src=\"http:\/\/5.45.101.177\/haut-allier\/usagers-transportse\/wp-content\/uploads\/2024\/07\/cp_lt634269_demantelement_pn_74_-61_page-0001-scaled.jpg\" alt=\"cp_lt634269_demantelement_pn_74_-61_page-0001.jpg\" align=\"center\" width=\"1810\" height=\"2560\" srcset=\"https:\/\/usagers-transports.haut-allier.eu\/wp-content\/uploads\/2024\/07\/cp_lt634269_demantelement_pn_74_-61_page-0001-scaled.jpg 1810w, https:\/\/usagers-transports.haut-allier.eu\/wp-content\/uploads\/2024\/07\/cp_lt634269_demantelement_pn_74_-61_page-0001-212x300.jpg 212w, https:\/\/usagers-transports.haut-allier.eu\/wp-content\/uploads\/2024\/07\/cp_lt634269_demantelement_pn_74_-61_page-0001-724x1024.jpg 724w, https:\/\/usagers-transports.haut-allier.eu\/wp-content\/uploads\/2024\/07\/cp_lt634269_demantelement_pn_74_-61_page-0001-768x1086.jpg 768w, https:\/\/usagers-transports.haut-allier.eu\/wp-content\/uploads\/2024\/07\/cp_lt634269_demantelement_pn_74_-61_page-0001-1086x1536.jpg 1086w, https:\/\/usagers-transports.haut-allier.eu\/wp-content\/uploads\/2024\/07\/cp_lt634269_demantelement_pn_74_-61_page-0001-1448x2048.jpg 1448w\" sizes=\"auto, (max-width: 1810px) 100vw, 1810px\" \/><\/p>\n<p>[fond rouge][blanc]<strong>[Mise \u00e0 jour du 12 juillet 7h00]<\/strong>[\/blanc][\/fond rouge]<\/p>\n<p><strong>Journ\u00e9e du 11 juillet d&rsquo;intense activit\u00e9 et de communication vers la presse et les \u00e9lus. Le rendez vous de Lundi est maintenu sur place \u00e0 Leigneux. <\/strong> <\/p>\n<p>[fond rouge][blanc]<strong>[Mise \u00e0 jour du 13 juillet 6h00]<\/strong>[\/blanc][\/fond rouge]<\/p>\n<p><strong>Hier l&rsquo;avocat qui a d\u00e9fendu le dossier du bitumage du passage \u00e0 niveau dans l&rsquo;Ain nous a contact\u00e9. Nous sommes d\u00e9sormais en relation, pr\u00eats \u00e0 l&rsquo;attaque.<\/p>\n<p>Hier aussi SNCF R\u00e9seau Loire a \u00e9voqu\u00e9 \u00ab\u00a0la suspension des travaux au vu du risque juridique\u00a0\u00bb \u00e0 plusieurs \u00e9lus. Si cel\u00e0 s&rsquo;av\u00e8re exact l&rsquo;association serait la premi\u00e8re \u00e0 avoir fait reculer le gestionnaire de l&rsquo;infrastructure en France !<\/p>\n<p>Nous maintenons notre vigileance et notre point presse de lundi matin.<br \/>\n<\/strong><\/p>\n<p>[fond rouge][blanc]<strong>[Mise \u00e0 jour du 15 juillet 16h00]<\/strong>[\/blanc][\/fond rouge]<\/p>\n<p>Nombreux pr\u00e9sents ce matin d\u00e8s 7h00 au point de rendez-vous. Homme de justice, F3 Auvergne Rh\u00f4ne Alpes, France Bleu, Le Progr\u00e8s etc&#8230; pour constater le recul de SNCF R\u00e9seau : ils ont enlev\u00e9 les pancartes de travaux sur les 2 passages \u00e0 niveaux, attendant apparemment qu&rsquo;une d\u00e9cision du Conseil d&rsquo;\u00e9tat soit rendue.<\/p>\n<p>Bravo \u00e0 toute l&rsquo;\u00e9quipe sur place ! Nous avons tous ensemble r\u00e9ussi \u00e0 faire reculer le gestionnaire de l&rsquo;infrastructure ferroviaire. C&rsquo;est une premi\u00e8re.<\/p>\n<p>Les travaux seront peut-\u00eatre report\u00e9s \u00e0 2025 comme l&rsquo;affirme SNCF R\u00e9seau <strong>SAUF si la justice lui donne tord<\/strong>, nous nous permettons de le rajouter.<\/p>\n<p>&#8211; Le journal t\u00e9l\u00e9vis\u00e9 de France 3 Rh\u00f4ne Alpes du 15 juillet \u00e0 12h00 :<\/p>\n<p><a href=\"http:\/\/5.45.101.177\/haut-allier\/usagers-transportse\/wp-content\/uploads\/2024\/07\/thiers-boen-jt-f3-rhone-alpes-15juillet2024.mp4\">thiers-boen-jt-f3-rhone-alpes-15juillet2024.mp4<\/a><\/p>\n<p>&#8211; France Bleu web du 15 juillet :<\/p>\n<p>https:\/\/www.francebleu.fr\/infos\/transports\/ligne-ter-boen-thiers-la-bitumisation-de-deux-passages-a-niveau-reportes-a-2025-1536366<\/p>\n<p><img loading=\"lazy\" decoding=\"async\" class=\" aligncenter size-full wp-image-5206\" src=\"http:\/\/5.45.101.177\/haut-allier\/usagers-transportse\/wp-content\/uploads\/2024\/07\/ligne-ter-boen-thiers-le-bitumage-de-deux-passages-a-niveau-reportes-a-2025-france-bleu-scaled.png\" alt=\"ligne-ter-boen-thiers-le-bitumage-de-deux-passages-a-niveau-reportes-a-2025-france-bleu.png\" align=\"center\" width=\"691\" height=\"2560\" srcset=\"https:\/\/usagers-transports.haut-allier.eu\/wp-content\/uploads\/2024\/07\/ligne-ter-boen-thiers-le-bitumage-de-deux-passages-a-niveau-reportes-a-2025-france-bleu-scaled.png 691w, https:\/\/usagers-transports.haut-allier.eu\/wp-content\/uploads\/2024\/07\/ligne-ter-boen-thiers-le-bitumage-de-deux-passages-a-niveau-reportes-a-2025-france-bleu-81x300.png 81w, https:\/\/usagers-transports.haut-allier.eu\/wp-content\/uploads\/2024\/07\/ligne-ter-boen-thiers-le-bitumage-de-deux-passages-a-niveau-reportes-a-2025-france-bleu-276x1024.png 276w, https:\/\/usagers-transports.haut-allier.eu\/wp-content\/uploads\/2024\/07\/ligne-ter-boen-thiers-le-bitumage-de-deux-passages-a-niveau-reportes-a-2025-france-bleu-768x2845.png 768w, https:\/\/usagers-transports.haut-allier.eu\/wp-content\/uploads\/2024\/07\/ligne-ter-boen-thiers-le-bitumage-de-deux-passages-a-niveau-reportes-a-2025-france-bleu-415x1536.png 415w, https:\/\/usagers-transports.haut-allier.eu\/wp-content\/uploads\/2024\/07\/ligne-ter-boen-thiers-le-bitumage-de-deux-passages-a-niveau-reportes-a-2025-france-bleu-553x2048.png 553w\" sizes=\"auto, (max-width: 691px) 100vw, 691px\" \/><\/p>\n<p>&#8211; Le journal t\u00e9l\u00e9vis\u00e9 de France 3 Rh\u00f4ne Alpes du 15 juillet \u00e0 19h00 :<\/p>\n<p><a href=\"http:\/\/5.45.101.177\/haut-allier\/usagers-transportse\/wp-content\/uploads\/2024\/07\/thiers-boen-jt-f3-rhone-alpes-15juillet2024-19h00.mp4\">thiers-boen-jt-f3-rhone-alpes-15juillet2024-19h00.mp4<\/a><\/p>\n<p>&#8211; France Bleu Pays d&rsquo;Auvergne du 16 juillet 8h00 :<\/p>\n<p><a href=\"http:\/\/5.45.101.177\/haut-allier\/usagers-transportse\/wp-content\/uploads\/2024\/07\/journal16juillet2024-fbpa-7h.mp3\">journal16juillet2024-fbpa-7h.mp3<\/a><\/p>\n<p>&#8211; If Saint-Etienne : un article toujours excellent du 16 juillet :<\/p>\n<p>https:\/\/www.if-saint-etienne.fr\/societe\/ligne-saint-etienne-clermont-goudronner-des-passages-a-niveau-cest-donner-un-signal<\/p>\n<p><img loading=\"lazy\" decoding=\"async\" class=\" aligncenter size-full wp-image-5209\" src=\"http:\/\/5.45.101.177\/haut-allier\/usagers-transportse\/wp-content\/uploads\/2024\/07\/ligne-saint-etienne-clermont-_-if-saint-etienne-scaled.png\" alt=\"ligne-saint-etienne-clermont-_-if-saint-etienne.png\" align=\"center\" width=\"562\" height=\"2560\" srcset=\"https:\/\/usagers-transports.haut-allier.eu\/wp-content\/uploads\/2024\/07\/ligne-saint-etienne-clermont-_-if-saint-etienne-scaled.png 562w, https:\/\/usagers-transports.haut-allier.eu\/wp-content\/uploads\/2024\/07\/ligne-saint-etienne-clermont-_-if-saint-etienne-66x300.png 66w, https:\/\/usagers-transports.haut-allier.eu\/wp-content\/uploads\/2024\/07\/ligne-saint-etienne-clermont-_-if-saint-etienne-225x1024.png 225w, https:\/\/usagers-transports.haut-allier.eu\/wp-content\/uploads\/2024\/07\/ligne-saint-etienne-clermont-_-if-saint-etienne-337x1536.png 337w\" sizes=\"auto, (max-width: 562px) 100vw, 562px\" \/><\/p>\n<p><em>[Photos sur place d&rsquo;Edmond Boisset]<\/em><\/p>\n","protected":false},"excerpt":{"rendered":"<p>Malgr\u00e9 ses promesses envers l&rsquo;association LeTrain634269 et les assurances que le gestionnaire du r\u00e9seau a fait \u00e0 la<\/p>\n","protected":false},"author":1,"featured_media":5202,"comment_status":"closed","ping_status":"open","sticky":false,"template":"","format":"standard","meta":{"footnotes":""},"categories":[5],"tags":[],"class_list":["post-1119","post","type-post","status-publish","format-standard","has-post-thumbnail","hentry","category-ensemble"],"_links":{"self":[{"href":"https:\/\/usagers-transports.haut-allier.eu\/index.php\/wp-json\/wp\/v2\/posts\/1119","targetHints":{"allow":["GET"]}}],"collection":[{"href":"https:\/\/usagers-transports.haut-allier.eu\/index.php\/wp-json\/wp\/v2\/posts"}],"about":[{"href":"https:\/\/usagers-transports.haut-allier.eu\/index.php\/wp-json\/wp\/v2\/types\/post"}],"author":[{"embeddable":true,"href":"https:\/\/usagers-transports.haut-allier.eu\/index.php\/wp-json\/wp\/v2\/users\/1"}],"replies":[{"embeddable":true,"href":"https:\/\/usagers-transports.haut-allier.eu\/index.php\/wp-json\/wp\/v2\/comments?post=1119"}],"version-history":[{"count":0,"href":"https:\/\/usagers-transports.haut-allier.eu\/index.php\/wp-json\/wp\/v2\/posts\/1119\/revisions"}],"wp:featuredmedia":[{"embeddable":true,"href":"https:\/\/usagers-transports.haut-allier.eu\/index.php\/wp-json\/wp\/v2\/media\/5202"}],"wp:attachment":[{"href":"https:\/\/usagers-transports.haut-allier.eu\/index.php\/wp-json\/wp\/v2\/media?parent=1119"}],"wp:term":[{"taxonomy":"category","embeddable":true,"href":"https:\/\/usagers-transports.haut-allier.eu\/index.php\/wp-json\/wp\/v2\/categories?post=1119"},{"taxonomy":"post_tag","embeddable":true,"href":"https:\/\/usagers-transports.haut-allier.eu\/index.php\/wp-json\/wp\/v2\/tags?post=1119"}],"curies":[{"name":"wp","href":"https:\/\/api.w.org\/{rel}","templated":true}]}}