{"id":112,"date":"2014-01-27T20:27:09","date_gmt":"2014-01-27T19:27:09","guid":{"rendered":"http:\/\/5.45.101.177\/haut-allier\/usagers-transportse\/index.php\/2014\/01\/27\/le-haut-allier-en-bus-cote-lozere112\/"},"modified":"2026-09-01T15:53:20","modified_gmt":"2026-09-01T13:53:20","slug":"le-haut-allier-en-bus-cote-lozere112","status":"publish","type":"post","link":"https:\/\/usagers-transports.haut-allier.eu\/index.php\/2014\/01\/27\/le-haut-allier-en-bus-cote-lozere112\/","title":{"rendered":"Le haut Allier en bus : c\u00f4t\u00e9 Loz\u00e8re"},"content":{"rendered":"<strong> <em>Cet article date de 2014 voir la carte PDF exacte des horaires en fin d&rsquo;article.<\/em> <\/strong>\n&nbsp;\nDans les hautes C\u00e9vennes et le haut Allier certaines liaisons ne sont possibles que par la route. Aujourd&rsquo;hui nous nous int\u00e9ressons aux lignes de bus de cette zone mises en place par le conseil g\u00e9n\u00e9ral de la Loz\u00e8re. Ci dessous la carte.\n&nbsp;\n<img loading=\"lazy\" decoding=\"async\" class=\" aligncenter size-full wp-image-1578\" src=\"http:\/\/5.45.101.177\/haut-allier\/usagers-transportse\/wp-content\/uploads\/2014\/01\/guide_transport-lozere.jpg\" alt=\"guide_transport-lozere.jpg\" align=\"center\" width=\"800\" height=\"574\" srcset=\"https:\/\/usagers-transports.haut-allier.eu\/wp-content\/uploads\/2014\/01\/guide_transport-lozere.jpg 800w, https:\/\/usagers-transports.haut-allier.eu\/wp-content\/uploads\/2014\/01\/guide_transport-lozere-300x215.jpg 300w, https:\/\/usagers-transports.haut-allier.eu\/wp-content\/uploads\/2014\/01\/guide_transport-lozere-768x551.jpg 768w\" sizes=\"auto, (max-width: 800px) 100vw, 800px\" \/>\n&nbsp;\nOn voit de suite que les lignes int\u00e9ressantes pour nous sont :\n&nbsp;\n&#8211; Mende &#8211; Langogne &#8211; Le Puy en Velay\n&nbsp;\n<img loading=\"lazy\" decoding=\"async\" class=\" aligncenter size-full wp-image-1579\" src=\"http:\/\/5.45.101.177\/haut-allier\/usagers-transportse\/wp-content\/uploads\/2014\/01\/guide_transport-le-puy.jpg\" alt=\"guide_transport-le-puy.jpg\" align=\"center\" width=\"518\" height=\"1356\" srcset=\"https:\/\/usagers-transports.haut-allier.eu\/wp-content\/uploads\/2014\/01\/guide_transport-le-puy.jpg 518w, https:\/\/usagers-transports.haut-allier.eu\/wp-content\/uploads\/2014\/01\/guide_transport-le-puy-115x300.jpg 115w, https:\/\/usagers-transports.haut-allier.eu\/wp-content\/uploads\/2014\/01\/guide_transport-le-puy-391x1024.jpg 391w\" sizes=\"auto, (max-width: 518px) 100vw, 518px\" \/>\n&nbsp;\n&#8211; Langogne &#8211; Aubenas\n&nbsp;\n<img loading=\"lazy\" decoding=\"async\" class=\" aligncenter size-full wp-image-1580\" src=\"http:\/\/5.45.101.177\/haut-allier\/usagers-transportse\/wp-content\/uploads\/2014\/01\/guide_transport-lozere-aubenas.jpg\" alt=\"guide_transport-lozere-aubenas.jpg\" align=\"center\" width=\"936\" height=\"535\" srcset=\"https:\/\/usagers-transports.haut-allier.eu\/wp-content\/uploads\/2014\/01\/guide_transport-lozere-aubenas.jpg 936w, https:\/\/usagers-transports.haut-allier.eu\/wp-content\/uploads\/2014\/01\/guide_transport-lozere-aubenas-300x171.jpg 300w, https:\/\/usagers-transports.haut-allier.eu\/wp-content\/uploads\/2014\/01\/guide_transport-lozere-aubenas-768x439.jpg 768w\" sizes=\"auto, (max-width: 936px) 100vw, 936px\" \/>\n&nbsp;\n&#8211; Grandrieu &#8211; Chateauneuf de Randon\n&nbsp;\n<img loading=\"lazy\" decoding=\"async\" class=\" aligncenter size-full wp-image-1581\" src=\"http:\/\/5.45.101.177\/haut-allier\/usagers-transportse\/wp-content\/uploads\/2014\/01\/guide_transport-lozere-chateauneufderandon.jpg\" alt=\"guide_transport-lozere-chateauneufderandon.jpg\" align=\"center\" width=\"976\" height=\"219\" srcset=\"https:\/\/usagers-transports.haut-allier.eu\/wp-content\/uploads\/2014\/01\/guide_transport-lozere-chateauneufderandon.jpg 976w, https:\/\/usagers-transports.haut-allier.eu\/wp-content\/uploads\/2014\/01\/guide_transport-lozere-chateauneufderandon-300x67.jpg 300w, https:\/\/usagers-transports.haut-allier.eu\/wp-content\/uploads\/2014\/01\/guide_transport-lozere-chateauneufderandon-768x172.jpg 768w\" sizes=\"auto, (max-width: 976px) 100vw, 976px\" \/>\n&nbsp;\nLes fr\u00e9quences ne sont pas tr\u00e8s \u00e9lev\u00e9es mais ces trajets peuvent d\u00e9panner. Par exemple quand le brinquebalant train C\u00e9venol est annul\u00e9 ou en panne&#8230; C&rsquo;est souvent moins cher qu&rsquo;\u00e0 la SNCF. Ci dessous la carte compl\u00e8te des liaisons en PDF.\n&nbsp;\n<a href=\"https:\/\/www.laregion.fr\/IMG\/pdf\/oc-1903-fhbus-48-252-3v_bd_04_.pdf\">oc-1903-fhbus-48-252-3v_bd_04_.pdf<\/a>\n\n\n\n\n\n<h2 class=\"wp-block-heading\">Documents joints<\/h2>\n\n\n\n<div class=\"wp-block-file\"><a href=\"http:\/\/5.45.101.177\/haut-allier\/usagers-transportse\/wp-content\/uploads\/2014\/01\/guide_transport-lozere.pdf\">guide_transport-lozere.pdf<\/a><\/div>\n\n\n","protected":false},"excerpt":{"rendered":"<p>Cet article date de 2014 voir la carte PDF exacte des horaires en fin d&rsquo;article. &nbsp; Dans les<\/p>\n","protected":false},"author":1,"featured_media":1577,"comment_status":"closed","ping_status":"open","sticky":false,"template":"","format":"standard","meta":{"footnotes":""},"categories":[4],"tags":[],"class_list":["post-112","post","type-post","status-publish","format-standard","has-post-thumbnail","hentry","category-en-bus"],"_links":{"self":[{"href":"https:\/\/usagers-transports.haut-allier.eu\/index.php\/wp-json\/wp\/v2\/posts\/112","targetHints":{"allow":["GET"]}}],"collection":[{"href":"https:\/\/usagers-transports.haut-allier.eu\/index.php\/wp-json\/wp\/v2\/posts"}],"about":[{"href":"https:\/\/usagers-transports.haut-allier.eu\/index.php\/wp-json\/wp\/v2\/types\/post"}],"author":[{"embeddable":true,"href":"https:\/\/usagers-transports.haut-allier.eu\/index.php\/wp-json\/wp\/v2\/users\/1"}],"replies":[{"embeddable":true,"href":"https:\/\/usagers-transports.haut-allier.eu\/index.php\/wp-json\/wp\/v2\/comments?post=112"}],"version-history":[{"count":1,"href":"https:\/\/usagers-transports.haut-allier.eu\/index.php\/wp-json\/wp\/v2\/posts\/112\/revisions"}],"predecessor-version":[{"id":1583,"href":"https:\/\/usagers-transports.haut-allier.eu\/index.php\/wp-json\/wp\/v2\/posts\/112\/revisions\/1583"}],"wp:featuredmedia":[{"embeddable":true,"href":"https:\/\/usagers-transports.haut-allier.eu\/index.php\/wp-json\/wp\/v2\/media\/1577"}],"wp:attachment":[{"href":"https:\/\/usagers-transports.haut-allier.eu\/index.php\/wp-json\/wp\/v2\/media?parent=112"}],"wp:term":[{"taxonomy":"category","embeddable":true,"href":"https:\/\/usagers-transports.haut-allier.eu\/index.php\/wp-json\/wp\/v2\/categories?post=112"},{"taxonomy":"post_tag","embeddable":true,"href":"https:\/\/usagers-transports.haut-allier.eu\/index.php\/wp-json\/wp\/v2\/tags?post=112"}],"curies":[{"name":"wp","href":"https:\/\/api.w.org\/{rel}","templated":true}]}}