{"id":1120,"date":"2024-07-20T19:16:24","date_gmt":"2024-07-20T17:16:24","guid":{"rendered":"http:\/\/5.45.101.177\/haut-allier\/usagers-transportse\/index.php\/2024\/07\/20\/ligne-du-train-translozerien-entre1120\/"},"modified":"2024-07-20T19:16:24","modified_gmt":"2024-07-20T17:16:24","slug":"ligne-du-train-translozerien-entre1120","status":"publish","type":"post","link":"https:\/\/usagers-transports.haut-allier.eu\/index.php\/2024\/07\/20\/ligne-du-train-translozerien-entre1120\/","title":{"rendered":"Rare : sur la ligne du Train Transloz\u00e9rien des rames du train C\u00e9venol [vid\u00e9o]"},"content":{"rendered":"<p>Un soir de juillet 2024 peu apr\u00e8s Chasserad\u00e8s (Loz\u00e8re) et sur le viaduc de Mirandol, il semble que depuis peu entre N\u00eemes et Mende s&rsquo;\u00e9garent quelques rames R\u00e9giolis Alstom issues des trains Lio (Occitanie) d\u00e9di\u00e9s \u00e0 la ligne des C\u00e9vennes.<\/p>\n<p>Il s&rsquo;agit en fait de la troisi\u00e8me rame de secours du train C\u00e9venol, les deux autres circulent en permanence entre Clermont Ferrand et N\u00eemes.<\/p>\n<p>Pas d&rsquo;\u00e9tonnement puisque la premi\u00e8re partie du trajet s&rsquo;effectue bien sur la ligne des C\u00e9vennes entre N\u00eemes et La Bastide Puylaurent mais on est plus habitu\u00e9 \u00e0 voir circuler des trains type AGC jusqu&rsquo;\u00e0 la la capitale loz\u00e9rienne.<\/p>\n<p><iframe loading=\"lazy\" width=\"560\" height=\"315\" src=\"https:\/\/www.youtube.com\/embed\/VPjjBVvu1-Q?si=cshUqNZKldD0BSIC\" title=\"YouTube video player\" frameborder=\"0\" allow=\"accelerometer; autoplay; clipboard-write; encrypted-media; gyroscope; picture-in-picture; web-share\" referrerpolicy=\"strict-origin-when-cross-origin\" allowfullscreen><\/iframe><br \/>\n&nbsp;<br \/>\nLa voie ferroviaire entre Mende et La Bastide est maintenant en tr\u00e8s bon \u00e9tat puisque la plupart des traverses ont \u00e9t\u00e9 remplac\u00e9es. 3000 de la section ouest, entre Mende et Le Monastier, sont en cours de traitement.<\/p>\n<p>De quoi disposer tr\u00e8s bient\u00f4t d&rsquo;un \u00ab\u00a0H\u00a0\u00bb loz\u00e9rien au top pour y faire rouler de nombreux TER entre Marvejols et La Bastide de mani\u00e8re cadenc\u00e9e, en remplacement des trop nombreux bus LIO sur le m\u00eame trajet.<\/p>\n<p>Emplacement de la prise de vue :<br \/>\n<img decoding=\"async\" src=\"IMG\/jpg\/visualisation-cartographique-geoportail-chasse.jpg\" alt=\"visualisation-cartographique-geoportail-chasse.jpg\" align=\"center\" \/><\/p>\n","protected":false},"excerpt":{"rendered":"<p>Un soir de juillet 2024 peu apr\u00e8s Chasserad\u00e8s (Loz\u00e8re) et sur le viaduc de Mirandol, il semble que<\/p>\n","protected":false},"author":1,"featured_media":5210,"comment_status":"closed","ping_status":"open","sticky":false,"template":"","format":"standard","meta":{"footnotes":""},"categories":[3],"tags":[],"class_list":["post-1120","post","type-post","status-publish","format-standard","has-post-thumbnail","hentry","category-en-train"],"_links":{"self":[{"href":"https:\/\/usagers-transports.haut-allier.eu\/index.php\/wp-json\/wp\/v2\/posts\/1120","targetHints":{"allow":["GET"]}}],"collection":[{"href":"https:\/\/usagers-transports.haut-allier.eu\/index.php\/wp-json\/wp\/v2\/posts"}],"about":[{"href":"https:\/\/usagers-transports.haut-allier.eu\/index.php\/wp-json\/wp\/v2\/types\/post"}],"author":[{"embeddable":true,"href":"https:\/\/usagers-transports.haut-allier.eu\/index.php\/wp-json\/wp\/v2\/users\/1"}],"replies":[{"embeddable":true,"href":"https:\/\/usagers-transports.haut-allier.eu\/index.php\/wp-json\/wp\/v2\/comments?post=1120"}],"version-history":[{"count":0,"href":"https:\/\/usagers-transports.haut-allier.eu\/index.php\/wp-json\/wp\/v2\/posts\/1120\/revisions"}],"wp:featuredmedia":[{"embeddable":true,"href":"https:\/\/usagers-transports.haut-allier.eu\/index.php\/wp-json\/wp\/v2\/media\/5210"}],"wp:attachment":[{"href":"https:\/\/usagers-transports.haut-allier.eu\/index.php\/wp-json\/wp\/v2\/media?parent=1120"}],"wp:term":[{"taxonomy":"category","embeddable":true,"href":"https:\/\/usagers-transports.haut-allier.eu\/index.php\/wp-json\/wp\/v2\/categories?post=1120"},{"taxonomy":"post_tag","embeddable":true,"href":"https:\/\/usagers-transports.haut-allier.eu\/index.php\/wp-json\/wp\/v2\/tags?post=1120"}],"curies":[{"name":"wp","href":"https:\/\/api.w.org\/{rel}","templated":true}]}}