{"id":1122,"date":"2024-07-24T06:30:00","date_gmt":"2024-07-24T04:30:00","guid":{"rendered":"http:\/\/5.45.101.177\/haut-allier\/usagers-transportse\/index.php\/2024\/07\/24\/140-ans-de-la-ligne-du1122\/"},"modified":"2024-07-24T06:30:00","modified_gmt":"2024-07-24T04:30:00","slug":"140-ans-de-la-ligne-du1122","status":"publish","type":"post","link":"https:\/\/usagers-transports.haut-allier.eu\/index.php\/2024\/07\/24\/140-ans-de-la-ligne-du1122\/","title":{"rendered":"140 ans de la ligne du Transloz\u00e9rien \u00e0 Marvejols : train sp\u00e9cial le 11 ao\u00fbt 2024"},"content":{"rendered":"<p>Le 11 ao\u00fbt 2024, on f\u00eate les 140 ans de la ligne La Bastide Mende Marvejols. Un train sp\u00e9cial sera affr\u00e9t\u00e9 par l&rsquo;association AP 2800 de Langogne jusqu&rsquo;\u00e0 Marvejols aller et retour.<\/p>\n<p>Les activit\u00e9s se passeront toute la journ\u00e9e \u00e0 Marvejols.<\/p>\n<p>La connexion avec le TER 873990 Villefort La bastide se fera le matin d\u00e9part 9h44 de Villefort arriv\u00e9e 10h03 \u00e0 La Bastide et retour le soir TER 873995 d\u00e9part 20h14 de La Bastide, Villefort \u00e0 20h34.<\/p>\n<p>Une journ\u00e9e magnifique au programme avec le son du moteur MGO r\u00e9sonnant sur les plateaux loz\u00e9riens.<\/p>\n<p>Pour les billets TER Villefort \/ Bastide Aller \/ Retour possibilit\u00e9 de tarif groupe.<\/p>\n<p><em>Le viaduc de S\u00e9nouard pr\u00e8s de Marvejols<\/em><br \/>\n<img loading=\"lazy\" decoding=\"async\" class=\" aligncenter size-full wp-image-5215\" src=\"http:\/\/5.45.101.177\/haut-allier\/usagers-transportse\/wp-content\/uploads\/2024\/07\/vlcsnap-2024-07-23-07h41m59s785.png\" alt=\"vlcsnap-2024-07-23-07h41m59s785.png\" align=\"center\" width=\"1280\" height=\"720\" srcset=\"https:\/\/usagers-transports.haut-allier.eu\/wp-content\/uploads\/2024\/07\/vlcsnap-2024-07-23-07h41m59s785.png 1280w, https:\/\/usagers-transports.haut-allier.eu\/wp-content\/uploads\/2024\/07\/vlcsnap-2024-07-23-07h41m59s785-300x169.png 300w, https:\/\/usagers-transports.haut-allier.eu\/wp-content\/uploads\/2024\/07\/vlcsnap-2024-07-23-07h41m59s785-1024x576.png 1024w, https:\/\/usagers-transports.haut-allier.eu\/wp-content\/uploads\/2024\/07\/vlcsnap-2024-07-23-07h41m59s785-768x432.png 768w\" sizes=\"auto, (max-width: 1280px) 100vw, 1280px\" \/><\/p>\n<p>Pour l&rsquo;achat des billets La Bastide Marvejols (train non SNCF) c&rsquo;est par ici :<\/p>\n<p>https:\/\/www.helloasso.com\/associations\/association-des-passionnes-de-l-x2800-train-bleu-du-sud-ap2800-tbs\/evenements\/140-ans-de-la-ligne-marvejols-mende<\/p>\n<p>Voici les deux affiches de la circulation sp\u00e9ciale et du programme de la journ\u00e9e.<\/p>\n<p><img loading=\"lazy\" decoding=\"async\" class=\" aligncenter size-full wp-image-5216\" src=\"http:\/\/5.45.101.177\/haut-allier\/usagers-transportse\/wp-content\/uploads\/2024\/07\/programme_11_aout_2024.jpg\" alt=\"programme_11_aout_2024.jpg\" align=\"center\" width=\"999\" height=\"1415\" srcset=\"https:\/\/usagers-transports.haut-allier.eu\/wp-content\/uploads\/2024\/07\/programme_11_aout_2024.jpg 999w, https:\/\/usagers-transports.haut-allier.eu\/wp-content\/uploads\/2024\/07\/programme_11_aout_2024-212x300.jpg 212w, https:\/\/usagers-transports.haut-allier.eu\/wp-content\/uploads\/2024\/07\/programme_11_aout_2024-723x1024.jpg 723w, https:\/\/usagers-transports.haut-allier.eu\/wp-content\/uploads\/2024\/07\/programme_11_aout_2024-768x1088.jpg 768w\" sizes=\"auto, (max-width: 999px) 100vw, 999px\" \/><\/p>\n<p><img loading=\"lazy\" decoding=\"async\" class=\" aligncenter size-full wp-image-5217\" src=\"http:\/\/5.45.101.177\/haut-allier\/usagers-transportse\/wp-content\/uploads\/2024\/07\/affiche_140_ans.jpg\" alt=\"affiche_140_ans.jpg\" align=\"center\" width=\"994\" height=\"1406\" srcset=\"https:\/\/usagers-transports.haut-allier.eu\/wp-content\/uploads\/2024\/07\/affiche_140_ans.jpg 994w, https:\/\/usagers-transports.haut-allier.eu\/wp-content\/uploads\/2024\/07\/affiche_140_ans-212x300.jpg 212w, https:\/\/usagers-transports.haut-allier.eu\/wp-content\/uploads\/2024\/07\/affiche_140_ans-724x1024.jpg 724w, https:\/\/usagers-transports.haut-allier.eu\/wp-content\/uploads\/2024\/07\/affiche_140_ans-768x1086.jpg 768w\" sizes=\"auto, (max-width: 994px) 100vw, 994px\" \/><\/p>\n","protected":false},"excerpt":{"rendered":"<p>Le 11 ao\u00fbt 2024, on f\u00eate les 140 ans de la ligne La Bastide Mende Marvejols. Un train<\/p>\n","protected":false},"author":1,"featured_media":5214,"comment_status":"closed","ping_status":"open","sticky":false,"template":"","format":"standard","meta":{"footnotes":""},"categories":[3],"tags":[],"class_list":["post-1122","post","type-post","status-publish","format-standard","has-post-thumbnail","hentry","category-en-train"],"_links":{"self":[{"href":"https:\/\/usagers-transports.haut-allier.eu\/index.php\/wp-json\/wp\/v2\/posts\/1122","targetHints":{"allow":["GET"]}}],"collection":[{"href":"https:\/\/usagers-transports.haut-allier.eu\/index.php\/wp-json\/wp\/v2\/posts"}],"about":[{"href":"https:\/\/usagers-transports.haut-allier.eu\/index.php\/wp-json\/wp\/v2\/types\/post"}],"author":[{"embeddable":true,"href":"https:\/\/usagers-transports.haut-allier.eu\/index.php\/wp-json\/wp\/v2\/users\/1"}],"replies":[{"embeddable":true,"href":"https:\/\/usagers-transports.haut-allier.eu\/index.php\/wp-json\/wp\/v2\/comments?post=1122"}],"version-history":[{"count":0,"href":"https:\/\/usagers-transports.haut-allier.eu\/index.php\/wp-json\/wp\/v2\/posts\/1122\/revisions"}],"wp:featuredmedia":[{"embeddable":true,"href":"https:\/\/usagers-transports.haut-allier.eu\/index.php\/wp-json\/wp\/v2\/media\/5214"}],"wp:attachment":[{"href":"https:\/\/usagers-transports.haut-allier.eu\/index.php\/wp-json\/wp\/v2\/media?parent=1122"}],"wp:term":[{"taxonomy":"category","embeddable":true,"href":"https:\/\/usagers-transports.haut-allier.eu\/index.php\/wp-json\/wp\/v2\/categories?post=1122"},{"taxonomy":"post_tag","embeddable":true,"href":"https:\/\/usagers-transports.haut-allier.eu\/index.php\/wp-json\/wp\/v2\/tags?post=1122"}],"curies":[{"name":"wp","href":"https:\/\/api.w.org\/{rel}","templated":true}]}}