{"id":1124,"date":"2024-08-05T08:45:48","date_gmt":"2024-08-05T06:45:48","guid":{"rendered":"http:\/\/5.45.101.177\/haut-allier\/usagers-transportse\/index.php\/2024\/08\/05\/140-ans-du-viaduc-de-garabit-le-211124\/"},"modified":"2026-09-01T16:08:46","modified_gmt":"2026-09-01T14:08:46","slug":"140-ans-du-viaduc-de-garabit-le-211124","status":"publish","type":"post","link":"https:\/\/usagers-transports.haut-allier.eu\/index.php\/2024\/08\/05\/140-ans-du-viaduc-de-garabit-le-211124\/","title":{"rendered":"140 ans du viaduc de Garabit : le 21 septembre journ\u00e9e festive"},"content":{"rendered":"La communaut\u00e9 de communes de Saint-Flour (Cantal) nous invite \u00e0 f\u00eater les 140 ans de l&#8217;embl\u00e9matique viaduc autour d&rsquo;un march\u00e9 des savoir-faire, de visites, de concerts et de nombreuses animations telles qu&rsquo;un d\u00e9jeuner \u00ab\u00a0de gala\u00a0\u00bb organis\u00e9 par les Toques d&rsquo;Auvergne au restaurant La M\u00e9ridienne pour la modique somme de 75 euros (il reste \u00e0 ce jour 83 places sur une capacit\u00e9 de 100 d&rsquo;apr\u00e8s leur site web).\n\n<img loading=\"lazy\" decoding=\"async\" class=\" aligncenter size-full wp-image-5226\" src=\"http:\/\/5.45.101.177\/haut-allier\/usagers-transportse\/wp-content\/uploads\/2024\/08\/visuel-toque-dauvergne-repas-v2.jpg\" alt=\"visuel-toque-dauvergne-repas-v2.jpg\" align=\"center\" width=\"800\" height=\"1335\" srcset=\"https:\/\/usagers-transports.haut-allier.eu\/wp-content\/uploads\/2024\/08\/visuel-toque-dauvergne-repas-v2.jpg 800w, https:\/\/usagers-transports.haut-allier.eu\/wp-content\/uploads\/2024\/08\/visuel-toque-dauvergne-repas-v2-180x300.jpg 180w, https:\/\/usagers-transports.haut-allier.eu\/wp-content\/uploads\/2024\/08\/visuel-toque-dauvergne-repas-v2-614x1024.jpg 614w, https:\/\/usagers-transports.haut-allier.eu\/wp-content\/uploads\/2024\/08\/visuel-toque-dauvergne-repas-v2-768x1282.jpg 768w\" sizes=\"auto, (max-width: 800px) 100vw, 800px\" \/>\n\nPour r\u00e9server :\nhttps:\/\/toquesauvergne.fr\/produit\/repas-au-viaduc-de-garabit-samedi-21-septembre-2024\/\n\nUne \u00e9vocation th\u00e9atrale y sera donn\u00e9e. Tout le programme de la journ\u00e9e et des autres jours peut se consulter sur le site de Saint-Flour Communaut\u00e9 :\n\n<blockquote class=\"wp-embedded-content\" data-secret=\"6dQlkykeFB\"><a href=\"https:\/\/saint-flour-communaute.fr\/evenements\/140-ans-viaduc-garabit\/\">Le Viaduc de Garabit f\u00eate ses 140 ans<\/a><\/blockquote><iframe loading=\"lazy\" class=\"wp-embedded-content\" sandbox=\"allow-scripts\" security=\"restricted\" style=\"position: absolute; visibility: hidden;\" title=\"\u00ab\u00a0Le Viaduc de Garabit f\u00eate ses 140 ans\u00a0\u00bb \u2014 SAINT FLOUR COMMUNAUT\u00c9\" src=\"https:\/\/saint-flour-communaute.fr\/evenements\/140-ans-viaduc-garabit\/embed\/#?secret=WQPKlyPnIf#?secret=6dQlkykeFB\" data-secret=\"6dQlkykeFB\" width=\"600\" height=\"338\" frameborder=\"0\" marginwidth=\"0\" marginheight=\"0\" scrolling=\"no\"><\/iframe>\n\n<img loading=\"lazy\" decoding=\"async\" class=\" aligncenter size-full wp-image-5227\" src=\"http:\/\/5.45.101.177\/haut-allier\/usagers-transportse\/wp-content\/uploads\/2024\/08\/affiche-du-21-septembre-140-ans-du-viaduc-de-garabit-v1.jpg\" alt=\"affiche-du-21-septembre-140-ans-du-viaduc-de-garabit-v1.jpg\" align=\"center\" width=\"800\" height=\"1130\" srcset=\"https:\/\/usagers-transports.haut-allier.eu\/wp-content\/uploads\/2024\/08\/affiche-du-21-septembre-140-ans-du-viaduc-de-garabit-v1.jpg 800w, https:\/\/usagers-transports.haut-allier.eu\/wp-content\/uploads\/2024\/08\/affiche-du-21-septembre-140-ans-du-viaduc-de-garabit-v1-212x300.jpg 212w, https:\/\/usagers-transports.haut-allier.eu\/wp-content\/uploads\/2024\/08\/affiche-du-21-septembre-140-ans-du-viaduc-de-garabit-v1-725x1024.jpg 725w, https:\/\/usagers-transports.haut-allier.eu\/wp-content\/uploads\/2024\/08\/affiche-du-21-septembre-140-ans-du-viaduc-de-garabit-v1-768x1085.jpg 768w\" sizes=\"auto, (max-width: 800px) 100vw, 800px\" \/>\n\nLa journ\u00e9e se cl\u00f4turera par un somptueux spectacle pyrotechnique, pr\u00e9cise le site.\n\nPar la m\u00eame occasion on f\u00eatera la r\u00e9habilitation des voies entre Andelat et Loubaresse que l&rsquo;\u00e9tat a accept\u00e9 de financer pratiquement seul pour 43 millions d&rsquo;euros. Le maillon faible de cette ligne des Causses sera ainsi enti\u00e8rement renouvell\u00e9. Il ne restera plus que le viaduc en lui-m\u00eame qu&rsquo;il faut repeindre en urgence sous peine d&rsquo;assister \u00e0 des d\u00e9gradations irr\u00e9versibles. Le trafic ferroviaire fret et voyageurs devrait reprendre le 31 octobre 2024.\n\n<em>Photo extraite de notre reportage en novembre 2021<\/em>\n<img loading=\"lazy\" decoding=\"async\" class=\" aligncenter size-full wp-image-5228\" src=\"http:\/\/5.45.101.177\/haut-allier\/usagers-transportse\/wp-content\/uploads\/2024\/08\/vlcsnap-2024-08-05-07h53m08s732-scaled.jpg\" alt=\"vlcsnap-2024-08-05-07h53m08s732.jpg\" align=\"center\" width=\"2560\" height=\"1350\" srcset=\"https:\/\/usagers-transports.haut-allier.eu\/wp-content\/uploads\/2024\/08\/vlcsnap-2024-08-05-07h53m08s732-scaled.jpg 2560w, https:\/\/usagers-transports.haut-allier.eu\/wp-content\/uploads\/2024\/08\/vlcsnap-2024-08-05-07h53m08s732-300x158.jpg 300w, https:\/\/usagers-transports.haut-allier.eu\/wp-content\/uploads\/2024\/08\/vlcsnap-2024-08-05-07h53m08s732-1024x540.jpg 1024w, https:\/\/usagers-transports.haut-allier.eu\/wp-content\/uploads\/2024\/08\/vlcsnap-2024-08-05-07h53m08s732-768x405.jpg 768w, https:\/\/usagers-transports.haut-allier.eu\/wp-content\/uploads\/2024\/08\/vlcsnap-2024-08-05-07h53m08s732-1536x810.jpg 1536w, https:\/\/usagers-transports.haut-allier.eu\/wp-content\/uploads\/2024\/08\/vlcsnap-2024-08-05-07h53m08s732-2048x1080.jpg 2048w\" sizes=\"auto, (max-width: 2560px) 100vw, 2560px\" \/> \n\nReste un gros point noir une fois ces travaux de r\u00e9habilitation effectu\u00e9s : la circulation des trains voyageurs au nord de Saint-Ch\u00e9ly d&rsquo;Apcher vers Neussargues et Clermont Ferrand. La r\u00e9gion Auvergne Rh\u00f4ne Alpes n&rsquo;a encore pr\u00e9vu aucun TER et seul circuleront \u00e0 la reprise l&rsquo;unique Intercit\u00e9s quotidien accompagn\u00e9 de sa ribambelle de bus AuRA et le train de fret d&rsquo;Arcelor Mital. Ce n&rsquo;est pas avec une telle offre de service que le train va gagner en estime aupr\u00e8s des populations.\n\nLe <a href=\"https:\/\/aurail.canalblog.com\"><em>collectif AuRAil<\/em><\/a> dont nous faisons partie a interpell\u00e9 la r\u00e9gion \u00e0 ce sujet.\n\nNos vid\u00e9os du viaduc :\n\n<iframe loading=\"lazy\" width=\"560\" height=\"315\" src=\"https:\/\/www.youtube.com\/embed\/GqQetyJOZZU?si=ZTYrkdKaBNEou8ub\" title=\"YouTube video player\" frameborder=\"0\" allow=\"accelerometer; autoplay; clipboard-write; encrypted-media; gyroscope; picture-in-picture; web-share\" referrerpolicy=\"strict-origin-when-cross-origin\" allowfullscreen><\/iframe>\n\n<iframe loading=\"lazy\" width=\"560\" height=\"315\" src=\"https:\/\/www.youtube.com\/embed\/9GV-mZyYUhY?si=RLo0AfEanxsoIH1u\" title=\"YouTube video player\" frameborder=\"0\" allow=\"accelerometer; autoplay; clipboard-write; encrypted-media; gyroscope; picture-in-picture; web-share\" referrerpolicy=\"strict-origin-when-cross-origin\" allowfullscreen><\/iframe>\n<p>&nbsp;<\/p>\n\n\t<figure class=\"wp-block-gallery columns-1 is-cropped wp-block-gallery-1 is-layout-flex wp-block-gallery-is-layout-flex\">\n\t\t<ul class=\"blocks-gallery-grid\">\n\t\t\t<li class=\"blocks-gallery-item\">\n\t\t\t\t<figure>\n\t\t\t\t\t\t\t\t\t\t\t<img loading=\"lazy\" decoding=\"async\" width=\"1777\" height=\"1000\" src=\"http:\/\/5.45.101.177\/haut-allier\/usagers-transportse\/wp-content\/uploads\/2024\/08\/vlcsnap-2024-08-05-07h44m13s477.jpg\"\n\t\t\t\t\t\t alt=\"vlcsnap-2024-08-05-07h44m13s477.jpg\"\n\t\t\t\t\t\t data-id=\"5229\"\n\t\t\t\t\t\t data-full-url=\"http:\/\/5.45.101.177\/haut-allier\/usagers-transportse\/wp-content\/uploads\/2024\/08\/vlcsnap-2024-08-05-07h44m13s477.jpg\"\n\t\t\t\t\t\t data-link=\"http:\/\/5.45.101.177\/haut-allier\/usagers-transportse\/attachment-vlcsnap-2024-08-05-07h44m13s477-jpg\/\"\n\t\t\t\t\t\t class=\"wp-image-5229\" srcset=\"https:\/\/usagers-transports.haut-allier.eu\/wp-content\/uploads\/2024\/08\/vlcsnap-2024-08-05-07h44m13s477.jpg 1777w, https:\/\/usagers-transports.haut-allier.eu\/wp-content\/uploads\/2024\/08\/vlcsnap-2024-08-05-07h44m13s477-300x169.jpg 300w, https:\/\/usagers-transports.haut-allier.eu\/wp-content\/uploads\/2024\/08\/vlcsnap-2024-08-05-07h44m13s477-1024x576.jpg 1024w, https:\/\/usagers-transports.haut-allier.eu\/wp-content\/uploads\/2024\/08\/vlcsnap-2024-08-05-07h44m13s477-768x432.jpg 768w, https:\/\/usagers-transports.haut-allier.eu\/wp-content\/uploads\/2024\/08\/vlcsnap-2024-08-05-07h44m13s477-1536x864.jpg 1536w\" sizes=\"auto, (max-width: 1777px) 100vw, 1777px\" \/>\n\t\t\t\t<\/figure>\n\t\t\t<\/li>\n\t\t<\/ul>\n\t<\/figure>\n","protected":false},"excerpt":{"rendered":"<p>La communaut\u00e9 de communes de Saint-Flour (Cantal) nous invite \u00e0 f\u00eater les 140 ans de l&#8217;embl\u00e9matique viaduc autour<\/p>\n","protected":false},"author":1,"featured_media":5225,"comment_status":"open","ping_status":"open","sticky":false,"template":"","format":"standard","meta":{"footnotes":""},"categories":[2],"tags":[],"class_list":["post-1124","post","type-post","status-publish","format-standard","has-post-thumbnail","hentry","category-infos"],"_links":{"self":[{"href":"https:\/\/usagers-transports.haut-allier.eu\/index.php\/wp-json\/wp\/v2\/posts\/1124","targetHints":{"allow":["GET"]}}],"collection":[{"href":"https:\/\/usagers-transports.haut-allier.eu\/index.php\/wp-json\/wp\/v2\/posts"}],"about":[{"href":"https:\/\/usagers-transports.haut-allier.eu\/index.php\/wp-json\/wp\/v2\/types\/post"}],"author":[{"embeddable":true,"href":"https:\/\/usagers-transports.haut-allier.eu\/index.php\/wp-json\/wp\/v2\/users\/1"}],"replies":[{"embeddable":true,"href":"https:\/\/usagers-transports.haut-allier.eu\/index.php\/wp-json\/wp\/v2\/comments?post=1124"}],"version-history":[{"count":1,"href":"https:\/\/usagers-transports.haut-allier.eu\/index.php\/wp-json\/wp\/v2\/posts\/1124\/revisions"}],"predecessor-version":[{"id":5230,"href":"https:\/\/usagers-transports.haut-allier.eu\/index.php\/wp-json\/wp\/v2\/posts\/1124\/revisions\/5230"}],"wp:featuredmedia":[{"embeddable":true,"href":"https:\/\/usagers-transports.haut-allier.eu\/index.php\/wp-json\/wp\/v2\/media\/5225"}],"wp:attachment":[{"href":"https:\/\/usagers-transports.haut-allier.eu\/index.php\/wp-json\/wp\/v2\/media?parent=1124"}],"wp:term":[{"taxonomy":"category","embeddable":true,"href":"https:\/\/usagers-transports.haut-allier.eu\/index.php\/wp-json\/wp\/v2\/categories?post=1124"},{"taxonomy":"post_tag","embeddable":true,"href":"https:\/\/usagers-transports.haut-allier.eu\/index.php\/wp-json\/wp\/v2\/tags?post=1124"}],"curies":[{"name":"wp","href":"https:\/\/api.w.org\/{rel}","templated":true}]}}